{"id":924,"date":"2018-07-08T12:45:37","date_gmt":"2018-07-08T15:45:37","guid":{"rendered":"https:\/\/www.casadocuidar.org.br\/website\/?p=924"},"modified":"2018-08-03T12:48:16","modified_gmt":"2018-08-03T15:48:16","slug":"nos-vemos-em-agosto","status":"publish","type":"post","link":"https:\/\/www.casadocuidar.org.br\/en\/blog\/nos-vemos-em-agosto\/","title":{"rendered":"Nos vemos em agosto!"},"content":{"rendered":"<p>M\u00f3dulo de dizer at\u00e9 breve!\u00a0<a class=\"profileLink\" href=\"https:\/\/www.facebook.com\/fernanda.rizzo.961?fref=mentions\" data-hovercard=\"\/ajax\/hovercard\/user.php?id=100007708141577&amp;extragetparams=%7B%22fref%22%3A%22mentions%22%7D\" data-hovercard-prefer-more-content-show=\"1\">Fernanda R. Di Lione<\/a> vai espalhar o AMOR em Madri&#8230; Levar\u00e1 com ela todo esse Afeto! Entregou-se a n\u00f3s com maestria! A Saudade j\u00e1 se instalou com a certeza que \u00c9 o AMOR que fica! Como ela mesma encerrou sua aula \u201cO valor da coisas n\u00e3o est\u00e1 no tempo que elas duram, mas na intensidade com que elas acontecem. Por isso existem momentos inesquec\u00edveis, coisas inexplic\u00e1veis e pessoas incompar\u00e1veis\u201d. (Fernando Pessoa). Nos vemos em Agosto no m\u00f3dulo que ser\u00e1 o inicio de mais um ciclo. Ser\u00e1 incompar\u00e1vel sim e com toda certeza tamb\u00e9m inesquec\u00edvel!Seguimos! F\u00ea OBRIGADA!<\/p>\n<p><a class=\"dt-pswp-item\" href=\"https:\/\/www.casadocuidar.org.br\/website\/wp-content\/uploads\/2018\/08\/36806944_2034152906625833_5853966778643775488_o.jpg\" data-dt-img-description=\"\" data-large_image_width=\"1160\" data-large_image_height=\"682\"><img decoding=\"async\" class=\"alignleft size-thumbnail wp-image-925\" src=\"https:\/\/www.casadocuidar.org.br\/website\/wp-content\/uploads\/2018\/08\/36806944_2034152906625833_5853966778643775488_o-150x150.jpg\" alt=\"\" width=\"150\" height=\"150\" srcset=\"https:\/\/www.casadocuidar.org.br\/website\/wp-content\/uploads\/2018\/08\/36806944_2034152906625833_5853966778643775488_o-150x150.jpg 150w, https:\/\/www.casadocuidar.org.br\/website\/wp-content\/uploads\/2018\/08\/36806944_2034152906625833_5853966778643775488_o-300x300.jpg 300w, https:\/\/www.casadocuidar.org.br\/website\/wp-content\/uploads\/2018\/08\/36806944_2034152906625833_5853966778643775488_o-200x200.jpg 200w\" sizes=\"(max-width: 150px) 100vw, 150px\" \/><\/a><a class=\"dt-pswp-item\" href=\"https:\/\/www.casadocuidar.org.br\/website\/wp-content\/uploads\/2018\/08\/36823880_2034152806625843_6390105467439284224_o.jpg\" data-dt-img-description=\"\" data-large_image_width=\"817\" data-large_image_height=\"1160\"><img decoding=\"async\" class=\"alignleft size-thumbnail wp-image-927\" src=\"https:\/\/www.casadocuidar.org.br\/website\/wp-content\/uploads\/2018\/08\/36823880_2034152806625843_6390105467439284224_o-150x150.jpg\" alt=\"\" width=\"150\" height=\"150\" srcset=\"https:\/\/www.casadocuidar.org.br\/website\/wp-content\/uploads\/2018\/08\/36823880_2034152806625843_6390105467439284224_o-150x150.jpg 150w, https:\/\/www.casadocuidar.org.br\/website\/wp-content\/uploads\/2018\/08\/36823880_2034152806625843_6390105467439284224_o-300x300.jpg 300w, https:\/\/www.casadocuidar.org.br\/website\/wp-content\/uploads\/2018\/08\/36823880_2034152806625843_6390105467439284224_o-200x200.jpg 200w\" sizes=\"(max-width: 150px) 100vw, 150px\" \/><\/a><a class=\"dt-pswp-item\" href=\"https:\/\/www.casadocuidar.org.br\/website\/wp-content\/uploads\/2018\/08\/36854860_2034152723292518_1341675833978257408_o.jpg\" data-dt-img-description=\"\" data-large_image_width=\"1160\" data-large_image_height=\"870\"><img decoding=\"async\" class=\"alignleft size-thumbnail wp-image-929\" src=\"https:\/\/www.casadocuidar.org.br\/website\/wp-content\/uploads\/2018\/08\/36854860_2034152723292518_1341675833978257408_o-150x150.jpg\" alt=\"\" width=\"150\" height=\"150\" srcset=\"https:\/\/www.casadocuidar.org.br\/website\/wp-content\/uploads\/2018\/08\/36854860_2034152723292518_1341675833978257408_o-150x150.jpg 150w, https:\/\/www.casadocuidar.org.br\/website\/wp-content\/uploads\/2018\/08\/36854860_2034152723292518_1341675833978257408_o-300x300.jpg 300w, https:\/\/www.casadocuidar.org.br\/website\/wp-content\/uploads\/2018\/08\/36854860_2034152723292518_1341675833978257408_o-200x200.jpg 200w\" sizes=\"(max-width: 150px) 100vw, 150px\" \/><\/a><a class=\"dt-pswp-item\" href=\"https:\/\/www.casadocuidar.org.br\/website\/wp-content\/uploads\/2018\/08\/36868163_2034152459959211_513666487894933504_o.jpg\" data-dt-img-description=\"\" data-large_image_width=\"1160\" data-large_image_height=\"653\"><img loading=\"lazy\" decoding=\"async\" class=\"alignleft size-thumbnail wp-image-931\" src=\"https:\/\/www.casadocuidar.org.br\/website\/wp-content\/uploads\/2018\/08\/36868163_2034152459959211_513666487894933504_o-150x150.jpg\" alt=\"\" width=\"150\" height=\"150\" srcset=\"https:\/\/www.casadocuidar.org.br\/website\/wp-content\/uploads\/2018\/08\/36868163_2034152459959211_513666487894933504_o-150x150.jpg 150w, https:\/\/www.casadocuidar.org.br\/website\/wp-content\/uploads\/2018\/08\/36868163_2034152459959211_513666487894933504_o-300x300.jpg 300w, https:\/\/www.casadocuidar.org.br\/website\/wp-content\/uploads\/2018\/08\/36868163_2034152459959211_513666487894933504_o-200x200.jpg 200w\" sizes=\"(max-width: 150px) 100vw, 150px\" \/><\/a><a class=\"dt-pswp-item\" href=\"https:\/\/www.casadocuidar.org.br\/website\/wp-content\/uploads\/2018\/08\/36880771_2034153076625816_6993689410663350272_o.jpg\" data-dt-img-description=\"\" data-large_image_width=\"1085\" data-large_image_height=\"960\"><img loading=\"lazy\" decoding=\"async\" class=\"alignleft size-thumbnail wp-image-933\" src=\"https:\/\/www.casadocuidar.org.br\/website\/wp-content\/uploads\/2018\/08\/36880771_2034153076625816_6993689410663350272_o-150x150.jpg\" alt=\"\" width=\"150\" height=\"150\" srcset=\"https:\/\/www.casadocuidar.org.br\/website\/wp-content\/uploads\/2018\/08\/36880771_2034153076625816_6993689410663350272_o-150x150.jpg 150w, https:\/\/www.casadocuidar.org.br\/website\/wp-content\/uploads\/2018\/08\/36880771_2034153076625816_6993689410663350272_o-300x300.jpg 300w, https:\/\/www.casadocuidar.org.br\/website\/wp-content\/uploads\/2018\/08\/36880771_2034153076625816_6993689410663350272_o-200x200.jpg 200w\" sizes=\"(max-width: 150px) 100vw, 150px\" \/><\/a><\/p>\n","protected":false},"excerpt":{"rendered":"<p>M\u00f3dulo de dizer at\u00e9 breve!\u00a0Fernanda R. Di Lione vai espalhar o AMOR em Madri&#8230; Levar\u00e1 com ela todo esse Afeto! Entregou-se a n\u00f3s com maestria! A Saudade j\u00e1 se instalou com a certeza que \u00c9 o AMOR que fica! Como ela mesma encerrou sua aula \u201cO valor da coisas n\u00e3o est\u00e1 no tempo que elas&hellip;<\/p>\n","protected":false},"author":1,"featured_media":931,"comment_status":"open","ping_status":"closed","sticky":false,"template":"","format":"standard","meta":{"_acf_changed":false,"footnotes":""},"categories":[23],"tags":[],"class_list":["post-924","post","type-post","status-publish","format-standard","has-post-thumbnail","hentry","category-blog","category-23","description-off"],"acf":[],"yoast_head":"<!-- This site is optimized with the Yoast SEO plugin v27.4 - https:\/\/yoast.com\/product\/yoast-seo-wordpress\/ -->\n<title>Nos vemos em agosto! - Casa do Cuidar<\/title>\n<meta name=\"robots\" content=\"index, follow, max-snippet:-1, max-image-preview:large, max-video-preview:-1\" \/>\n<link rel=\"canonical\" href=\"https:\/\/www.casadocuidar.org.br\/blog\/nos-vemos-em-agosto\/\" \/>\n<meta property=\"og:locale\" content=\"en_US\" \/>\n<meta property=\"og:type\" content=\"article\" \/>\n<meta property=\"og:title\" content=\"Nos vemos em agosto! - Casa do Cuidar\" \/>\n<meta property=\"og:description\" content=\"M\u00f3dulo de dizer at\u00e9 breve!\u00a0Fernanda R. Di Lione vai espalhar o AMOR em Madri&#8230; Levar\u00e1 com ela todo esse Afeto! Entregou-se a n\u00f3s com maestria! A Saudade j\u00e1 se instalou com a certeza que \u00c9 o AMOR que fica! Como ela mesma encerrou sua aula \u201cO valor da coisas n\u00e3o est\u00e1 no tempo que elas&hellip;\" \/>\n<meta property=\"og:url\" content=\"https:\/\/www.casadocuidar.org.br\/blog\/nos-vemos-em-agosto\/\" \/>\n<meta property=\"og:site_name\" content=\"Casa do Cuidar\" \/>\n<meta property=\"article:published_time\" content=\"2018-07-08T15:45:37+00:00\" \/>\n<meta property=\"article:modified_time\" content=\"2018-08-03T15:48:16+00:00\" \/>\n<meta property=\"og:image\" content=\"https:\/\/www.casadocuidar.org.br\/website\/wp-content\/uploads\/2018\/08\/36868163_2034152459959211_513666487894933504_o.jpg\" \/>\n\t<meta property=\"og:image:width\" content=\"1160\" \/>\n\t<meta property=\"og:image:height\" content=\"653\" \/>\n\t<meta property=\"og:image:type\" content=\"image\/jpeg\" \/>\n<meta name=\"author\" content=\"Casa do Cuidar\" \/>\n<meta name=\"twitter:card\" content=\"summary_large_image\" \/>\n<meta name=\"twitter:label1\" content=\"Written by\" \/>\n\t<meta name=\"twitter:data1\" content=\"Casa do Cuidar\" \/>\n\t<meta name=\"twitter:label2\" content=\"Est. reading time\" \/>\n\t<meta name=\"twitter:data2\" content=\"1 minute\" \/>\n<script type=\"application\/ld+json\" class=\"yoast-schema-graph\">{\"@context\":\"https:\\\/\\\/schema.org\",\"@graph\":[{\"@type\":\"Article\",\"@id\":\"https:\\\/\\\/www.casadocuidar.org.br\\\/blog\\\/nos-vemos-em-agosto\\\/#article\",\"isPartOf\":{\"@id\":\"https:\\\/\\\/www.casadocuidar.org.br\\\/blog\\\/nos-vemos-em-agosto\\\/\"},\"author\":{\"name\":\"Casa do Cuidar\",\"@id\":\"https:\\\/\\\/www.casadocuidar.org.br\\\/#\\\/schema\\\/person\\\/5d8486dbe13a88a6dd6b40aea91d2c5b\"},\"headline\":\"Nos vemos em agosto!\",\"datePublished\":\"2018-07-08T15:45:37+00:00\",\"dateModified\":\"2018-08-03T15:48:16+00:00\",\"mainEntityOfPage\":{\"@id\":\"https:\\\/\\\/www.casadocuidar.org.br\\\/blog\\\/nos-vemos-em-agosto\\\/\"},\"wordCount\":115,\"commentCount\":0,\"publisher\":{\"@id\":\"https:\\\/\\\/www.casadocuidar.org.br\\\/#organization\"},\"image\":{\"@id\":\"https:\\\/\\\/www.casadocuidar.org.br\\\/blog\\\/nos-vemos-em-agosto\\\/#primaryimage\"},\"thumbnailUrl\":\"https:\\\/\\\/www.casadocuidar.org.br\\\/website\\\/wp-content\\\/uploads\\\/2018\\\/08\\\/36868163_2034152459959211_513666487894933504_o.jpg\",\"articleSection\":[\"Blog\"],\"inLanguage\":\"en-US\",\"potentialAction\":[{\"@type\":\"CommentAction\",\"name\":\"Comment\",\"target\":[\"https:\\\/\\\/www.casadocuidar.org.br\\\/blog\\\/nos-vemos-em-agosto\\\/#respond\"]}]},{\"@type\":\"WebPage\",\"@id\":\"https:\\\/\\\/www.casadocuidar.org.br\\\/blog\\\/nos-vemos-em-agosto\\\/\",\"url\":\"https:\\\/\\\/www.casadocuidar.org.br\\\/blog\\\/nos-vemos-em-agosto\\\/\",\"name\":\"Nos vemos em agosto! - Casa do Cuidar\",\"isPartOf\":{\"@id\":\"https:\\\/\\\/www.casadocuidar.org.br\\\/#website\"},\"primaryImageOfPage\":{\"@id\":\"https:\\\/\\\/www.casadocuidar.org.br\\\/blog\\\/nos-vemos-em-agosto\\\/#primaryimage\"},\"image\":{\"@id\":\"https:\\\/\\\/www.casadocuidar.org.br\\\/blog\\\/nos-vemos-em-agosto\\\/#primaryimage\"},\"thumbnailUrl\":\"https:\\\/\\\/www.casadocuidar.org.br\\\/website\\\/wp-content\\\/uploads\\\/2018\\\/08\\\/36868163_2034152459959211_513666487894933504_o.jpg\",\"datePublished\":\"2018-07-08T15:45:37+00:00\",\"dateModified\":\"2018-08-03T15:48:16+00:00\",\"breadcrumb\":{\"@id\":\"https:\\\/\\\/www.casadocuidar.org.br\\\/blog\\\/nos-vemos-em-agosto\\\/#breadcrumb\"},\"inLanguage\":\"en-US\",\"potentialAction\":[{\"@type\":\"ReadAction\",\"target\":[\"https:\\\/\\\/www.casadocuidar.org.br\\\/blog\\\/nos-vemos-em-agosto\\\/\"]}]},{\"@type\":\"ImageObject\",\"inLanguage\":\"en-US\",\"@id\":\"https:\\\/\\\/www.casadocuidar.org.br\\\/blog\\\/nos-vemos-em-agosto\\\/#primaryimage\",\"url\":\"https:\\\/\\\/www.casadocuidar.org.br\\\/website\\\/wp-content\\\/uploads\\\/2018\\\/08\\\/36868163_2034152459959211_513666487894933504_o.jpg\",\"contentUrl\":\"https:\\\/\\\/www.casadocuidar.org.br\\\/website\\\/wp-content\\\/uploads\\\/2018\\\/08\\\/36868163_2034152459959211_513666487894933504_o.jpg\",\"width\":1160,\"height\":653},{\"@type\":\"BreadcrumbList\",\"@id\":\"https:\\\/\\\/www.casadocuidar.org.br\\\/blog\\\/nos-vemos-em-agosto\\\/#breadcrumb\",\"itemListElement\":[{\"@type\":\"ListItem\",\"position\":1,\"name\":\"In\u00edcio\",\"item\":\"https:\\\/\\\/www.casadocuidar.org.br\\\/en\\\/\"},{\"@type\":\"ListItem\",\"position\":2,\"name\":\"Nos vemos em agosto!\"}]},{\"@type\":\"WebSite\",\"@id\":\"https:\\\/\\\/www.casadocuidar.org.br\\\/#website\",\"url\":\"https:\\\/\\\/www.casadocuidar.org.br\\\/\",\"name\":\"Casa do Cuidar\",\"description\":\"Pr\u00e1tica e ensino em cuidados paliativos\",\"publisher\":{\"@id\":\"https:\\\/\\\/www.casadocuidar.org.br\\\/#organization\"},\"potentialAction\":[{\"@type\":\"SearchAction\",\"target\":{\"@type\":\"EntryPoint\",\"urlTemplate\":\"https:\\\/\\\/www.casadocuidar.org.br\\\/?s={search_term_string}\"},\"query-input\":{\"@type\":\"PropertyValueSpecification\",\"valueRequired\":true,\"valueName\":\"search_term_string\"}}],\"inLanguage\":\"en-US\"},{\"@type\":\"Organization\",\"@id\":\"https:\\\/\\\/www.casadocuidar.org.br\\\/#organization\",\"name\":\"Casa do Cuidar \u2013 Pr\u00e1tica e ensino em cuidados paliativos\",\"url\":\"https:\\\/\\\/www.casadocuidar.org.br\\\/\",\"logo\":{\"@type\":\"ImageObject\",\"inLanguage\":\"en-US\",\"@id\":\"https:\\\/\\\/www.casadocuidar.org.br\\\/#\\\/schema\\\/logo\\\/image\\\/\",\"url\":\"https:\\\/\\\/www.casadocuidar.org.br\\\/website\\\/wp-content\\\/uploads\\\/2018\\\/08\\\/casadocuidar-logoshare.png\",\"contentUrl\":\"https:\\\/\\\/www.casadocuidar.org.br\\\/website\\\/wp-content\\\/uploads\\\/2018\\\/08\\\/casadocuidar-logoshare.png\",\"width\":500,\"height\":500,\"caption\":\"Casa do Cuidar \u2013 Pr\u00e1tica e ensino em cuidados paliativos\"},\"image\":{\"@id\":\"https:\\\/\\\/www.casadocuidar.org.br\\\/#\\\/schema\\\/logo\\\/image\\\/\"}},{\"@type\":\"Person\",\"@id\":\"https:\\\/\\\/www.casadocuidar.org.br\\\/#\\\/schema\\\/person\\\/5d8486dbe13a88a6dd6b40aea91d2c5b\",\"name\":\"Casa do Cuidar\",\"image\":{\"@type\":\"ImageObject\",\"inLanguage\":\"en-US\",\"@id\":\"https:\\\/\\\/secure.gravatar.com\\\/avatar\\\/a541283949c7bab9ba4ffc45152502c19a06dfbcb0af94e6b46d94a21476ffae?s=96&d=mm&r=g\",\"url\":\"https:\\\/\\\/secure.gravatar.com\\\/avatar\\\/a541283949c7bab9ba4ffc45152502c19a06dfbcb0af94e6b46d94a21476ffae?s=96&d=mm&r=g\",\"contentUrl\":\"https:\\\/\\\/secure.gravatar.com\\\/avatar\\\/a541283949c7bab9ba4ffc45152502c19a06dfbcb0af94e6b46d94a21476ffae?s=96&d=mm&r=g\",\"caption\":\"Casa do Cuidar\"}}]}<\/script>\n<!-- \/ Yoast SEO plugin. -->","yoast_head_json":{"title":"Nos vemos em agosto! - Casa do Cuidar","robots":{"index":"index","follow":"follow","max-snippet":"max-snippet:-1","max-image-preview":"max-image-preview:large","max-video-preview":"max-video-preview:-1"},"canonical":"https:\/\/www.casadocuidar.org.br\/blog\/nos-vemos-em-agosto\/","og_locale":"en_US","og_type":"article","og_title":"Nos vemos em agosto! - Casa do Cuidar","og_description":"M\u00f3dulo de dizer at\u00e9 breve!\u00a0Fernanda R. Di Lione vai espalhar o AMOR em Madri&#8230; Levar\u00e1 com ela todo esse Afeto! Entregou-se a n\u00f3s com maestria! A Saudade j\u00e1 se instalou com a certeza que \u00c9 o AMOR que fica! Como ela mesma encerrou sua aula \u201cO valor da coisas n\u00e3o est\u00e1 no tempo que elas&hellip;","og_url":"https:\/\/www.casadocuidar.org.br\/blog\/nos-vemos-em-agosto\/","og_site_name":"Casa do Cuidar","article_published_time":"2018-07-08T15:45:37+00:00","article_modified_time":"2018-08-03T15:48:16+00:00","og_image":[{"width":1160,"height":653,"url":"https:\/\/www.casadocuidar.org.br\/website\/wp-content\/uploads\/2018\/08\/36868163_2034152459959211_513666487894933504_o.jpg","type":"image\/jpeg"}],"author":"Casa do Cuidar","twitter_card":"summary_large_image","twitter_misc":{"Written by":"Casa do Cuidar","Est. reading time":"1 minute"},"schema":{"@context":"https:\/\/schema.org","@graph":[{"@type":"Article","@id":"https:\/\/www.casadocuidar.org.br\/blog\/nos-vemos-em-agosto\/#article","isPartOf":{"@id":"https:\/\/www.casadocuidar.org.br\/blog\/nos-vemos-em-agosto\/"},"author":{"name":"Casa do Cuidar","@id":"https:\/\/www.casadocuidar.org.br\/#\/schema\/person\/5d8486dbe13a88a6dd6b40aea91d2c5b"},"headline":"Nos vemos em agosto!","datePublished":"2018-07-08T15:45:37+00:00","dateModified":"2018-08-03T15:48:16+00:00","mainEntityOfPage":{"@id":"https:\/\/www.casadocuidar.org.br\/blog\/nos-vemos-em-agosto\/"},"wordCount":115,"commentCount":0,"publisher":{"@id":"https:\/\/www.casadocuidar.org.br\/#organization"},"image":{"@id":"https:\/\/www.casadocuidar.org.br\/blog\/nos-vemos-em-agosto\/#primaryimage"},"thumbnailUrl":"https:\/\/www.casadocuidar.org.br\/website\/wp-content\/uploads\/2018\/08\/36868163_2034152459959211_513666487894933504_o.jpg","articleSection":["Blog"],"inLanguage":"en-US","potentialAction":[{"@type":"CommentAction","name":"Comment","target":["https:\/\/www.casadocuidar.org.br\/blog\/nos-vemos-em-agosto\/#respond"]}]},{"@type":"WebPage","@id":"https:\/\/www.casadocuidar.org.br\/blog\/nos-vemos-em-agosto\/","url":"https:\/\/www.casadocuidar.org.br\/blog\/nos-vemos-em-agosto\/","name":"Nos vemos em agosto! - Casa do Cuidar","isPartOf":{"@id":"https:\/\/www.casadocuidar.org.br\/#website"},"primaryImageOfPage":{"@id":"https:\/\/www.casadocuidar.org.br\/blog\/nos-vemos-em-agosto\/#primaryimage"},"image":{"@id":"https:\/\/www.casadocuidar.org.br\/blog\/nos-vemos-em-agosto\/#primaryimage"},"thumbnailUrl":"https:\/\/www.casadocuidar.org.br\/website\/wp-content\/uploads\/2018\/08\/36868163_2034152459959211_513666487894933504_o.jpg","datePublished":"2018-07-08T15:45:37+00:00","dateModified":"2018-08-03T15:48:16+00:00","breadcrumb":{"@id":"https:\/\/www.casadocuidar.org.br\/blog\/nos-vemos-em-agosto\/#breadcrumb"},"inLanguage":"en-US","potentialAction":[{"@type":"ReadAction","target":["https:\/\/www.casadocuidar.org.br\/blog\/nos-vemos-em-agosto\/"]}]},{"@type":"ImageObject","inLanguage":"en-US","@id":"https:\/\/www.casadocuidar.org.br\/blog\/nos-vemos-em-agosto\/#primaryimage","url":"https:\/\/www.casadocuidar.org.br\/website\/wp-content\/uploads\/2018\/08\/36868163_2034152459959211_513666487894933504_o.jpg","contentUrl":"https:\/\/www.casadocuidar.org.br\/website\/wp-content\/uploads\/2018\/08\/36868163_2034152459959211_513666487894933504_o.jpg","width":1160,"height":653},{"@type":"BreadcrumbList","@id":"https:\/\/www.casadocuidar.org.br\/blog\/nos-vemos-em-agosto\/#breadcrumb","itemListElement":[{"@type":"ListItem","position":1,"name":"In\u00edcio","item":"https:\/\/www.casadocuidar.org.br\/en\/"},{"@type":"ListItem","position":2,"name":"Nos vemos em agosto!"}]},{"@type":"WebSite","@id":"https:\/\/www.casadocuidar.org.br\/#website","url":"https:\/\/www.casadocuidar.org.br\/","name":"Casa do Cuidar","description":"Pr\u00e1tica e ensino em cuidados paliativos","publisher":{"@id":"https:\/\/www.casadocuidar.org.br\/#organization"},"potentialAction":[{"@type":"SearchAction","target":{"@type":"EntryPoint","urlTemplate":"https:\/\/www.casadocuidar.org.br\/?s={search_term_string}"},"query-input":{"@type":"PropertyValueSpecification","valueRequired":true,"valueName":"search_term_string"}}],"inLanguage":"en-US"},{"@type":"Organization","@id":"https:\/\/www.casadocuidar.org.br\/#organization","name":"Casa do Cuidar \u2013 Pr\u00e1tica e ensino em cuidados paliativos","url":"https:\/\/www.casadocuidar.org.br\/","logo":{"@type":"ImageObject","inLanguage":"en-US","@id":"https:\/\/www.casadocuidar.org.br\/#\/schema\/logo\/image\/","url":"https:\/\/www.casadocuidar.org.br\/website\/wp-content\/uploads\/2018\/08\/casadocuidar-logoshare.png","contentUrl":"https:\/\/www.casadocuidar.org.br\/website\/wp-content\/uploads\/2018\/08\/casadocuidar-logoshare.png","width":500,"height":500,"caption":"Casa do Cuidar \u2013 Pr\u00e1tica e ensino em cuidados paliativos"},"image":{"@id":"https:\/\/www.casadocuidar.org.br\/#\/schema\/logo\/image\/"}},{"@type":"Person","@id":"https:\/\/www.casadocuidar.org.br\/#\/schema\/person\/5d8486dbe13a88a6dd6b40aea91d2c5b","name":"Casa do Cuidar","image":{"@type":"ImageObject","inLanguage":"en-US","@id":"https:\/\/secure.gravatar.com\/avatar\/a541283949c7bab9ba4ffc45152502c19a06dfbcb0af94e6b46d94a21476ffae?s=96&d=mm&r=g","url":"https:\/\/secure.gravatar.com\/avatar\/a541283949c7bab9ba4ffc45152502c19a06dfbcb0af94e6b46d94a21476ffae?s=96&d=mm&r=g","contentUrl":"https:\/\/secure.gravatar.com\/avatar\/a541283949c7bab9ba4ffc45152502c19a06dfbcb0af94e6b46d94a21476ffae?s=96&d=mm&r=g","caption":"Casa do Cuidar"}}]}},"_links":{"self":[{"href":"https:\/\/www.casadocuidar.org.br\/en\/wp-json\/wp\/v2\/posts\/924","targetHints":{"allow":["GET"]}}],"collection":[{"href":"https:\/\/www.casadocuidar.org.br\/en\/wp-json\/wp\/v2\/posts"}],"about":[{"href":"https:\/\/www.casadocuidar.org.br\/en\/wp-json\/wp\/v2\/types\/post"}],"author":[{"embeddable":true,"href":"https:\/\/www.casadocuidar.org.br\/en\/wp-json\/wp\/v2\/users\/1"}],"replies":[{"embeddable":true,"href":"https:\/\/www.casadocuidar.org.br\/en\/wp-json\/wp\/v2\/comments?post=924"}],"version-history":[{"count":0,"href":"https:\/\/www.casadocuidar.org.br\/en\/wp-json\/wp\/v2\/posts\/924\/revisions"}],"wp:featuredmedia":[{"embeddable":true,"href":"https:\/\/www.casadocuidar.org.br\/en\/wp-json\/wp\/v2\/media\/931"}],"wp:attachment":[{"href":"https:\/\/www.casadocuidar.org.br\/en\/wp-json\/wp\/v2\/media?parent=924"}],"wp:term":[{"taxonomy":"category","embeddable":true,"href":"https:\/\/www.casadocuidar.org.br\/en\/wp-json\/wp\/v2\/categories?post=924"},{"taxonomy":"post_tag","embeddable":true,"href":"https:\/\/www.casadocuidar.org.br\/en\/wp-json\/wp\/v2\/tags?post=924"}],"curies":[{"name":"wp","href":"https:\/\/api.w.org\/{rel}","templated":true}]}}