{"id":885,"date":"2018-08-03T11:26:16","date_gmt":"2018-08-03T14:26:16","guid":{"rendered":"https:\/\/www.casadocuidar.org.br\/website\/?p=885"},"modified":"2018-08-03T11:26:16","modified_gmt":"2018-08-03T14:26:16","slug":"cineclube-da-morte-em-sao-paulo","status":"publish","type":"post","link":"https:\/\/www.casadocuidar.org.br\/en\/noticias\/cineclube-da-morte-em-sao-paulo\/","title":{"rendered":"Cineclube da Morte, em S\u00e3o Paulo"},"content":{"rendered":"<p>Mensalmente,\u00a0o Caixa Belas Arte promove, em S\u00e3o Paulo, o Cineclube da Morte.<\/p>\n<p>As sess\u00f5es s\u00e3o realizadas sempre \u00e0s ter\u00e7as, \u00e0s 19h30.\u00a0Depois da exibi\u00e7\u00e3o do filme, a plateia discute os aspectos humanos da morte e suas viv\u00eancias pessoais com a m\u00e9dica geriatra Ana Claudia Quintana Arantes e o consultor Tom Almeida.<\/p>\n<p>Acompanhe a programa\u00e7\u00e3o com datas e filmes na <a href=\"https:\/\/www.facebook.com\/cineclubedamorte\/\" target=\"_blank\" rel=\"noopener\">P\u00e1gina do Cineclube da Morte no Facebook<\/a>.<\/p>\n","protected":false},"excerpt":{"rendered":"<p>Mensalmente,\u00a0o Caixa Belas Arte promove, em S\u00e3o Paulo, o Cineclube da Morte. As sess\u00f5es s\u00e3o realizadas sempre \u00e0s ter\u00e7as, \u00e0s 19h30.\u00a0Depois da exibi\u00e7\u00e3o do filme, a plateia discute os aspectos humanos da morte e suas viv\u00eancias pessoais com a m\u00e9dica geriatra Ana Claudia Quintana Arantes e o consultor Tom Almeida. Acompanhe a programa\u00e7\u00e3o com datas&hellip;<\/p>\n","protected":false},"author":1,"featured_media":889,"comment_status":"open","ping_status":"closed","sticky":false,"template":"","format":"standard","meta":{"_acf_changed":false,"footnotes":""},"categories":[31],"tags":[],"class_list":["post-885","post","type-post","status-publish","format-standard","has-post-thumbnail","hentry","category-noticias","category-31","description-off"],"acf":[],"yoast_head":"<!-- This site is optimized with the Yoast SEO plugin v27.5 - https:\/\/yoast.com\/product\/yoast-seo-wordpress\/ -->\n<title>Cineclube da Morte, em S\u00e3o Paulo - Casa do Cuidar<\/title>\n<meta name=\"robots\" content=\"index, follow, max-snippet:-1, max-image-preview:large, max-video-preview:-1\" \/>\n<link rel=\"canonical\" href=\"https:\/\/www.casadocuidar.org.br\/en\/noticias\/cineclube-da-morte-em-sao-paulo\/\" \/>\n<meta property=\"og:locale\" content=\"en_US\" \/>\n<meta property=\"og:type\" content=\"article\" \/>\n<meta property=\"og:title\" content=\"Cineclube da Morte, em S\u00e3o Paulo - Casa do Cuidar\" \/>\n<meta property=\"og:description\" content=\"Mensalmente,\u00a0o Caixa Belas Arte promove, em S\u00e3o Paulo, o Cineclube da Morte. As sess\u00f5es s\u00e3o realizadas sempre \u00e0s ter\u00e7as, \u00e0s 19h30.\u00a0Depois da exibi\u00e7\u00e3o do filme, a plateia discute os aspectos humanos da morte e suas viv\u00eancias pessoais com a m\u00e9dica geriatra Ana Claudia Quintana Arantes e o consultor Tom Almeida. Acompanhe a programa\u00e7\u00e3o com datas&hellip;\" \/>\n<meta property=\"og:url\" content=\"https:\/\/www.casadocuidar.org.br\/en\/noticias\/cineclube-da-morte-em-sao-paulo\/\" \/>\n<meta property=\"og:site_name\" content=\"Casa do Cuidar\" \/>\n<meta property=\"article:published_time\" content=\"2018-08-03T14:26:16+00:00\" \/>\n<meta property=\"og:image\" content=\"https:\/\/www.casadocuidar.org.br\/website\/wp-content\/uploads\/2018\/08\/cineclube.jpg\" \/>\n\t<meta property=\"og:image:width\" content=\"614\" \/>\n\t<meta property=\"og:image:height\" content=\"409\" \/>\n\t<meta property=\"og:image:type\" content=\"image\/jpeg\" \/>\n<meta name=\"author\" content=\"Casa do Cuidar\" \/>\n<meta name=\"twitter:card\" content=\"summary_large_image\" \/>\n<meta name=\"twitter:label1\" content=\"Written by\" \/>\n\t<meta name=\"twitter:data1\" content=\"Casa do Cuidar\" \/>\n<script type=\"application\/ld+json\" class=\"yoast-schema-graph\">{\"@context\":\"https:\\\/\\\/schema.org\",\"@graph\":[{\"@type\":\"Article\",\"@id\":\"https:\\\/\\\/www.casadocuidar.org.br\\\/en\\\/noticias\\\/cineclube-da-morte-em-sao-paulo\\\/#article\",\"isPartOf\":{\"@id\":\"https:\\\/\\\/www.casadocuidar.org.br\\\/en\\\/noticias\\\/cineclube-da-morte-em-sao-paulo\\\/\"},\"author\":{\"name\":\"Casa do Cuidar\",\"@id\":\"https:\\\/\\\/www.casadocuidar.org.br\\\/#\\\/schema\\\/person\\\/5d8486dbe13a88a6dd6b40aea91d2c5b\"},\"headline\":\"Cineclube da Morte, em S\u00e3o Paulo\",\"datePublished\":\"2018-08-03T14:26:16+00:00\",\"mainEntityOfPage\":{\"@id\":\"https:\\\/\\\/www.casadocuidar.org.br\\\/en\\\/noticias\\\/cineclube-da-morte-em-sao-paulo\\\/\"},\"wordCount\":83,\"commentCount\":2,\"publisher\":{\"@id\":\"https:\\\/\\\/www.casadocuidar.org.br\\\/#organization\"},\"image\":{\"@id\":\"https:\\\/\\\/www.casadocuidar.org.br\\\/en\\\/noticias\\\/cineclube-da-morte-em-sao-paulo\\\/#primaryimage\"},\"thumbnailUrl\":\"https:\\\/\\\/www.casadocuidar.org.br\\\/website\\\/wp-content\\\/uploads\\\/2018\\\/08\\\/cineclube.jpg\",\"articleSection\":[\"Not\u00edcias\"],\"inLanguage\":\"en-US\",\"potentialAction\":[{\"@type\":\"CommentAction\",\"name\":\"Comment\",\"target\":[\"https:\\\/\\\/www.casadocuidar.org.br\\\/en\\\/noticias\\\/cineclube-da-morte-em-sao-paulo\\\/#respond\"]}]},{\"@type\":\"WebPage\",\"@id\":\"https:\\\/\\\/www.casadocuidar.org.br\\\/en\\\/noticias\\\/cineclube-da-morte-em-sao-paulo\\\/\",\"url\":\"https:\\\/\\\/www.casadocuidar.org.br\\\/en\\\/noticias\\\/cineclube-da-morte-em-sao-paulo\\\/\",\"name\":\"Cineclube da Morte, em S\u00e3o Paulo - Casa do Cuidar\",\"isPartOf\":{\"@id\":\"https:\\\/\\\/www.casadocuidar.org.br\\\/#website\"},\"primaryImageOfPage\":{\"@id\":\"https:\\\/\\\/www.casadocuidar.org.br\\\/en\\\/noticias\\\/cineclube-da-morte-em-sao-paulo\\\/#primaryimage\"},\"image\":{\"@id\":\"https:\\\/\\\/www.casadocuidar.org.br\\\/en\\\/noticias\\\/cineclube-da-morte-em-sao-paulo\\\/#primaryimage\"},\"thumbnailUrl\":\"https:\\\/\\\/www.casadocuidar.org.br\\\/website\\\/wp-content\\\/uploads\\\/2018\\\/08\\\/cineclube.jpg\",\"datePublished\":\"2018-08-03T14:26:16+00:00\",\"breadcrumb\":{\"@id\":\"https:\\\/\\\/www.casadocuidar.org.br\\\/en\\\/noticias\\\/cineclube-da-morte-em-sao-paulo\\\/#breadcrumb\"},\"inLanguage\":\"en-US\",\"potentialAction\":[{\"@type\":\"ReadAction\",\"target\":[\"https:\\\/\\\/www.casadocuidar.org.br\\\/en\\\/noticias\\\/cineclube-da-morte-em-sao-paulo\\\/\"]}]},{\"@type\":\"ImageObject\",\"inLanguage\":\"en-US\",\"@id\":\"https:\\\/\\\/www.casadocuidar.org.br\\\/en\\\/noticias\\\/cineclube-da-morte-em-sao-paulo\\\/#primaryimage\",\"url\":\"https:\\\/\\\/www.casadocuidar.org.br\\\/website\\\/wp-content\\\/uploads\\\/2018\\\/08\\\/cineclube.jpg\",\"contentUrl\":\"https:\\\/\\\/www.casadocuidar.org.br\\\/website\\\/wp-content\\\/uploads\\\/2018\\\/08\\\/cineclube.jpg\",\"width\":614,\"height\":409},{\"@type\":\"BreadcrumbList\",\"@id\":\"https:\\\/\\\/www.casadocuidar.org.br\\\/en\\\/noticias\\\/cineclube-da-morte-em-sao-paulo\\\/#breadcrumb\",\"itemListElement\":[{\"@type\":\"ListItem\",\"position\":1,\"name\":\"In\u00edcio\",\"item\":\"https:\\\/\\\/www.casadocuidar.org.br\\\/en\\\/\"},{\"@type\":\"ListItem\",\"position\":2,\"name\":\"Cineclube da Morte, em S\u00e3o Paulo\"}]},{\"@type\":\"WebSite\",\"@id\":\"https:\\\/\\\/www.casadocuidar.org.br\\\/#website\",\"url\":\"https:\\\/\\\/www.casadocuidar.org.br\\\/\",\"name\":\"Casa do Cuidar\",\"description\":\"Pr\u00e1tica e ensino em cuidados paliativos\",\"publisher\":{\"@id\":\"https:\\\/\\\/www.casadocuidar.org.br\\\/#organization\"},\"potentialAction\":[{\"@type\":\"SearchAction\",\"target\":{\"@type\":\"EntryPoint\",\"urlTemplate\":\"https:\\\/\\\/www.casadocuidar.org.br\\\/?s={search_term_string}\"},\"query-input\":{\"@type\":\"PropertyValueSpecification\",\"valueRequired\":true,\"valueName\":\"search_term_string\"}}],\"inLanguage\":\"en-US\"},{\"@type\":\"Organization\",\"@id\":\"https:\\\/\\\/www.casadocuidar.org.br\\\/#organization\",\"name\":\"Casa do Cuidar \u2013 Pr\u00e1tica e ensino em cuidados paliativos\",\"url\":\"https:\\\/\\\/www.casadocuidar.org.br\\\/\",\"logo\":{\"@type\":\"ImageObject\",\"inLanguage\":\"en-US\",\"@id\":\"https:\\\/\\\/www.casadocuidar.org.br\\\/#\\\/schema\\\/logo\\\/image\\\/\",\"url\":\"https:\\\/\\\/www.casadocuidar.org.br\\\/website\\\/wp-content\\\/uploads\\\/2018\\\/08\\\/casadocuidar-logoshare.png\",\"contentUrl\":\"https:\\\/\\\/www.casadocuidar.org.br\\\/website\\\/wp-content\\\/uploads\\\/2018\\\/08\\\/casadocuidar-logoshare.png\",\"width\":500,\"height\":500,\"caption\":\"Casa do Cuidar \u2013 Pr\u00e1tica e ensino em cuidados paliativos\"},\"image\":{\"@id\":\"https:\\\/\\\/www.casadocuidar.org.br\\\/#\\\/schema\\\/logo\\\/image\\\/\"}},{\"@type\":\"Person\",\"@id\":\"https:\\\/\\\/www.casadocuidar.org.br\\\/#\\\/schema\\\/person\\\/5d8486dbe13a88a6dd6b40aea91d2c5b\",\"name\":\"Casa do Cuidar\",\"image\":{\"@type\":\"ImageObject\",\"inLanguage\":\"en-US\",\"@id\":\"https:\\\/\\\/secure.gravatar.com\\\/avatar\\\/a541283949c7bab9ba4ffc45152502c19a06dfbcb0af94e6b46d94a21476ffae?s=96&d=mm&r=g\",\"url\":\"https:\\\/\\\/secure.gravatar.com\\\/avatar\\\/a541283949c7bab9ba4ffc45152502c19a06dfbcb0af94e6b46d94a21476ffae?s=96&d=mm&r=g\",\"contentUrl\":\"https:\\\/\\\/secure.gravatar.com\\\/avatar\\\/a541283949c7bab9ba4ffc45152502c19a06dfbcb0af94e6b46d94a21476ffae?s=96&d=mm&r=g\",\"caption\":\"Casa do Cuidar\"}}]}<\/script>\n<!-- \/ Yoast SEO plugin. -->","yoast_head_json":{"title":"Cineclube da Morte, em S\u00e3o Paulo - Casa do Cuidar","robots":{"index":"index","follow":"follow","max-snippet":"max-snippet:-1","max-image-preview":"max-image-preview:large","max-video-preview":"max-video-preview:-1"},"canonical":"https:\/\/www.casadocuidar.org.br\/en\/noticias\/cineclube-da-morte-em-sao-paulo\/","og_locale":"en_US","og_type":"article","og_title":"Cineclube da Morte, em S\u00e3o Paulo - Casa do Cuidar","og_description":"Mensalmente,\u00a0o Caixa Belas Arte promove, em S\u00e3o Paulo, o Cineclube da Morte. As sess\u00f5es s\u00e3o realizadas sempre \u00e0s ter\u00e7as, \u00e0s 19h30.\u00a0Depois da exibi\u00e7\u00e3o do filme, a plateia discute os aspectos humanos da morte e suas viv\u00eancias pessoais com a m\u00e9dica geriatra Ana Claudia Quintana Arantes e o consultor Tom Almeida. Acompanhe a programa\u00e7\u00e3o com datas&hellip;","og_url":"https:\/\/www.casadocuidar.org.br\/en\/noticias\/cineclube-da-morte-em-sao-paulo\/","og_site_name":"Casa do Cuidar","article_published_time":"2018-08-03T14:26:16+00:00","og_image":[{"width":614,"height":409,"url":"https:\/\/www.casadocuidar.org.br\/website\/wp-content\/uploads\/2018\/08\/cineclube.jpg","type":"image\/jpeg"}],"author":"Casa do Cuidar","twitter_card":"summary_large_image","twitter_misc":{"Written by":"Casa do Cuidar"},"schema":{"@context":"https:\/\/schema.org","@graph":[{"@type":"Article","@id":"https:\/\/www.casadocuidar.org.br\/en\/noticias\/cineclube-da-morte-em-sao-paulo\/#article","isPartOf":{"@id":"https:\/\/www.casadocuidar.org.br\/en\/noticias\/cineclube-da-morte-em-sao-paulo\/"},"author":{"name":"Casa do Cuidar","@id":"https:\/\/www.casadocuidar.org.br\/#\/schema\/person\/5d8486dbe13a88a6dd6b40aea91d2c5b"},"headline":"Cineclube da Morte, em S\u00e3o Paulo","datePublished":"2018-08-03T14:26:16+00:00","mainEntityOfPage":{"@id":"https:\/\/www.casadocuidar.org.br\/en\/noticias\/cineclube-da-morte-em-sao-paulo\/"},"wordCount":83,"commentCount":2,"publisher":{"@id":"https:\/\/www.casadocuidar.org.br\/#organization"},"image":{"@id":"https:\/\/www.casadocuidar.org.br\/en\/noticias\/cineclube-da-morte-em-sao-paulo\/#primaryimage"},"thumbnailUrl":"https:\/\/www.casadocuidar.org.br\/website\/wp-content\/uploads\/2018\/08\/cineclube.jpg","articleSection":["Not\u00edcias"],"inLanguage":"en-US","potentialAction":[{"@type":"CommentAction","name":"Comment","target":["https:\/\/www.casadocuidar.org.br\/en\/noticias\/cineclube-da-morte-em-sao-paulo\/#respond"]}]},{"@type":"WebPage","@id":"https:\/\/www.casadocuidar.org.br\/en\/noticias\/cineclube-da-morte-em-sao-paulo\/","url":"https:\/\/www.casadocuidar.org.br\/en\/noticias\/cineclube-da-morte-em-sao-paulo\/","name":"Cineclube da Morte, em S\u00e3o Paulo - Casa do Cuidar","isPartOf":{"@id":"https:\/\/www.casadocuidar.org.br\/#website"},"primaryImageOfPage":{"@id":"https:\/\/www.casadocuidar.org.br\/en\/noticias\/cineclube-da-morte-em-sao-paulo\/#primaryimage"},"image":{"@id":"https:\/\/www.casadocuidar.org.br\/en\/noticias\/cineclube-da-morte-em-sao-paulo\/#primaryimage"},"thumbnailUrl":"https:\/\/www.casadocuidar.org.br\/website\/wp-content\/uploads\/2018\/08\/cineclube.jpg","datePublished":"2018-08-03T14:26:16+00:00","breadcrumb":{"@id":"https:\/\/www.casadocuidar.org.br\/en\/noticias\/cineclube-da-morte-em-sao-paulo\/#breadcrumb"},"inLanguage":"en-US","potentialAction":[{"@type":"ReadAction","target":["https:\/\/www.casadocuidar.org.br\/en\/noticias\/cineclube-da-morte-em-sao-paulo\/"]}]},{"@type":"ImageObject","inLanguage":"en-US","@id":"https:\/\/www.casadocuidar.org.br\/en\/noticias\/cineclube-da-morte-em-sao-paulo\/#primaryimage","url":"https:\/\/www.casadocuidar.org.br\/website\/wp-content\/uploads\/2018\/08\/cineclube.jpg","contentUrl":"https:\/\/www.casadocuidar.org.br\/website\/wp-content\/uploads\/2018\/08\/cineclube.jpg","width":614,"height":409},{"@type":"BreadcrumbList","@id":"https:\/\/www.casadocuidar.org.br\/en\/noticias\/cineclube-da-morte-em-sao-paulo\/#breadcrumb","itemListElement":[{"@type":"ListItem","position":1,"name":"In\u00edcio","item":"https:\/\/www.casadocuidar.org.br\/en\/"},{"@type":"ListItem","position":2,"name":"Cineclube da Morte, em S\u00e3o Paulo"}]},{"@type":"WebSite","@id":"https:\/\/www.casadocuidar.org.br\/#website","url":"https:\/\/www.casadocuidar.org.br\/","name":"Casa do Cuidar","description":"Pr\u00e1tica e ensino em cuidados paliativos","publisher":{"@id":"https:\/\/www.casadocuidar.org.br\/#organization"},"potentialAction":[{"@type":"SearchAction","target":{"@type":"EntryPoint","urlTemplate":"https:\/\/www.casadocuidar.org.br\/?s={search_term_string}"},"query-input":{"@type":"PropertyValueSpecification","valueRequired":true,"valueName":"search_term_string"}}],"inLanguage":"en-US"},{"@type":"Organization","@id":"https:\/\/www.casadocuidar.org.br\/#organization","name":"Casa do Cuidar \u2013 Pr\u00e1tica e ensino em cuidados paliativos","url":"https:\/\/www.casadocuidar.org.br\/","logo":{"@type":"ImageObject","inLanguage":"en-US","@id":"https:\/\/www.casadocuidar.org.br\/#\/schema\/logo\/image\/","url":"https:\/\/www.casadocuidar.org.br\/website\/wp-content\/uploads\/2018\/08\/casadocuidar-logoshare.png","contentUrl":"https:\/\/www.casadocuidar.org.br\/website\/wp-content\/uploads\/2018\/08\/casadocuidar-logoshare.png","width":500,"height":500,"caption":"Casa do Cuidar \u2013 Pr\u00e1tica e ensino em cuidados paliativos"},"image":{"@id":"https:\/\/www.casadocuidar.org.br\/#\/schema\/logo\/image\/"}},{"@type":"Person","@id":"https:\/\/www.casadocuidar.org.br\/#\/schema\/person\/5d8486dbe13a88a6dd6b40aea91d2c5b","name":"Casa do Cuidar","image":{"@type":"ImageObject","inLanguage":"en-US","@id":"https:\/\/secure.gravatar.com\/avatar\/a541283949c7bab9ba4ffc45152502c19a06dfbcb0af94e6b46d94a21476ffae?s=96&d=mm&r=g","url":"https:\/\/secure.gravatar.com\/avatar\/a541283949c7bab9ba4ffc45152502c19a06dfbcb0af94e6b46d94a21476ffae?s=96&d=mm&r=g","contentUrl":"https:\/\/secure.gravatar.com\/avatar\/a541283949c7bab9ba4ffc45152502c19a06dfbcb0af94e6b46d94a21476ffae?s=96&d=mm&r=g","caption":"Casa do Cuidar"}}]}},"_links":{"self":[{"href":"https:\/\/www.casadocuidar.org.br\/en\/wp-json\/wp\/v2\/posts\/885","targetHints":{"allow":["GET"]}}],"collection":[{"href":"https:\/\/www.casadocuidar.org.br\/en\/wp-json\/wp\/v2\/posts"}],"about":[{"href":"https:\/\/www.casadocuidar.org.br\/en\/wp-json\/wp\/v2\/types\/post"}],"author":[{"embeddable":true,"href":"https:\/\/www.casadocuidar.org.br\/en\/wp-json\/wp\/v2\/users\/1"}],"replies":[{"embeddable":true,"href":"https:\/\/www.casadocuidar.org.br\/en\/wp-json\/wp\/v2\/comments?post=885"}],"version-history":[{"count":0,"href":"https:\/\/www.casadocuidar.org.br\/en\/wp-json\/wp\/v2\/posts\/885\/revisions"}],"wp:featuredmedia":[{"embeddable":true,"href":"https:\/\/www.casadocuidar.org.br\/en\/wp-json\/wp\/v2\/media\/889"}],"wp:attachment":[{"href":"https:\/\/www.casadocuidar.org.br\/en\/wp-json\/wp\/v2\/media?parent=885"}],"wp:term":[{"taxonomy":"category","embeddable":true,"href":"https:\/\/www.casadocuidar.org.br\/en\/wp-json\/wp\/v2\/categories?post=885"},{"taxonomy":"post_tag","embeddable":true,"href":"https:\/\/www.casadocuidar.org.br\/en\/wp-json\/wp\/v2\/tags?post=885"}],"curies":[{"name":"wp","href":"https:\/\/api.w.org\/{rel}","templated":true}]}}