{"id":857,"date":"2018-08-02T17:29:38","date_gmt":"2018-08-02T20:29:38","guid":{"rendered":"https:\/\/www.casadocuidar.org.br\/website\/?p=857"},"modified":"2018-08-02T17:30:55","modified_gmt":"2018-08-02T20:30:55","slug":"i-simposio-da-liga-academica-de-cuidados-paliativos-em-ribeirao-preto","status":"publish","type":"post","link":"https:\/\/www.casadocuidar.org.br\/en\/noticias\/i-simposio-da-liga-academica-de-cuidados-paliativos-em-ribeirao-preto\/","title":{"rendered":"I Simp\u00f3sio da Liga Acad\u00eamica de Cuidados Paliativos, em Ribeir\u00e3o Preto"},"content":{"rendered":"<p>A Liga Acad\u00eamica de Cuidados Paliativos realiza Simp\u00f3sio com o tema &#8220;Ampliando Horizontes na Medicina&#8221;, voltado para alunos de gradua\u00e7\u00e3o, p\u00f3s-gradua\u00e7\u00e3o e profissionais de sa\u00fade. O evento acontece em 4 de agosto, no Teatro Bassano Vaccarini, na Unaerp, em Ribeir\u00e3o Preto-SP e conta com palestras e mesas redondas.<\/p>\n<p>As inscri\u00e7\u00f5es est\u00e3o abertas e podem ser feitas at\u00e9 o dia do evento <a href=\"https:\/\/www3.unaerp.br\/SysEventos\/view\/pages\/inscricao\/index.xhtml?id=150\" target=\"_blank\" rel=\"alternate noopener\">clicando aqui<\/a>.\u00a0Haver\u00e1 certificado de 4 horas complementares para os alunos da Unaerp.<\/p>\n<p>Confira abaixo a programa\u00e7\u00e3o completa do evento.<\/p>\n<p><a class=\"dt-pswp-item\" href=\"http:\/\/www.unaerp.br\/eventos\/simposio-ampliando-horizontes-na-medicina\" data-dt-img-description=\"\" data-large_image_width=\"650\" data-large_image_height=\"954\"><img fetchpriority=\"high\" decoding=\"async\" class=\"aligncenter wp-image-858 size-full\" src=\"https:\/\/www.casadocuidar.org.br\/website\/wp-content\/uploads\/2018\/08\/simposiopaliativos650x954.png\" alt=\"\" width=\"650\" height=\"954\" srcset=\"https:\/\/www.casadocuidar.org.br\/website\/wp-content\/uploads\/2018\/08\/simposiopaliativos650x954.png 650w, https:\/\/www.casadocuidar.org.br\/website\/wp-content\/uploads\/2018\/08\/simposiopaliativos650x954-600x881.png 600w, https:\/\/www.casadocuidar.org.br\/website\/wp-content\/uploads\/2018\/08\/simposiopaliativos650x954-204x300.png 204w\" sizes=\"(max-width: 650px) 100vw, 650px\" \/><\/a><\/p>\n","protected":false},"excerpt":{"rendered":"<p>A Liga Acad\u00eamica de Cuidados Paliativos realiza Simp\u00f3sio com o tema &#8220;Ampliando Horizontes na Medicina&#8221;, voltado para alunos de gradua\u00e7\u00e3o, p\u00f3s-gradua\u00e7\u00e3o e profissionais de sa\u00fade. O evento acontece em 4 de agosto, no Teatro Bassano Vaccarini, na Unaerp, em Ribeir\u00e3o Preto-SP e conta com palestras e mesas redondas. As inscri\u00e7\u00f5es est\u00e3o abertas e podem ser&hellip;<\/p>\n","protected":false},"author":1,"featured_media":862,"comment_status":"open","ping_status":"closed","sticky":false,"template":"","format":"standard","meta":{"_acf_changed":false,"footnotes":""},"categories":[31],"tags":[],"class_list":["post-857","post","type-post","status-publish","format-standard","has-post-thumbnail","hentry","category-noticias","category-31","description-off"],"acf":[],"yoast_head":"<!-- This site is optimized with the Yoast SEO plugin v27.4 - https:\/\/yoast.com\/product\/yoast-seo-wordpress\/ -->\n<title>I Simp\u00f3sio da Liga Acad\u00eamica de Cuidados Paliativos, em Ribeir\u00e3o Preto - Casa do Cuidar<\/title>\n<meta name=\"robots\" content=\"index, follow, max-snippet:-1, max-image-preview:large, max-video-preview:-1\" \/>\n<link rel=\"canonical\" href=\"https:\/\/www.casadocuidar.org.br\/noticias\/i-simposio-da-liga-academica-de-cuidados-paliativos-em-ribeirao-preto\/\" \/>\n<meta property=\"og:locale\" content=\"en_US\" \/>\n<meta property=\"og:type\" content=\"article\" \/>\n<meta property=\"og:title\" content=\"I Simp\u00f3sio da Liga Acad\u00eamica de Cuidados Paliativos, em Ribeir\u00e3o Preto - Casa do Cuidar\" \/>\n<meta property=\"og:description\" content=\"A Liga Acad\u00eamica de Cuidados Paliativos realiza Simp\u00f3sio com o tema &#8220;Ampliando Horizontes na Medicina&#8221;, voltado para alunos de gradua\u00e7\u00e3o, p\u00f3s-gradua\u00e7\u00e3o e profissionais de sa\u00fade. O evento acontece em 4 de agosto, no Teatro Bassano Vaccarini, na Unaerp, em Ribeir\u00e3o Preto-SP e conta com palestras e mesas redondas. As inscri\u00e7\u00f5es est\u00e3o abertas e podem ser&hellip;\" \/>\n<meta property=\"og:url\" content=\"https:\/\/www.casadocuidar.org.br\/noticias\/i-simposio-da-liga-academica-de-cuidados-paliativos-em-ribeirao-preto\/\" \/>\n<meta property=\"og:site_name\" content=\"Casa do Cuidar\" \/>\n<meta property=\"article:published_time\" content=\"2018-08-02T20:29:38+00:00\" \/>\n<meta property=\"article:modified_time\" content=\"2018-08-02T20:30:55+00:00\" \/>\n<meta property=\"og:image\" content=\"https:\/\/www.casadocuidar.org.br\/website\/wp-content\/uploads\/2018\/08\/simposiopaliativos234x234-1.png\" \/>\n\t<meta property=\"og:image:width\" content=\"300\" \/>\n\t<meta property=\"og:image:height\" content=\"200\" \/>\n\t<meta property=\"og:image:type\" content=\"image\/png\" \/>\n<meta name=\"author\" content=\"Casa do Cuidar\" \/>\n<meta name=\"twitter:card\" content=\"summary_large_image\" \/>\n<meta name=\"twitter:label1\" content=\"Written by\" \/>\n\t<meta name=\"twitter:data1\" content=\"Casa do Cuidar\" \/>\n<script type=\"application\/ld+json\" class=\"yoast-schema-graph\">{\"@context\":\"https:\\\/\\\/schema.org\",\"@graph\":[{\"@type\":\"Article\",\"@id\":\"https:\\\/\\\/www.casadocuidar.org.br\\\/noticias\\\/i-simposio-da-liga-academica-de-cuidados-paliativos-em-ribeirao-preto\\\/#article\",\"isPartOf\":{\"@id\":\"https:\\\/\\\/www.casadocuidar.org.br\\\/noticias\\\/i-simposio-da-liga-academica-de-cuidados-paliativos-em-ribeirao-preto\\\/\"},\"author\":{\"name\":\"Casa do Cuidar\",\"@id\":\"https:\\\/\\\/www.casadocuidar.org.br\\\/#\\\/schema\\\/person\\\/5d8486dbe13a88a6dd6b40aea91d2c5b\"},\"headline\":\"I Simp\u00f3sio da Liga Acad\u00eamica de Cuidados Paliativos, em Ribeir\u00e3o Preto\",\"datePublished\":\"2018-08-02T20:29:38+00:00\",\"dateModified\":\"2018-08-02T20:30:55+00:00\",\"mainEntityOfPage\":{\"@id\":\"https:\\\/\\\/www.casadocuidar.org.br\\\/noticias\\\/i-simposio-da-liga-academica-de-cuidados-paliativos-em-ribeirao-preto\\\/\"},\"wordCount\":103,\"commentCount\":0,\"publisher\":{\"@id\":\"https:\\\/\\\/www.casadocuidar.org.br\\\/#organization\"},\"image\":{\"@id\":\"https:\\\/\\\/www.casadocuidar.org.br\\\/noticias\\\/i-simposio-da-liga-academica-de-cuidados-paliativos-em-ribeirao-preto\\\/#primaryimage\"},\"thumbnailUrl\":\"https:\\\/\\\/www.casadocuidar.org.br\\\/website\\\/wp-content\\\/uploads\\\/2018\\\/08\\\/simposiopaliativos234x234-1.png\",\"articleSection\":[\"Not\u00edcias\"],\"inLanguage\":\"en-US\",\"potentialAction\":[{\"@type\":\"CommentAction\",\"name\":\"Comment\",\"target\":[\"https:\\\/\\\/www.casadocuidar.org.br\\\/noticias\\\/i-simposio-da-liga-academica-de-cuidados-paliativos-em-ribeirao-preto\\\/#respond\"]}]},{\"@type\":\"WebPage\",\"@id\":\"https:\\\/\\\/www.casadocuidar.org.br\\\/noticias\\\/i-simposio-da-liga-academica-de-cuidados-paliativos-em-ribeirao-preto\\\/\",\"url\":\"https:\\\/\\\/www.casadocuidar.org.br\\\/noticias\\\/i-simposio-da-liga-academica-de-cuidados-paliativos-em-ribeirao-preto\\\/\",\"name\":\"I Simp\u00f3sio da Liga Acad\u00eamica de Cuidados Paliativos, em Ribeir\u00e3o Preto - Casa do Cuidar\",\"isPartOf\":{\"@id\":\"https:\\\/\\\/www.casadocuidar.org.br\\\/#website\"},\"primaryImageOfPage\":{\"@id\":\"https:\\\/\\\/www.casadocuidar.org.br\\\/noticias\\\/i-simposio-da-liga-academica-de-cuidados-paliativos-em-ribeirao-preto\\\/#primaryimage\"},\"image\":{\"@id\":\"https:\\\/\\\/www.casadocuidar.org.br\\\/noticias\\\/i-simposio-da-liga-academica-de-cuidados-paliativos-em-ribeirao-preto\\\/#primaryimage\"},\"thumbnailUrl\":\"https:\\\/\\\/www.casadocuidar.org.br\\\/website\\\/wp-content\\\/uploads\\\/2018\\\/08\\\/simposiopaliativos234x234-1.png\",\"datePublished\":\"2018-08-02T20:29:38+00:00\",\"dateModified\":\"2018-08-02T20:30:55+00:00\",\"breadcrumb\":{\"@id\":\"https:\\\/\\\/www.casadocuidar.org.br\\\/noticias\\\/i-simposio-da-liga-academica-de-cuidados-paliativos-em-ribeirao-preto\\\/#breadcrumb\"},\"inLanguage\":\"en-US\",\"potentialAction\":[{\"@type\":\"ReadAction\",\"target\":[\"https:\\\/\\\/www.casadocuidar.org.br\\\/noticias\\\/i-simposio-da-liga-academica-de-cuidados-paliativos-em-ribeirao-preto\\\/\"]}]},{\"@type\":\"ImageObject\",\"inLanguage\":\"en-US\",\"@id\":\"https:\\\/\\\/www.casadocuidar.org.br\\\/noticias\\\/i-simposio-da-liga-academica-de-cuidados-paliativos-em-ribeirao-preto\\\/#primaryimage\",\"url\":\"https:\\\/\\\/www.casadocuidar.org.br\\\/website\\\/wp-content\\\/uploads\\\/2018\\\/08\\\/simposiopaliativos234x234-1.png\",\"contentUrl\":\"https:\\\/\\\/www.casadocuidar.org.br\\\/website\\\/wp-content\\\/uploads\\\/2018\\\/08\\\/simposiopaliativos234x234-1.png\",\"width\":300,\"height\":200},{\"@type\":\"BreadcrumbList\",\"@id\":\"https:\\\/\\\/www.casadocuidar.org.br\\\/noticias\\\/i-simposio-da-liga-academica-de-cuidados-paliativos-em-ribeirao-preto\\\/#breadcrumb\",\"itemListElement\":[{\"@type\":\"ListItem\",\"position\":1,\"name\":\"In\u00edcio\",\"item\":\"https:\\\/\\\/www.casadocuidar.org.br\\\/en\\\/\"},{\"@type\":\"ListItem\",\"position\":2,\"name\":\"I Simp\u00f3sio da Liga Acad\u00eamica de Cuidados Paliativos, em Ribeir\u00e3o Preto\"}]},{\"@type\":\"WebSite\",\"@id\":\"https:\\\/\\\/www.casadocuidar.org.br\\\/#website\",\"url\":\"https:\\\/\\\/www.casadocuidar.org.br\\\/\",\"name\":\"Casa do Cuidar\",\"description\":\"Pr\u00e1tica e ensino em cuidados paliativos\",\"publisher\":{\"@id\":\"https:\\\/\\\/www.casadocuidar.org.br\\\/#organization\"},\"potentialAction\":[{\"@type\":\"SearchAction\",\"target\":{\"@type\":\"EntryPoint\",\"urlTemplate\":\"https:\\\/\\\/www.casadocuidar.org.br\\\/?s={search_term_string}\"},\"query-input\":{\"@type\":\"PropertyValueSpecification\",\"valueRequired\":true,\"valueName\":\"search_term_string\"}}],\"inLanguage\":\"en-US\"},{\"@type\":\"Organization\",\"@id\":\"https:\\\/\\\/www.casadocuidar.org.br\\\/#organization\",\"name\":\"Casa do Cuidar \u2013 Pr\u00e1tica e ensino em cuidados paliativos\",\"url\":\"https:\\\/\\\/www.casadocuidar.org.br\\\/\",\"logo\":{\"@type\":\"ImageObject\",\"inLanguage\":\"en-US\",\"@id\":\"https:\\\/\\\/www.casadocuidar.org.br\\\/#\\\/schema\\\/logo\\\/image\\\/\",\"url\":\"https:\\\/\\\/www.casadocuidar.org.br\\\/website\\\/wp-content\\\/uploads\\\/2018\\\/08\\\/casadocuidar-logoshare.png\",\"contentUrl\":\"https:\\\/\\\/www.casadocuidar.org.br\\\/website\\\/wp-content\\\/uploads\\\/2018\\\/08\\\/casadocuidar-logoshare.png\",\"width\":500,\"height\":500,\"caption\":\"Casa do Cuidar \u2013 Pr\u00e1tica e ensino em cuidados paliativos\"},\"image\":{\"@id\":\"https:\\\/\\\/www.casadocuidar.org.br\\\/#\\\/schema\\\/logo\\\/image\\\/\"}},{\"@type\":\"Person\",\"@id\":\"https:\\\/\\\/www.casadocuidar.org.br\\\/#\\\/schema\\\/person\\\/5d8486dbe13a88a6dd6b40aea91d2c5b\",\"name\":\"Casa do Cuidar\",\"image\":{\"@type\":\"ImageObject\",\"inLanguage\":\"en-US\",\"@id\":\"https:\\\/\\\/secure.gravatar.com\\\/avatar\\\/a541283949c7bab9ba4ffc45152502c19a06dfbcb0af94e6b46d94a21476ffae?s=96&d=mm&r=g\",\"url\":\"https:\\\/\\\/secure.gravatar.com\\\/avatar\\\/a541283949c7bab9ba4ffc45152502c19a06dfbcb0af94e6b46d94a21476ffae?s=96&d=mm&r=g\",\"contentUrl\":\"https:\\\/\\\/secure.gravatar.com\\\/avatar\\\/a541283949c7bab9ba4ffc45152502c19a06dfbcb0af94e6b46d94a21476ffae?s=96&d=mm&r=g\",\"caption\":\"Casa do Cuidar\"}}]}<\/script>\n<!-- \/ Yoast SEO plugin. -->","yoast_head_json":{"title":"I Simp\u00f3sio da Liga Acad\u00eamica de Cuidados Paliativos, em Ribeir\u00e3o Preto - Casa do Cuidar","robots":{"index":"index","follow":"follow","max-snippet":"max-snippet:-1","max-image-preview":"max-image-preview:large","max-video-preview":"max-video-preview:-1"},"canonical":"https:\/\/www.casadocuidar.org.br\/noticias\/i-simposio-da-liga-academica-de-cuidados-paliativos-em-ribeirao-preto\/","og_locale":"en_US","og_type":"article","og_title":"I Simp\u00f3sio da Liga Acad\u00eamica de Cuidados Paliativos, em Ribeir\u00e3o Preto - Casa do Cuidar","og_description":"A Liga Acad\u00eamica de Cuidados Paliativos realiza Simp\u00f3sio com o tema &#8220;Ampliando Horizontes na Medicina&#8221;, voltado para alunos de gradua\u00e7\u00e3o, p\u00f3s-gradua\u00e7\u00e3o e profissionais de sa\u00fade. O evento acontece em 4 de agosto, no Teatro Bassano Vaccarini, na Unaerp, em Ribeir\u00e3o Preto-SP e conta com palestras e mesas redondas. As inscri\u00e7\u00f5es est\u00e3o abertas e podem ser&hellip;","og_url":"https:\/\/www.casadocuidar.org.br\/noticias\/i-simposio-da-liga-academica-de-cuidados-paliativos-em-ribeirao-preto\/","og_site_name":"Casa do Cuidar","article_published_time":"2018-08-02T20:29:38+00:00","article_modified_time":"2018-08-02T20:30:55+00:00","og_image":[{"width":300,"height":200,"url":"https:\/\/www.casadocuidar.org.br\/website\/wp-content\/uploads\/2018\/08\/simposiopaliativos234x234-1.png","type":"image\/png"}],"author":"Casa do Cuidar","twitter_card":"summary_large_image","twitter_misc":{"Written by":"Casa do Cuidar"},"schema":{"@context":"https:\/\/schema.org","@graph":[{"@type":"Article","@id":"https:\/\/www.casadocuidar.org.br\/noticias\/i-simposio-da-liga-academica-de-cuidados-paliativos-em-ribeirao-preto\/#article","isPartOf":{"@id":"https:\/\/www.casadocuidar.org.br\/noticias\/i-simposio-da-liga-academica-de-cuidados-paliativos-em-ribeirao-preto\/"},"author":{"name":"Casa do Cuidar","@id":"https:\/\/www.casadocuidar.org.br\/#\/schema\/person\/5d8486dbe13a88a6dd6b40aea91d2c5b"},"headline":"I Simp\u00f3sio da Liga Acad\u00eamica de Cuidados Paliativos, em Ribeir\u00e3o Preto","datePublished":"2018-08-02T20:29:38+00:00","dateModified":"2018-08-02T20:30:55+00:00","mainEntityOfPage":{"@id":"https:\/\/www.casadocuidar.org.br\/noticias\/i-simposio-da-liga-academica-de-cuidados-paliativos-em-ribeirao-preto\/"},"wordCount":103,"commentCount":0,"publisher":{"@id":"https:\/\/www.casadocuidar.org.br\/#organization"},"image":{"@id":"https:\/\/www.casadocuidar.org.br\/noticias\/i-simposio-da-liga-academica-de-cuidados-paliativos-em-ribeirao-preto\/#primaryimage"},"thumbnailUrl":"https:\/\/www.casadocuidar.org.br\/website\/wp-content\/uploads\/2018\/08\/simposiopaliativos234x234-1.png","articleSection":["Not\u00edcias"],"inLanguage":"en-US","potentialAction":[{"@type":"CommentAction","name":"Comment","target":["https:\/\/www.casadocuidar.org.br\/noticias\/i-simposio-da-liga-academica-de-cuidados-paliativos-em-ribeirao-preto\/#respond"]}]},{"@type":"WebPage","@id":"https:\/\/www.casadocuidar.org.br\/noticias\/i-simposio-da-liga-academica-de-cuidados-paliativos-em-ribeirao-preto\/","url":"https:\/\/www.casadocuidar.org.br\/noticias\/i-simposio-da-liga-academica-de-cuidados-paliativos-em-ribeirao-preto\/","name":"I Simp\u00f3sio da Liga Acad\u00eamica de Cuidados Paliativos, em Ribeir\u00e3o Preto - Casa do Cuidar","isPartOf":{"@id":"https:\/\/www.casadocuidar.org.br\/#website"},"primaryImageOfPage":{"@id":"https:\/\/www.casadocuidar.org.br\/noticias\/i-simposio-da-liga-academica-de-cuidados-paliativos-em-ribeirao-preto\/#primaryimage"},"image":{"@id":"https:\/\/www.casadocuidar.org.br\/noticias\/i-simposio-da-liga-academica-de-cuidados-paliativos-em-ribeirao-preto\/#primaryimage"},"thumbnailUrl":"https:\/\/www.casadocuidar.org.br\/website\/wp-content\/uploads\/2018\/08\/simposiopaliativos234x234-1.png","datePublished":"2018-08-02T20:29:38+00:00","dateModified":"2018-08-02T20:30:55+00:00","breadcrumb":{"@id":"https:\/\/www.casadocuidar.org.br\/noticias\/i-simposio-da-liga-academica-de-cuidados-paliativos-em-ribeirao-preto\/#breadcrumb"},"inLanguage":"en-US","potentialAction":[{"@type":"ReadAction","target":["https:\/\/www.casadocuidar.org.br\/noticias\/i-simposio-da-liga-academica-de-cuidados-paliativos-em-ribeirao-preto\/"]}]},{"@type":"ImageObject","inLanguage":"en-US","@id":"https:\/\/www.casadocuidar.org.br\/noticias\/i-simposio-da-liga-academica-de-cuidados-paliativos-em-ribeirao-preto\/#primaryimage","url":"https:\/\/www.casadocuidar.org.br\/website\/wp-content\/uploads\/2018\/08\/simposiopaliativos234x234-1.png","contentUrl":"https:\/\/www.casadocuidar.org.br\/website\/wp-content\/uploads\/2018\/08\/simposiopaliativos234x234-1.png","width":300,"height":200},{"@type":"BreadcrumbList","@id":"https:\/\/www.casadocuidar.org.br\/noticias\/i-simposio-da-liga-academica-de-cuidados-paliativos-em-ribeirao-preto\/#breadcrumb","itemListElement":[{"@type":"ListItem","position":1,"name":"In\u00edcio","item":"https:\/\/www.casadocuidar.org.br\/en\/"},{"@type":"ListItem","position":2,"name":"I Simp\u00f3sio da Liga Acad\u00eamica de Cuidados Paliativos, em Ribeir\u00e3o Preto"}]},{"@type":"WebSite","@id":"https:\/\/www.casadocuidar.org.br\/#website","url":"https:\/\/www.casadocuidar.org.br\/","name":"Casa do Cuidar","description":"Pr\u00e1tica e ensino em cuidados paliativos","publisher":{"@id":"https:\/\/www.casadocuidar.org.br\/#organization"},"potentialAction":[{"@type":"SearchAction","target":{"@type":"EntryPoint","urlTemplate":"https:\/\/www.casadocuidar.org.br\/?s={search_term_string}"},"query-input":{"@type":"PropertyValueSpecification","valueRequired":true,"valueName":"search_term_string"}}],"inLanguage":"en-US"},{"@type":"Organization","@id":"https:\/\/www.casadocuidar.org.br\/#organization","name":"Casa do Cuidar \u2013 Pr\u00e1tica e ensino em cuidados paliativos","url":"https:\/\/www.casadocuidar.org.br\/","logo":{"@type":"ImageObject","inLanguage":"en-US","@id":"https:\/\/www.casadocuidar.org.br\/#\/schema\/logo\/image\/","url":"https:\/\/www.casadocuidar.org.br\/website\/wp-content\/uploads\/2018\/08\/casadocuidar-logoshare.png","contentUrl":"https:\/\/www.casadocuidar.org.br\/website\/wp-content\/uploads\/2018\/08\/casadocuidar-logoshare.png","width":500,"height":500,"caption":"Casa do Cuidar \u2013 Pr\u00e1tica e ensino em cuidados paliativos"},"image":{"@id":"https:\/\/www.casadocuidar.org.br\/#\/schema\/logo\/image\/"}},{"@type":"Person","@id":"https:\/\/www.casadocuidar.org.br\/#\/schema\/person\/5d8486dbe13a88a6dd6b40aea91d2c5b","name":"Casa do Cuidar","image":{"@type":"ImageObject","inLanguage":"en-US","@id":"https:\/\/secure.gravatar.com\/avatar\/a541283949c7bab9ba4ffc45152502c19a06dfbcb0af94e6b46d94a21476ffae?s=96&d=mm&r=g","url":"https:\/\/secure.gravatar.com\/avatar\/a541283949c7bab9ba4ffc45152502c19a06dfbcb0af94e6b46d94a21476ffae?s=96&d=mm&r=g","contentUrl":"https:\/\/secure.gravatar.com\/avatar\/a541283949c7bab9ba4ffc45152502c19a06dfbcb0af94e6b46d94a21476ffae?s=96&d=mm&r=g","caption":"Casa do Cuidar"}}]}},"_links":{"self":[{"href":"https:\/\/www.casadocuidar.org.br\/en\/wp-json\/wp\/v2\/posts\/857","targetHints":{"allow":["GET"]}}],"collection":[{"href":"https:\/\/www.casadocuidar.org.br\/en\/wp-json\/wp\/v2\/posts"}],"about":[{"href":"https:\/\/www.casadocuidar.org.br\/en\/wp-json\/wp\/v2\/types\/post"}],"author":[{"embeddable":true,"href":"https:\/\/www.casadocuidar.org.br\/en\/wp-json\/wp\/v2\/users\/1"}],"replies":[{"embeddable":true,"href":"https:\/\/www.casadocuidar.org.br\/en\/wp-json\/wp\/v2\/comments?post=857"}],"version-history":[{"count":0,"href":"https:\/\/www.casadocuidar.org.br\/en\/wp-json\/wp\/v2\/posts\/857\/revisions"}],"wp:featuredmedia":[{"embeddable":true,"href":"https:\/\/www.casadocuidar.org.br\/en\/wp-json\/wp\/v2\/media\/862"}],"wp:attachment":[{"href":"https:\/\/www.casadocuidar.org.br\/en\/wp-json\/wp\/v2\/media?parent=857"}],"wp:term":[{"taxonomy":"category","embeddable":true,"href":"https:\/\/www.casadocuidar.org.br\/en\/wp-json\/wp\/v2\/categories?post=857"},{"taxonomy":"post_tag","embeddable":true,"href":"https:\/\/www.casadocuidar.org.br\/en\/wp-json\/wp\/v2\/tags?post=857"}],"curies":[{"name":"wp","href":"https:\/\/api.w.org\/{rel}","templated":true}]}}