{"id":834,"date":"2018-08-01T10:04:32","date_gmt":"2018-08-01T13:04:32","guid":{"rendered":"https:\/\/www.casadocuidar.org.br\/website\/?p=834"},"modified":"2018-08-02T17:44:55","modified_gmt":"2018-08-02T20:44:55","slug":"8o-forum-sobre-cuidados-paliativos-2018-em-ponta-grossa","status":"publish","type":"post","link":"https:\/\/www.casadocuidar.org.br\/en\/noticias\/8o-forum-sobre-cuidados-paliativos-2018-em-ponta-grossa\/","title":{"rendered":"8\u00ba F\u00f3rum sobre Cuidados Paliativos 2018, em Ponta Grossa"},"content":{"rendered":"<p>No dia 28 de setembro, acontece em Ponta Grossa-PR o F\u00f3rum sobre Cuidados Paliativos 2018 &#8211; Novas Perspectivas no Cuidado Oncol\u00f3gico Paliativo.<\/p>\n<p>O Complexo ISPON prop\u00f5e por meio deste f\u00f3rum o encontro e a intera\u00e7\u00e3o entre os diversos profissionais atuantes na \u00e1rea de oncologia, estudantes e volunt\u00e1rios da \u00e1rea da sa\u00fade, assim como familiares dos pacientes oncol\u00f3gicos para discutir a tem\u00e1tica Novas Perspectivas no cuidado Oncol\u00f3gico Paliativo:<\/p>\n<p><em>&#8220;Os Cuidados Paliativos se iniciam a partir do entendimento de que cada paciente tem a sua pr\u00f3pria hist\u00f3ria, relacionamentos, cultura e que merecem respeito como um ser \u00fanico e original. Este respeito inclui proporcionar o melhor cuidado m\u00e9dico dispon\u00edvel e disponibilizar a ele as conquistas das \u00faltimas d\u00e9cadas, de forma que todos tenham a melhor chance de viver bem seu tempo.&#8221; Cicely Saunders.<\/em><\/p>\n<p>Os temas que ser\u00e3o discutidos s\u00e3o:<\/p>\n<p>Cuidados Paliativos no Brasil: Desafios e Expectativa<br \/>\nCuidados no Fim da Vida<br \/>\nDiretivas Antecipadas da Vontade e Direito do Paciente<br \/>\nO Papel do Farmac\u00eautico no Controle da Dor nos Cuidados Paliativos<br \/>\nA Import\u00e2ncia da Atividade F\u00edsica no Paciente Oncol\u00f3gico Paliativo<\/p>\n<p>Saiba mais acessando o site do evento <a href=\"http:\/\/ispon.com.br\/8o-forum-sobre-cuidados-paliativos-novas-perspectivas-no-cuidado-oncologico-paliativo\" target=\"_blank\" rel=\"noopener\">clicando aqui<\/a>.<\/p>\n","protected":false},"excerpt":{"rendered":"<p>No dia 28 de setembro, acontece em Ponta Grossa-PR o F\u00f3rum sobre Cuidados Paliativos 2018 &#8211; Novas Perspectivas no Cuidado Oncol\u00f3gico Paliativo. O Complexo ISPON prop\u00f5e por meio deste f\u00f3rum o encontro e a intera\u00e7\u00e3o entre os diversos profissionais atuantes na \u00e1rea de oncologia, estudantes e volunt\u00e1rios da \u00e1rea da sa\u00fade, assim como familiares dos&hellip;<\/p>\n","protected":false},"author":1,"featured_media":835,"comment_status":"open","ping_status":"closed","sticky":false,"template":"","format":"standard","meta":{"_acf_changed":false,"footnotes":""},"categories":[31],"tags":[],"class_list":["post-834","post","type-post","status-publish","format-standard","has-post-thumbnail","hentry","category-noticias","category-31","description-off"],"acf":[],"yoast_head":"<!-- This site is optimized with the Yoast SEO plugin v27.4 - https:\/\/yoast.com\/product\/yoast-seo-wordpress\/ -->\n<title>8\u00ba F\u00f3rum sobre Cuidados Paliativos 2018, em Ponta Grossa - Casa do Cuidar<\/title>\n<meta name=\"robots\" content=\"index, follow, max-snippet:-1, max-image-preview:large, max-video-preview:-1\" \/>\n<link rel=\"canonical\" href=\"https:\/\/www.casadocuidar.org.br\/noticias\/8o-forum-sobre-cuidados-paliativos-2018-em-ponta-grossa\/\" \/>\n<meta property=\"og:locale\" content=\"en_US\" \/>\n<meta property=\"og:type\" content=\"article\" \/>\n<meta property=\"og:title\" content=\"8\u00ba F\u00f3rum sobre Cuidados Paliativos 2018, em Ponta Grossa - Casa do Cuidar\" \/>\n<meta property=\"og:description\" content=\"No dia 28 de setembro, acontece em Ponta Grossa-PR o F\u00f3rum sobre Cuidados Paliativos 2018 &#8211; Novas Perspectivas no Cuidado Oncol\u00f3gico Paliativo. O Complexo ISPON prop\u00f5e por meio deste f\u00f3rum o encontro e a intera\u00e7\u00e3o entre os diversos profissionais atuantes na \u00e1rea de oncologia, estudantes e volunt\u00e1rios da \u00e1rea da sa\u00fade, assim como familiares dos&hellip;\" \/>\n<meta property=\"og:url\" content=\"https:\/\/www.casadocuidar.org.br\/noticias\/8o-forum-sobre-cuidados-paliativos-2018-em-ponta-grossa\/\" \/>\n<meta property=\"og:site_name\" content=\"Casa do Cuidar\" \/>\n<meta property=\"article:published_time\" content=\"2018-08-01T13:04:32+00:00\" \/>\n<meta property=\"article:modified_time\" content=\"2018-08-02T20:44:55+00:00\" \/>\n<meta property=\"og:image\" content=\"https:\/\/www.casadocuidar.org.br\/website\/wp-content\/uploads\/2018\/08\/Forum-Cuidados-Paliativos-PontaGrossa.png\" \/>\n\t<meta property=\"og:image:width\" content=\"679\" \/>\n\t<meta property=\"og:image:height\" content=\"452\" \/>\n\t<meta property=\"og:image:type\" content=\"image\/png\" \/>\n<meta name=\"author\" content=\"Casa do Cuidar\" \/>\n<meta name=\"twitter:card\" content=\"summary_large_image\" \/>\n<meta name=\"twitter:label1\" content=\"Written by\" \/>\n\t<meta name=\"twitter:data1\" content=\"Casa do Cuidar\" \/>\n\t<meta name=\"twitter:label2\" content=\"Est. reading time\" \/>\n\t<meta name=\"twitter:data2\" content=\"1 minute\" \/>\n<script type=\"application\/ld+json\" class=\"yoast-schema-graph\">{\"@context\":\"https:\\\/\\\/schema.org\",\"@graph\":[{\"@type\":\"Article\",\"@id\":\"https:\\\/\\\/www.casadocuidar.org.br\\\/noticias\\\/8o-forum-sobre-cuidados-paliativos-2018-em-ponta-grossa\\\/#article\",\"isPartOf\":{\"@id\":\"https:\\\/\\\/www.casadocuidar.org.br\\\/noticias\\\/8o-forum-sobre-cuidados-paliativos-2018-em-ponta-grossa\\\/\"},\"author\":{\"name\":\"Casa do Cuidar\",\"@id\":\"https:\\\/\\\/www.casadocuidar.org.br\\\/#\\\/schema\\\/person\\\/5d8486dbe13a88a6dd6b40aea91d2c5b\"},\"headline\":\"8\u00ba F\u00f3rum sobre Cuidados Paliativos 2018, em Ponta Grossa\",\"datePublished\":\"2018-08-01T13:04:32+00:00\",\"dateModified\":\"2018-08-02T20:44:55+00:00\",\"mainEntityOfPage\":{\"@id\":\"https:\\\/\\\/www.casadocuidar.org.br\\\/noticias\\\/8o-forum-sobre-cuidados-paliativos-2018-em-ponta-grossa\\\/\"},\"wordCount\":212,\"commentCount\":0,\"publisher\":{\"@id\":\"https:\\\/\\\/www.casadocuidar.org.br\\\/#organization\"},\"image\":{\"@id\":\"https:\\\/\\\/www.casadocuidar.org.br\\\/noticias\\\/8o-forum-sobre-cuidados-paliativos-2018-em-ponta-grossa\\\/#primaryimage\"},\"thumbnailUrl\":\"https:\\\/\\\/www.casadocuidar.org.br\\\/website\\\/wp-content\\\/uploads\\\/2018\\\/08\\\/Forum-Cuidados-Paliativos-PontaGrossa.png\",\"articleSection\":[\"Not\u00edcias\"],\"inLanguage\":\"en-US\",\"potentialAction\":[{\"@type\":\"CommentAction\",\"name\":\"Comment\",\"target\":[\"https:\\\/\\\/www.casadocuidar.org.br\\\/noticias\\\/8o-forum-sobre-cuidados-paliativos-2018-em-ponta-grossa\\\/#respond\"]}]},{\"@type\":\"WebPage\",\"@id\":\"https:\\\/\\\/www.casadocuidar.org.br\\\/noticias\\\/8o-forum-sobre-cuidados-paliativos-2018-em-ponta-grossa\\\/\",\"url\":\"https:\\\/\\\/www.casadocuidar.org.br\\\/noticias\\\/8o-forum-sobre-cuidados-paliativos-2018-em-ponta-grossa\\\/\",\"name\":\"8\u00ba F\u00f3rum sobre Cuidados Paliativos 2018, em Ponta Grossa - Casa do Cuidar\",\"isPartOf\":{\"@id\":\"https:\\\/\\\/www.casadocuidar.org.br\\\/#website\"},\"primaryImageOfPage\":{\"@id\":\"https:\\\/\\\/www.casadocuidar.org.br\\\/noticias\\\/8o-forum-sobre-cuidados-paliativos-2018-em-ponta-grossa\\\/#primaryimage\"},\"image\":{\"@id\":\"https:\\\/\\\/www.casadocuidar.org.br\\\/noticias\\\/8o-forum-sobre-cuidados-paliativos-2018-em-ponta-grossa\\\/#primaryimage\"},\"thumbnailUrl\":\"https:\\\/\\\/www.casadocuidar.org.br\\\/website\\\/wp-content\\\/uploads\\\/2018\\\/08\\\/Forum-Cuidados-Paliativos-PontaGrossa.png\",\"datePublished\":\"2018-08-01T13:04:32+00:00\",\"dateModified\":\"2018-08-02T20:44:55+00:00\",\"breadcrumb\":{\"@id\":\"https:\\\/\\\/www.casadocuidar.org.br\\\/noticias\\\/8o-forum-sobre-cuidados-paliativos-2018-em-ponta-grossa\\\/#breadcrumb\"},\"inLanguage\":\"en-US\",\"potentialAction\":[{\"@type\":\"ReadAction\",\"target\":[\"https:\\\/\\\/www.casadocuidar.org.br\\\/noticias\\\/8o-forum-sobre-cuidados-paliativos-2018-em-ponta-grossa\\\/\"]}]},{\"@type\":\"ImageObject\",\"inLanguage\":\"en-US\",\"@id\":\"https:\\\/\\\/www.casadocuidar.org.br\\\/noticias\\\/8o-forum-sobre-cuidados-paliativos-2018-em-ponta-grossa\\\/#primaryimage\",\"url\":\"https:\\\/\\\/www.casadocuidar.org.br\\\/website\\\/wp-content\\\/uploads\\\/2018\\\/08\\\/Forum-Cuidados-Paliativos-PontaGrossa.png\",\"contentUrl\":\"https:\\\/\\\/www.casadocuidar.org.br\\\/website\\\/wp-content\\\/uploads\\\/2018\\\/08\\\/Forum-Cuidados-Paliativos-PontaGrossa.png\",\"width\":679,\"height\":452},{\"@type\":\"BreadcrumbList\",\"@id\":\"https:\\\/\\\/www.casadocuidar.org.br\\\/noticias\\\/8o-forum-sobre-cuidados-paliativos-2018-em-ponta-grossa\\\/#breadcrumb\",\"itemListElement\":[{\"@type\":\"ListItem\",\"position\":1,\"name\":\"In\u00edcio\",\"item\":\"https:\\\/\\\/www.casadocuidar.org.br\\\/en\\\/\"},{\"@type\":\"ListItem\",\"position\":2,\"name\":\"8\u00ba F\u00f3rum sobre Cuidados Paliativos 2018, em Ponta Grossa\"}]},{\"@type\":\"WebSite\",\"@id\":\"https:\\\/\\\/www.casadocuidar.org.br\\\/#website\",\"url\":\"https:\\\/\\\/www.casadocuidar.org.br\\\/\",\"name\":\"Casa do Cuidar\",\"description\":\"Pr\u00e1tica e ensino em cuidados paliativos\",\"publisher\":{\"@id\":\"https:\\\/\\\/www.casadocuidar.org.br\\\/#organization\"},\"potentialAction\":[{\"@type\":\"SearchAction\",\"target\":{\"@type\":\"EntryPoint\",\"urlTemplate\":\"https:\\\/\\\/www.casadocuidar.org.br\\\/?s={search_term_string}\"},\"query-input\":{\"@type\":\"PropertyValueSpecification\",\"valueRequired\":true,\"valueName\":\"search_term_string\"}}],\"inLanguage\":\"en-US\"},{\"@type\":\"Organization\",\"@id\":\"https:\\\/\\\/www.casadocuidar.org.br\\\/#organization\",\"name\":\"Casa do Cuidar \u2013 Pr\u00e1tica e ensino em cuidados paliativos\",\"url\":\"https:\\\/\\\/www.casadocuidar.org.br\\\/\",\"logo\":{\"@type\":\"ImageObject\",\"inLanguage\":\"en-US\",\"@id\":\"https:\\\/\\\/www.casadocuidar.org.br\\\/#\\\/schema\\\/logo\\\/image\\\/\",\"url\":\"https:\\\/\\\/www.casadocuidar.org.br\\\/website\\\/wp-content\\\/uploads\\\/2018\\\/08\\\/casadocuidar-logoshare.png\",\"contentUrl\":\"https:\\\/\\\/www.casadocuidar.org.br\\\/website\\\/wp-content\\\/uploads\\\/2018\\\/08\\\/casadocuidar-logoshare.png\",\"width\":500,\"height\":500,\"caption\":\"Casa do Cuidar \u2013 Pr\u00e1tica e ensino em cuidados paliativos\"},\"image\":{\"@id\":\"https:\\\/\\\/www.casadocuidar.org.br\\\/#\\\/schema\\\/logo\\\/image\\\/\"}},{\"@type\":\"Person\",\"@id\":\"https:\\\/\\\/www.casadocuidar.org.br\\\/#\\\/schema\\\/person\\\/5d8486dbe13a88a6dd6b40aea91d2c5b\",\"name\":\"Casa do Cuidar\",\"image\":{\"@type\":\"ImageObject\",\"inLanguage\":\"en-US\",\"@id\":\"https:\\\/\\\/secure.gravatar.com\\\/avatar\\\/a541283949c7bab9ba4ffc45152502c19a06dfbcb0af94e6b46d94a21476ffae?s=96&d=mm&r=g\",\"url\":\"https:\\\/\\\/secure.gravatar.com\\\/avatar\\\/a541283949c7bab9ba4ffc45152502c19a06dfbcb0af94e6b46d94a21476ffae?s=96&d=mm&r=g\",\"contentUrl\":\"https:\\\/\\\/secure.gravatar.com\\\/avatar\\\/a541283949c7bab9ba4ffc45152502c19a06dfbcb0af94e6b46d94a21476ffae?s=96&d=mm&r=g\",\"caption\":\"Casa do Cuidar\"}}]}<\/script>\n<!-- \/ Yoast SEO plugin. -->","yoast_head_json":{"title":"8\u00ba F\u00f3rum sobre Cuidados Paliativos 2018, em Ponta Grossa - Casa do Cuidar","robots":{"index":"index","follow":"follow","max-snippet":"max-snippet:-1","max-image-preview":"max-image-preview:large","max-video-preview":"max-video-preview:-1"},"canonical":"https:\/\/www.casadocuidar.org.br\/noticias\/8o-forum-sobre-cuidados-paliativos-2018-em-ponta-grossa\/","og_locale":"en_US","og_type":"article","og_title":"8\u00ba F\u00f3rum sobre Cuidados Paliativos 2018, em Ponta Grossa - Casa do Cuidar","og_description":"No dia 28 de setembro, acontece em Ponta Grossa-PR o F\u00f3rum sobre Cuidados Paliativos 2018 &#8211; Novas Perspectivas no Cuidado Oncol\u00f3gico Paliativo. O Complexo ISPON prop\u00f5e por meio deste f\u00f3rum o encontro e a intera\u00e7\u00e3o entre os diversos profissionais atuantes na \u00e1rea de oncologia, estudantes e volunt\u00e1rios da \u00e1rea da sa\u00fade, assim como familiares dos&hellip;","og_url":"https:\/\/www.casadocuidar.org.br\/noticias\/8o-forum-sobre-cuidados-paliativos-2018-em-ponta-grossa\/","og_site_name":"Casa do Cuidar","article_published_time":"2018-08-01T13:04:32+00:00","article_modified_time":"2018-08-02T20:44:55+00:00","og_image":[{"width":679,"height":452,"url":"https:\/\/www.casadocuidar.org.br\/website\/wp-content\/uploads\/2018\/08\/Forum-Cuidados-Paliativos-PontaGrossa.png","type":"image\/png"}],"author":"Casa do Cuidar","twitter_card":"summary_large_image","twitter_misc":{"Written by":"Casa do Cuidar","Est. reading time":"1 minute"},"schema":{"@context":"https:\/\/schema.org","@graph":[{"@type":"Article","@id":"https:\/\/www.casadocuidar.org.br\/noticias\/8o-forum-sobre-cuidados-paliativos-2018-em-ponta-grossa\/#article","isPartOf":{"@id":"https:\/\/www.casadocuidar.org.br\/noticias\/8o-forum-sobre-cuidados-paliativos-2018-em-ponta-grossa\/"},"author":{"name":"Casa do Cuidar","@id":"https:\/\/www.casadocuidar.org.br\/#\/schema\/person\/5d8486dbe13a88a6dd6b40aea91d2c5b"},"headline":"8\u00ba F\u00f3rum sobre Cuidados Paliativos 2018, em Ponta Grossa","datePublished":"2018-08-01T13:04:32+00:00","dateModified":"2018-08-02T20:44:55+00:00","mainEntityOfPage":{"@id":"https:\/\/www.casadocuidar.org.br\/noticias\/8o-forum-sobre-cuidados-paliativos-2018-em-ponta-grossa\/"},"wordCount":212,"commentCount":0,"publisher":{"@id":"https:\/\/www.casadocuidar.org.br\/#organization"},"image":{"@id":"https:\/\/www.casadocuidar.org.br\/noticias\/8o-forum-sobre-cuidados-paliativos-2018-em-ponta-grossa\/#primaryimage"},"thumbnailUrl":"https:\/\/www.casadocuidar.org.br\/website\/wp-content\/uploads\/2018\/08\/Forum-Cuidados-Paliativos-PontaGrossa.png","articleSection":["Not\u00edcias"],"inLanguage":"en-US","potentialAction":[{"@type":"CommentAction","name":"Comment","target":["https:\/\/www.casadocuidar.org.br\/noticias\/8o-forum-sobre-cuidados-paliativos-2018-em-ponta-grossa\/#respond"]}]},{"@type":"WebPage","@id":"https:\/\/www.casadocuidar.org.br\/noticias\/8o-forum-sobre-cuidados-paliativos-2018-em-ponta-grossa\/","url":"https:\/\/www.casadocuidar.org.br\/noticias\/8o-forum-sobre-cuidados-paliativos-2018-em-ponta-grossa\/","name":"8\u00ba F\u00f3rum sobre Cuidados Paliativos 2018, em Ponta Grossa - Casa do Cuidar","isPartOf":{"@id":"https:\/\/www.casadocuidar.org.br\/#website"},"primaryImageOfPage":{"@id":"https:\/\/www.casadocuidar.org.br\/noticias\/8o-forum-sobre-cuidados-paliativos-2018-em-ponta-grossa\/#primaryimage"},"image":{"@id":"https:\/\/www.casadocuidar.org.br\/noticias\/8o-forum-sobre-cuidados-paliativos-2018-em-ponta-grossa\/#primaryimage"},"thumbnailUrl":"https:\/\/www.casadocuidar.org.br\/website\/wp-content\/uploads\/2018\/08\/Forum-Cuidados-Paliativos-PontaGrossa.png","datePublished":"2018-08-01T13:04:32+00:00","dateModified":"2018-08-02T20:44:55+00:00","breadcrumb":{"@id":"https:\/\/www.casadocuidar.org.br\/noticias\/8o-forum-sobre-cuidados-paliativos-2018-em-ponta-grossa\/#breadcrumb"},"inLanguage":"en-US","potentialAction":[{"@type":"ReadAction","target":["https:\/\/www.casadocuidar.org.br\/noticias\/8o-forum-sobre-cuidados-paliativos-2018-em-ponta-grossa\/"]}]},{"@type":"ImageObject","inLanguage":"en-US","@id":"https:\/\/www.casadocuidar.org.br\/noticias\/8o-forum-sobre-cuidados-paliativos-2018-em-ponta-grossa\/#primaryimage","url":"https:\/\/www.casadocuidar.org.br\/website\/wp-content\/uploads\/2018\/08\/Forum-Cuidados-Paliativos-PontaGrossa.png","contentUrl":"https:\/\/www.casadocuidar.org.br\/website\/wp-content\/uploads\/2018\/08\/Forum-Cuidados-Paliativos-PontaGrossa.png","width":679,"height":452},{"@type":"BreadcrumbList","@id":"https:\/\/www.casadocuidar.org.br\/noticias\/8o-forum-sobre-cuidados-paliativos-2018-em-ponta-grossa\/#breadcrumb","itemListElement":[{"@type":"ListItem","position":1,"name":"In\u00edcio","item":"https:\/\/www.casadocuidar.org.br\/en\/"},{"@type":"ListItem","position":2,"name":"8\u00ba F\u00f3rum sobre Cuidados Paliativos 2018, em Ponta Grossa"}]},{"@type":"WebSite","@id":"https:\/\/www.casadocuidar.org.br\/#website","url":"https:\/\/www.casadocuidar.org.br\/","name":"Casa do Cuidar","description":"Pr\u00e1tica e ensino em cuidados paliativos","publisher":{"@id":"https:\/\/www.casadocuidar.org.br\/#organization"},"potentialAction":[{"@type":"SearchAction","target":{"@type":"EntryPoint","urlTemplate":"https:\/\/www.casadocuidar.org.br\/?s={search_term_string}"},"query-input":{"@type":"PropertyValueSpecification","valueRequired":true,"valueName":"search_term_string"}}],"inLanguage":"en-US"},{"@type":"Organization","@id":"https:\/\/www.casadocuidar.org.br\/#organization","name":"Casa do Cuidar \u2013 Pr\u00e1tica e ensino em cuidados paliativos","url":"https:\/\/www.casadocuidar.org.br\/","logo":{"@type":"ImageObject","inLanguage":"en-US","@id":"https:\/\/www.casadocuidar.org.br\/#\/schema\/logo\/image\/","url":"https:\/\/www.casadocuidar.org.br\/website\/wp-content\/uploads\/2018\/08\/casadocuidar-logoshare.png","contentUrl":"https:\/\/www.casadocuidar.org.br\/website\/wp-content\/uploads\/2018\/08\/casadocuidar-logoshare.png","width":500,"height":500,"caption":"Casa do Cuidar \u2013 Pr\u00e1tica e ensino em cuidados paliativos"},"image":{"@id":"https:\/\/www.casadocuidar.org.br\/#\/schema\/logo\/image\/"}},{"@type":"Person","@id":"https:\/\/www.casadocuidar.org.br\/#\/schema\/person\/5d8486dbe13a88a6dd6b40aea91d2c5b","name":"Casa do Cuidar","image":{"@type":"ImageObject","inLanguage":"en-US","@id":"https:\/\/secure.gravatar.com\/avatar\/a541283949c7bab9ba4ffc45152502c19a06dfbcb0af94e6b46d94a21476ffae?s=96&d=mm&r=g","url":"https:\/\/secure.gravatar.com\/avatar\/a541283949c7bab9ba4ffc45152502c19a06dfbcb0af94e6b46d94a21476ffae?s=96&d=mm&r=g","contentUrl":"https:\/\/secure.gravatar.com\/avatar\/a541283949c7bab9ba4ffc45152502c19a06dfbcb0af94e6b46d94a21476ffae?s=96&d=mm&r=g","caption":"Casa do Cuidar"}}]}},"_links":{"self":[{"href":"https:\/\/www.casadocuidar.org.br\/en\/wp-json\/wp\/v2\/posts\/834","targetHints":{"allow":["GET"]}}],"collection":[{"href":"https:\/\/www.casadocuidar.org.br\/en\/wp-json\/wp\/v2\/posts"}],"about":[{"href":"https:\/\/www.casadocuidar.org.br\/en\/wp-json\/wp\/v2\/types\/post"}],"author":[{"embeddable":true,"href":"https:\/\/www.casadocuidar.org.br\/en\/wp-json\/wp\/v2\/users\/1"}],"replies":[{"embeddable":true,"href":"https:\/\/www.casadocuidar.org.br\/en\/wp-json\/wp\/v2\/comments?post=834"}],"version-history":[{"count":0,"href":"https:\/\/www.casadocuidar.org.br\/en\/wp-json\/wp\/v2\/posts\/834\/revisions"}],"wp:featuredmedia":[{"embeddable":true,"href":"https:\/\/www.casadocuidar.org.br\/en\/wp-json\/wp\/v2\/media\/835"}],"wp:attachment":[{"href":"https:\/\/www.casadocuidar.org.br\/en\/wp-json\/wp\/v2\/media?parent=834"}],"wp:term":[{"taxonomy":"category","embeddable":true,"href":"https:\/\/www.casadocuidar.org.br\/en\/wp-json\/wp\/v2\/categories?post=834"},{"taxonomy":"post_tag","embeddable":true,"href":"https:\/\/www.casadocuidar.org.br\/en\/wp-json\/wp\/v2\/tags?post=834"}],"curies":[{"name":"wp","href":"https:\/\/api.w.org\/{rel}","templated":true}]}}