{"id":8172,"date":"2020-12-09T11:00:57","date_gmt":"2020-12-09T14:00:57","guid":{"rendered":"https:\/\/www.casadocuidar.org.br\/?p=8172"},"modified":"2020-12-09T14:25:57","modified_gmt":"2020-12-09T17:25:57","slug":"caring-for-the-caregiver-london","status":"publish","type":"post","link":"https:\/\/www.casadocuidar.org.br\/en\/courses\/caring-for-the-caregiver-london\/","title":{"rendered":"Caring for the Caregiver &#8211; London"},"content":{"rendered":"<div class=\"wpb-content-wrapper\"><p>[vc_row][vc_column width=&#8221;2\/12&#8243;][\/vc_column][vc_column width=&#8221;8\/12&#8243;][vc_column_text]<span style=\"color: #ff0000;\"><strong>Aten\u00e7\u00e3o: Curso suspenso temporariamente devido \u00e0 pandemia.<\/strong><\/span><\/p>\n<p>Entre os dias 30 de setembro e 4 de outubro de 2020, a Casa do Cuidar oferecer\u00e1 o Cuidando de Quem Cuida em Londres. O programa\u00a0combina a nossa abordagem de pensar o auto-cuidado para profissionais de sa\u00fade, juntamente com aprendizados sobre a hist\u00f3ria de cuidados paliativos.<\/p>\n<p>Ser\u00e3o cinco dias de uma jornada sobre o cuidar: Despertar o olhar e conhecer lugares em sintonia com nossa escolha profissional.<\/p>\n<p>No programa teremos aulas, oficinas, visita ao St. Christopher\u00b4s Hospice, ao Highgate Cemetery e a outros locais hist\u00f3ricos relacionados \u00e0 sa\u00fade e ao movimento hospice, que nasceu na Inglaterra.<\/p>\n<p>Vamos visitar galerias de artes, conhecer a St Paul\u2019s Cathedral, caminhar \u00e0 beira do T\u00e2misa e desfrutar de viv\u00eancias que alimentem nossa alma e nos ensinem mais do que gostamos de aprender.<\/p>\n<p>Sabemos que o investimento \u00e9 significativo, mas acreditamos que passaremos dias incr\u00edveis juntos.<\/p>\n<p>Para aqueles que se preocupam com a quest\u00e3o da l\u00edngua: as atividades feitas por n\u00f3s ser\u00e3o em portugu\u00eas. E as atividades realizadas nas institui\u00e7\u00f5es mencionadas acima ser\u00e3o em ingl\u00eas. Por\u00e9m, teremos sempre tempo para discuss\u00f5es e reflex\u00f5es ap\u00f3s as atividades em ingl\u00eas, de forma que todos possam esclarecer d\u00favidas e compreender melhor os conte\u00fados passados.<\/p>\n<p>Esperamos voc\u00eas de bra\u00e7os abertos![\/vc_column_text][\/vc_column][vc_column width=&#8221;2\/12&#8243;][\/vc_column][\/vc_row][vc_row full_width=&#8221;stretch_row&#8221; css=&#8221;.vc_custom_1580741167858{margin-bottom: 0px !important;padding-top: 30px !important;padding-bottom: 30px !important;background-color: #efefef !important;}&#8221;][vc_column width=&#8221;1\/6&#8243;][\/vc_column][vc_column width=&#8221;2\/3&#8243;][vc_column_text]<\/p>\n<h3>Programa\u00e7\u00e3o<\/h3>\n<p><strong>Quarta-feira, 30 de setembro<\/strong><br \/>\n09h00 \u2013 Chegada, encontro do grupo e apresenta\u00e7\u00e3o do <em>Cuidando de Quem Cuida<\/em>: a import\u00e2ncia do auto-cuidado \/\u00a0Marcos Viliotti: toque terap\u00eautico<br \/>\n12h00 \u2013 Almo\u00e7o com o grupo (English Pub)<br \/>\n14h00 \u2013 No parque: conversa sobre \u201cComo as Artes me tocam\u201d: sensibiliza\u00e7\u00e3o para as artes<br \/>\n17h00 \u2013 Intervalo para descanso<br \/>\n19h00 \u2013 A morte no jantar<\/p>\n<p><strong>Quinta-feira, 1\u00ba de outubro<\/strong><br \/>\n10h00 \u2013 Visita a St Paul&#8217;s Cathedral: reflex\u00f5es sobre espiritualidade e auto-cuidado<br \/>\n13h00 \u2013 Almo\u00e7o perto da Wellcome Collection<br \/>\n14h00 \u2013 Escuta do corpo com Kiara Terra<br \/>\n15h00 \u2013 Wellcome Collection<br \/>\n19h00 \u2013 Jantar livre<\/p>\n<p><strong>Sexta-feira, 2 de outubro<br \/>\n<\/strong>9h30 \u2013 St. Christopher\u00b4s<br \/>\nHalf a day guide visit<br \/>\n13h00 \u2013 Almo\u00e7o e conversa sobre visita no St. Christopher&#8217;s Hospice<br \/>\nPasseio Crystal Palace<br \/>\nReflex\u00f5es sobre cuida-dos paliativos visto no St. Christopher&#8217;s e as diferen\u00e7as da pr\u00e1tica no Brasil<br \/>\n18h00 \u2013 Apresenta\u00e7\u00e3o Kiara Terra e jantar: conta\u00e7\u00e3o de hist\u00f3ria<\/p>\n<p><strong>S\u00e1bado, 3 de outubro<\/strong><br \/>\n10h30 \u2013 Nightingale tour museum: nascimento da enfermagem moderna<br \/>\n13h00 \u2013 Almo\u00e7o<br \/>\n14h00 \u2013 Visita \u00e0 TATE<br \/>\n17h00 \u2013 Conversa sobre a visita: Como fui tocado pelas artes pl\u00e1sticas?<br \/>\n18h00 \u2013 Jantar livre<\/p>\n<p><strong>Domingo, 4 de outubro<\/strong><br \/>\n10h30 \u2013 Highgate Cemetery visit<br \/>\n14h00 \u2013 Almo\u00e7o e din\u00e2mica de encerramento[\/vc_column_text][\/vc_column][vc_column width=&#8221;1\/6&#8243;][\/vc_column][\/vc_row][vc_row][vc_column width=&#8221;2\/12&#8243;][\/vc_column][vc_column width=&#8221;2\/12&#8243;][vc_single_image image=&#8221;598&#8243; alignment=&#8221;center&#8221; style=&#8221;vc_box_circle_2&#8243; image_hovers=&#8221;false&#8221;][\/vc_column][vc_column width=&#8221;6\/12&#8243;][vc_column_text]<\/p>\n<h3>Fernanda Rizzo di Lione<\/h3>\n<p class=\"CorpoA\">Psic\u00f3loga \u00edtalo-brasileira, formada pela Pont\u00edficia Universidade Cat\u00f3lica de S\u00e3o Paulo -1996, Mestrado em Psicologia de Sa\u00fade pela City University de Londres, Reino Unido, 1998. Especialista em Psico-Oncologia pela Sociedade Brasileira de Psico-Oncologia (desde 2005) e Cuidados ao Paciente com Dor pelo Instituto de Ensino e Pesquisa do Hospital S\u00edrio-Liban\u00eas em S\u00e3o Paulo (2005). Formada em Terapia de Grupo com enfoque Fenomenol\u00f3gico \u2013Existencial, pelo Instituto Fen\u00f4 e Grupos, S\u00e3o Paulo (2009).<\/p>\n<p class=\"CorpoA\">Membro da diretoria da Sociedade Brasileira de Psico-Oncologia, gest\u00e3o 2010-2013 e coordenadora da Unidade de Psicologia Hospitalar do Hospital S\u00edrio-Liban\u00eas em S\u00e3o Paulo, de 2005 a 2011. Membro da Associa\u00e7\u00e3o Brasileira de Daseinsanalyse, afiliada a International Federation of Daseinsanalyse (IFDA) de Zurich.<\/p>\n<p class=\"CorpoA\">Psic\u00f3loga da ONG Casa do Cuidar, onde trabalha com ensino e pr\u00e1tica de Cuidados Paliativos. Foi co-coordenadora da P\u00f3s-Gradua\u00e7\u00e3o em Cuidados Paliativos e do Projeto Cuidando de quem cuida entre 2017-18. Autora de artigos e cap\u00edtulos de livros em Psicologia da Sa\u00fade, Psico-Oncologia, Dor e Cuidados Paliativos.<\/p>\n<p class=\"CorpoA\">Trabalha como psic\u00f3loga cl\u00ednica no referencial te\u00f3rico Fenomenol\u00f3gico \u2013 Existencial com crian\u00e7as e adultos. Atualmente est\u00e1 morando em Madrid e trabalha utilizando ferramentas virtuais (como por exemplo Skype) com seus clientes. Junto com a Cris est\u00e1 sonhando e realizando o 1\u00ba Cuidando de quem Cuida no pa\u00eds onde nasceu os Cuidados Paliativos.<\/p>\n<p>[\/vc_column_text][\/vc_column][vc_column width=&#8221;2\/12&#8243;][\/vc_column][\/vc_row][vc_row][vc_column width=&#8221;2\/12&#8243;][\/vc_column][vc_column width=&#8221;2\/12&#8243;][vc_single_image image=&#8221;617&#8243; alignment=&#8221;center&#8221; style=&#8221;vc_box_circle_2&#8243; image_hovers=&#8221;false&#8221;][\/vc_column][vc_column width=&#8221;6\/12&#8243;][vc_column_text]<\/p>\n<h3><a href=\"https:\/\/www.casadocuidar.org.br\/nossa-equipe\/\">Cristiane Ferraz Prade<\/a><\/h3>\n<p>Graduada em psicologia pela Universidade Mackenzie, em S\u00e3o Paulo &#8211; 1996. Mestrado em musicoterapia pela Universidade de Nova York, nos EUA &#8211; 1999.<\/p>\n<p>Trabalhou em hospitais nos EUA (Beth Israel Hospital e Mount Sinai Hospital) e no Brasil (Hospital da Benefic\u00eancia Portuguesa, Hospital Albert Einstein e Hospital S\u00edrio-Liban\u00eas), no cuidado a pacientes graves e em fase final de vida.<\/p>\n<p>Co-fundadora da primeira ONG no Brasil dedicada a ensino e pr\u00e1tica de cuidados paliativos, a Casa do Cuidar &#8211; 2007, onde organizou cursos, palestras, congressos e projetos voltados ao suporte volunt\u00e1rio para pacientes e fam\u00edlias, bem como auto-cuidado para profissionais de sa\u00fade. Atualmente vice-presidente da institui\u00e7\u00e3o residindo na Inglaterra, de onde coordena o curso b\u00e1sico multiprofissional \u00e0 dist\u00e2ncia e explora novas formas de expandir a filosofia de cuidados paliativos atrav\u00e9s do projeto <a href=\"https:\/\/www.vitalkompass.com\">Vital Kompass<\/a>.<\/p>\n<p>Na pr\u00e1tica cl\u00ednica, trabalha integrando musicoterapia na abordagem psicol\u00f3gica existencialista. Autora de cap\u00edtulos de livros em musicoterapia, psicologia hospitalar e cuidados paliativos. Organizadora de dois livros sobre auto-cuidado para profissionais de sa\u00fade. Neste momento, est\u00e1 vivendo um novo cap\u00edtulo de sua vida, morando em Londres, de onde atende seus clientes atrav\u00e9s de ferramentas virtuais, al\u00e9m de explorar novos aprendizados. Junto com a F\u00ea est\u00e1 sonhando e realizando o 1\u00ba Cuidando de quem Cuida no pa\u00eds onde nasceu os Cuidados Paliativos.[\/vc_column_text][\/vc_column][vc_column width=&#8221;2\/12&#8243;][\/vc_column][\/vc_row][vc_row][vc_column width=&#8221;2\/12&#8243;][\/vc_column][vc_column width=&#8221;2\/12&#8243;][vc_single_image image=&#8221;4660&#8243; alignment=&#8221;center&#8221; style=&#8221;vc_box_circle_2&#8243; image_hovers=&#8221;false&#8221;][\/vc_column][vc_column width=&#8221;6\/12&#8243;][vc_column_text]<\/p>\n<h3>Kiara Terra<\/h3>\n<p class=\"CorpoA\">Nasceu em S\u00e3o Paulo quase na noite de S\u00e3o Jo\u00e3o e sempre gostou de inventar palavras. Fez Arte Dram\u00e1tica no C\u00e9lia Helena Teatro-escola e Comunica\u00e7\u00e3o das Artes do Corpo na Pont\u00edficia universidade Cat\u00f3lica de S\u00e3o Paulo, co habita\u00e7\u00e3o em Performance Arte. Em 1998 iniciou a pesquisa do m\u00e9todo de narrativas colaborativas a partir da escuta das perguntas do seu p\u00fablico. Fundou <i>\u201c<\/i><i>A Hist<\/i><i>\u00f3<\/i><i>ria Aberta<\/i><i>\u201d<\/i><i> <\/i>que integra moralidade improvisa\u00e7\u00e3o.<\/p>\n<p class=\"CorpoA\">Os professores se interessam pelas hist\u00f3rias de Kiara e ela passou a viver uma intensa jornada formando professores pelo Brasil. E viajou por importantes iniciativas ligadas \u00e0 defesa dos direitos das crian\u00e7as e jovens. Os resultados dessa jornada foram a publica\u00e7\u00e3o de livros de literatura infantil, publica\u00e7\u00f5es ligadas \u00e0literatura e participa\u00e7\u00f5es em sites e plataformas digitais de conte\u00fados relacionados a forma\u00e7\u00e3o de leitores.<\/p>\n<p class=\"CorpoA\">H\u00e1 10 anos participa dos cursos de forma\u00e7\u00e3o de profissionais de cuidados paliativos da Casa do Cuidar, nacional e internacionalmente, com trabalho cujo foco s\u00e3o as narrativas e o fim da vida. Kiara atualmente mora em Portugal, e \u00e9 doutoranda em Antropologia da Inf\u00e2ncia na Universidade do Minho.<\/p>\n<p>[\/vc_column_text][\/vc_column][vc_column width=&#8221;2\/12&#8243;][\/vc_column][\/vc_row][vc_row][vc_column width=&#8221;2\/12&#8243;][\/vc_column][vc_column width=&#8221;2\/12&#8243;][vc_single_image image=&#8221;4658&#8243; alignment=&#8221;center&#8221; style=&#8221;vc_box_circle_2&#8243; image_hovers=&#8221;false&#8221;][\/vc_column][vc_column width=&#8221;6\/12&#8243;][vc_column_text]<\/p>\n<h3>Marcos Viliotti<\/h3>\n<p class=\"CorpoA\">Mora em Londres h\u00e1 30 anos, tem sangue brasileiro e um jeito cuidadoso muito brit\u00e2nico. Depois de 20 anos na \u00e1rea de computa\u00e7\u00e3o come\u00e7ou a fazer cursos em terapia complementar e gostou tanto que em 2008 deixou o computador para se dedicar integralmente \u00e0 \u00e1rea da sa\u00fade complementar. Em 2009 come\u00e7ou a fazer massagem e reflexologia em um hospice no norte de Londres e em 2011 conseguiu uma vaga na equipe de terapia complementar no St Christopher\u2019s, onde atua at\u00e9 hoje.<\/p>\n<p class=\"CorpoA\">Atualmente oferece massagem, aromaterapia, pedras quentes, polaridade (balanceamento energ\u00e9tico atrav\u00e9s da manipula\u00e7\u00e3o do corpo), reflexologia e acupuntura auricular. Tamb\u00e9m d\u00e1 aulas de yoga. \u00c9 parceiro e participou do curso de terapias integrativas da Casa do Cuidar.<\/p>\n<p>[\/vc_column_text][\/vc_column][vc_column width=&#8221;2\/12&#8243;][\/vc_column][\/vc_row][vc_row full_width=&#8221;stretch_row&#8221; css=&#8221;.vc_custom_1580742512613{background-color: #f7f7f7 !important;}&#8221;][vc_column width=&#8221;2\/12&#8243;][\/vc_column][vc_column width=&#8221;8\/12&#8243;][vc_column_text]<\/p>\n<h3>Investimento<\/h3>\n<p>Reserva de vaga at\u00e9 1\u00ba de julho R$ 1.100,00<br \/>\nReserva de\u00a0vaga at\u00e9 1\u00ba de setembro R$ 1.300,00<\/p>\n<p>Na chegada ao Reino Unido, pagamento de 600 libras.<\/p>\n<p>Despesas com passagem a\u00e9rea, hospedagem, transporte, alimenta\u00e7\u00e3o e lazer n\u00e3o est\u00e3o inclu\u00eddas no valor acima. Estimamos um gasto di\u00e1rio de 55 libras com alimenta\u00e7\u00e3o, transporte e uma folguinha; mas para quem est\u00e1 com a vida mais justa, imaginamos que 40 libras seja suficiente. Al\u00e9m disso, estamos super dispon\u00edveis para ajudar no que cada um precisar.<\/p>\n<p>Qualquer d\u00favida, entrem em contato com Cris ou F\u00ea (<a href=\"mailto:cristiane@casadocuidar.org.br\">cristiane@casadocuidar.org.br<\/a> +44 7400139520 e <a href=\"mailto:fernanda.dilione@gmail.com\">fernanda.dilione@gmail.com<\/a> +34 655435440)<\/p>\n<p>Estamos mega animadas com o I Cuidando de Quem Cuida &#8211; Londres!<br \/>\nBeijos,<br \/>\nF\u00ea e Cris[\/vc_column_text][\/vc_column][vc_column width=&#8221;2\/12&#8243;][\/vc_column][\/vc_row][vc_row full_width=&#8221;stretch_row&#8221; disable_element=&#8221;yes&#8221; css=&#8221;.vc_custom_1596739616483{padding-top: 20px !important;padding-bottom: 20px !important;background-image: url(https:\/\/www.casadocuidar.org.br\/website\/wp-content\/uploads\/2019\/12\/cdqc-londres-background.jpg?id=4008) !important;background-position: center !important;background-repeat: no-repeat !important;background-size: cover !important;}&#8221;][vc_column width=&#8221;1\/6&#8243;][\/vc_column][vc_column width=&#8221;2\/3&#8243; css=&#8221;.vc_custom_1578919496320{padding: 30px !important;background-color: rgba(255,255,255,0.92) !important;*background-color: rgb(255,255,255) !important;}&#8221;]<div class=\"woocommerce\">\t\t\t<div class=\"single-product\" data-product-page-preselected-id=\"0\">\n\t\t\t\t<div class=\"woocommerce-notices-wrapper\"><\/div><div id=\"product-4162\" class=\"member-discount discount-restricted description-off product type-product post-4162 status-publish first outofstock product_cat-cursos has-post-thumbnail virtual sold-individually purchasable product-type-simple\">\n\n\t<div class=\"woocommerce-product-gallery woocommerce-product-gallery--with-images woocommerce-product-gallery--columns-4 images\" data-columns=\"4\" style=\"opacity: 0; transition: opacity .25s ease-in-out;\">\n\t<div class=\"woocommerce-product-gallery__wrapper\">\n\t\t<div data-thumb=\"https:\/\/www.casadocuidar.org.br\/website\/wp-content\/uploads\/woocommerce-placeholder-200x200.png\" data-thumb-alt=\"Inscri\u00e7\u00e3o no curso Cuidando de Quem Cuida LONDRES\" data-thumb-srcset=\"https:\/\/www.casadocuidar.org.br\/website\/wp-content\/uploads\/woocommerce-placeholder-200x200.png 200w, https:\/\/www.casadocuidar.org.br\/website\/wp-content\/uploads\/woocommerce-placeholder-300x300.png 300w, https:\/\/www.casadocuidar.org.br\/website\/wp-content\/uploads\/woocommerce-placeholder-150x150.png 150w, https:\/\/www.casadocuidar.org.br\/website\/wp-content\/uploads\/woocommerce-placeholder-768x768.png 768w, https:\/\/www.casadocuidar.org.br\/website\/wp-content\/uploads\/woocommerce-placeholder-1024x1024.png 1024w, https:\/\/www.casadocuidar.org.br\/website\/wp-content\/uploads\/woocommerce-placeholder.png 500w\"  data-thumb-sizes=\"(max-width: 200px) 100vw, 200px\" class=\"woocommerce-product-gallery__image\"><a href=\"https:\/\/www.casadocuidar.org.br\/website\/wp-content\/uploads\/woocommerce-placeholder.png\"><img fetchpriority=\"high\" decoding=\"async\" width=\"500\" height=\"500\" src=\"https:\/\/www.casadocuidar.org.br\/website\/wp-content\/uploads\/woocommerce-placeholder.png\" class=\"wp-post-image\" alt=\"Inscri\u00e7\u00e3o no curso Cuidando de Quem Cuida LONDRES\" data-caption=\"\" data-src=\"https:\/\/www.casadocuidar.org.br\/website\/wp-content\/uploads\/woocommerce-placeholder.png\" data-large_image=\"https:\/\/www.casadocuidar.org.br\/website\/wp-content\/uploads\/woocommerce-placeholder.png\" data-large_image_width=\"500\" data-large_image_height=\"500\" srcset=\"https:\/\/www.casadocuidar.org.br\/website\/wp-content\/uploads\/woocommerce-placeholder.png 500w, https:\/\/www.casadocuidar.org.br\/website\/wp-content\/uploads\/woocommerce-placeholder-300x300.png 300w, https:\/\/www.casadocuidar.org.br\/website\/wp-content\/uploads\/woocommerce-placeholder-200x200.png 200w, https:\/\/www.casadocuidar.org.br\/website\/wp-content\/uploads\/woocommerce-placeholder-150x150.png 150w, https:\/\/www.casadocuidar.org.br\/website\/wp-content\/uploads\/woocommerce-placeholder-768x768.png 768w, https:\/\/www.casadocuidar.org.br\/website\/wp-content\/uploads\/woocommerce-placeholder-1024x1024.png 1024w\" sizes=\"(max-width: 500px) 100vw, 500px\" \/><\/a><\/div>\t<\/div>\n<\/div>\n\n\t<div class=\"summary entry-summary\">\n\t\t<h1 class=\"product_title entry-title\">Inscri\u00e7\u00e3o no curso Cuidando de Quem Cuida LONDRES<\/h1>\n<p class=\"price\"><span class=\"woocommerce-Price-amount amount\"><bdi><span class=\"woocommerce-Price-currencySymbol\">&#82;&#36;<\/span>&nbsp;1.300,00<\/bdi><\/span><\/p>\n<p class=\"stock out-of-stock\">Out of stock<\/p>\n<p class=\"first-payment-date\"><small><\/small><\/p><div class=\"product_meta\">\n\n\t\n\n\n\t<span class=\"posted_in\">Category: <a href=\"https:\/\/www.casadocuidar.org.br\/categoria-doacao\/cursos\/\" rel=\"tag\">Cursos<\/a><\/span>\n\t\n\t\n\t\n<\/div>\n\t<\/div>\n\n\t<\/div>\n\n\t\t\t<\/div>\n\t\t\t<\/div>[\/vc_column][vc_column width=&#8221;1\/6&#8243;][\/vc_column][\/vc_row]<\/p>\n<\/div>","protected":false},"excerpt":{"rendered":"<p>[vc_row][vc_column width=&#8221;2\/12&#8243;][\/vc_column][vc_column width=&#8221;8\/12&#8243;][vc_column_text]Aten\u00e7\u00e3o: Curso suspenso temporariamente devido \u00e0 pandemia. Entre os dias 30 de setembro e 4 de outubro de 2020, a Casa do Cuidar oferecer\u00e1 o Cuidando de Quem Cuida em Londres. O programa\u00a0combina a nossa abordagem de pensar o auto-cuidado para profissionais de sa\u00fade, juntamente com aprendizados sobre a hist\u00f3ria de cuidados paliativos.&hellip;<\/p>\n","protected":false},"author":1,"featured_media":4009,"comment_status":"closed","ping_status":"closed","sticky":false,"template":"","format":"standard","meta":{"_acf_changed":false,"footnotes":""},"categories":[157],"tags":[],"class_list":["post-8172","post","type-post","status-publish","format-standard","has-post-thumbnail","hentry","category-courses","description-off"],"acf":[],"yoast_head":"<!-- This site is optimized with the Yoast SEO plugin v27.5 - https:\/\/yoast.com\/product\/yoast-seo-wordpress\/ -->\n<title>Caring for the Caregiver - London - Casa do Cuidar<\/title>\n<meta name=\"robots\" content=\"index, follow, max-snippet:-1, max-image-preview:large, max-video-preview:-1\" \/>\n<link rel=\"canonical\" href=\"https:\/\/www.casadocuidar.org.br\/?p=4007\" \/>\n<meta property=\"og:locale\" content=\"en_US\" \/>\n<meta property=\"og:type\" content=\"article\" \/>\n<meta property=\"og:title\" content=\"Caring for the Caregiver - London - Casa do Cuidar\" \/>\n<meta property=\"og:description\" content=\"[vc_row][vc_column width=&#8221;2\/12&#8243;][\/vc_column][vc_column width=&#8221;8\/12&#8243;][vc_column_text]Aten\u00e7\u00e3o: Curso suspenso temporariamente devido \u00e0 pandemia. Entre os dias 30 de setembro e 4 de outubro de 2020, a Casa do Cuidar oferecer\u00e1 o Cuidando de Quem Cuida em Londres. O programa\u00a0combina a nossa abordagem de pensar o auto-cuidado para profissionais de sa\u00fade, juntamente com aprendizados sobre a hist\u00f3ria de cuidados paliativos.&hellip;\" \/>\n<meta property=\"og:url\" content=\"https:\/\/www.casadocuidar.org.br\/?p=4007\" \/>\n<meta property=\"og:site_name\" content=\"Casa do Cuidar\" \/>\n<meta property=\"article:published_time\" content=\"2020-12-09T14:00:57+00:00\" \/>\n<meta property=\"article:modified_time\" content=\"2020-12-09T17:25:57+00:00\" \/>\n<meta property=\"og:image\" content=\"https:\/\/www.casadocuidar.org.br\/website\/wp-content\/uploads\/2019\/12\/cdqc-londres-background.jpg\" \/>\n\t<meta property=\"og:image:width\" content=\"1200\" \/>\n\t<meta property=\"og:image:height\" content=\"801\" \/>\n\t<meta property=\"og:image:type\" content=\"image\/jpeg\" \/>\n<meta name=\"author\" content=\"Casa do Cuidar\" \/>\n<meta name=\"twitter:card\" content=\"summary_large_image\" \/>\n<meta name=\"twitter:label1\" content=\"Written by\" \/>\n\t<meta name=\"twitter:data1\" content=\"Casa do Cuidar\" \/>\n\t<meta name=\"twitter:label2\" content=\"Est. reading time\" \/>\n\t<meta name=\"twitter:data2\" content=\"8 minutes\" \/>\n<script type=\"application\/ld+json\" class=\"yoast-schema-graph\">{\"@context\":\"https:\\\/\\\/schema.org\",\"@graph\":[{\"@type\":\"Article\",\"@id\":\"https:\\\/\\\/www.casadocuidar.org.br\\\/?p=4007#article\",\"isPartOf\":{\"@id\":\"https:\\\/\\\/www.casadocuidar.org.br\\\/?p=4007\"},\"author\":{\"name\":\"Casa do Cuidar\",\"@id\":\"https:\\\/\\\/www.casadocuidar.org.br\\\/#\\\/schema\\\/person\\\/5d8486dbe13a88a6dd6b40aea91d2c5b\"},\"headline\":\"Caring for the Caregiver &#8211; London\",\"datePublished\":\"2020-12-09T14:00:57+00:00\",\"dateModified\":\"2020-12-09T17:25:57+00:00\",\"mainEntityOfPage\":{\"@id\":\"https:\\\/\\\/www.casadocuidar.org.br\\\/?p=4007\"},\"wordCount\":1698,\"publisher\":{\"@id\":\"https:\\\/\\\/www.casadocuidar.org.br\\\/#organization\"},\"image\":{\"@id\":\"https:\\\/\\\/www.casadocuidar.org.br\\\/?p=4007#primaryimage\"},\"thumbnailUrl\":\"https:\\\/\\\/www.casadocuidar.org.br\\\/website\\\/wp-content\\\/uploads\\\/2019\\\/12\\\/cdqc-londres-background.jpg\",\"articleSection\":[\"Courses\"],\"inLanguage\":\"en-US\"},{\"@type\":\"WebPage\",\"@id\":\"https:\\\/\\\/www.casadocuidar.org.br\\\/?p=4007\",\"url\":\"https:\\\/\\\/www.casadocuidar.org.br\\\/?p=4007\",\"name\":\"Caring for the Caregiver - London - Casa do Cuidar\",\"isPartOf\":{\"@id\":\"https:\\\/\\\/www.casadocuidar.org.br\\\/#website\"},\"primaryImageOfPage\":{\"@id\":\"https:\\\/\\\/www.casadocuidar.org.br\\\/?p=4007#primaryimage\"},\"image\":{\"@id\":\"https:\\\/\\\/www.casadocuidar.org.br\\\/?p=4007#primaryimage\"},\"thumbnailUrl\":\"https:\\\/\\\/www.casadocuidar.org.br\\\/website\\\/wp-content\\\/uploads\\\/2019\\\/12\\\/cdqc-londres-background.jpg\",\"datePublished\":\"2020-12-09T14:00:57+00:00\",\"dateModified\":\"2020-12-09T17:25:57+00:00\",\"breadcrumb\":{\"@id\":\"https:\\\/\\\/www.casadocuidar.org.br\\\/?p=4007#breadcrumb\"},\"inLanguage\":\"en-US\",\"potentialAction\":[{\"@type\":\"ReadAction\",\"target\":[\"https:\\\/\\\/www.casadocuidar.org.br\\\/?p=4007\"]}]},{\"@type\":\"ImageObject\",\"inLanguage\":\"en-US\",\"@id\":\"https:\\\/\\\/www.casadocuidar.org.br\\\/?p=4007#primaryimage\",\"url\":\"https:\\\/\\\/www.casadocuidar.org.br\\\/website\\\/wp-content\\\/uploads\\\/2019\\\/12\\\/cdqc-londres-background.jpg\",\"contentUrl\":\"https:\\\/\\\/www.casadocuidar.org.br\\\/website\\\/wp-content\\\/uploads\\\/2019\\\/12\\\/cdqc-londres-background.jpg\",\"width\":1200,\"height\":801},{\"@type\":\"BreadcrumbList\",\"@id\":\"https:\\\/\\\/www.casadocuidar.org.br\\\/?p=4007#breadcrumb\",\"itemListElement\":[{\"@type\":\"ListItem\",\"position\":1,\"name\":\"In\u00edcio\",\"item\":\"https:\\\/\\\/www.casadocuidar.org.br\\\/en\\\/\"},{\"@type\":\"ListItem\",\"position\":2,\"name\":\"Caring for the Caregiver &#8211; London\"}]},{\"@type\":\"WebSite\",\"@id\":\"https:\\\/\\\/www.casadocuidar.org.br\\\/#website\",\"url\":\"https:\\\/\\\/www.casadocuidar.org.br\\\/\",\"name\":\"Casa do Cuidar\",\"description\":\"Pr\u00e1tica e ensino em cuidados paliativos\",\"publisher\":{\"@id\":\"https:\\\/\\\/www.casadocuidar.org.br\\\/#organization\"},\"potentialAction\":[{\"@type\":\"SearchAction\",\"target\":{\"@type\":\"EntryPoint\",\"urlTemplate\":\"https:\\\/\\\/www.casadocuidar.org.br\\\/?s={search_term_string}\"},\"query-input\":{\"@type\":\"PropertyValueSpecification\",\"valueRequired\":true,\"valueName\":\"search_term_string\"}}],\"inLanguage\":\"en-US\"},{\"@type\":\"Organization\",\"@id\":\"https:\\\/\\\/www.casadocuidar.org.br\\\/#organization\",\"name\":\"Casa do Cuidar \u2013 Pr\u00e1tica e ensino em cuidados paliativos\",\"url\":\"https:\\\/\\\/www.casadocuidar.org.br\\\/\",\"logo\":{\"@type\":\"ImageObject\",\"inLanguage\":\"en-US\",\"@id\":\"https:\\\/\\\/www.casadocuidar.org.br\\\/#\\\/schema\\\/logo\\\/image\\\/\",\"url\":\"https:\\\/\\\/www.casadocuidar.org.br\\\/website\\\/wp-content\\\/uploads\\\/2018\\\/08\\\/casadocuidar-logoshare.png\",\"contentUrl\":\"https:\\\/\\\/www.casadocuidar.org.br\\\/website\\\/wp-content\\\/uploads\\\/2018\\\/08\\\/casadocuidar-logoshare.png\",\"width\":500,\"height\":500,\"caption\":\"Casa do Cuidar \u2013 Pr\u00e1tica e ensino em cuidados paliativos\"},\"image\":{\"@id\":\"https:\\\/\\\/www.casadocuidar.org.br\\\/#\\\/schema\\\/logo\\\/image\\\/\"}},{\"@type\":\"Person\",\"@id\":\"https:\\\/\\\/www.casadocuidar.org.br\\\/#\\\/schema\\\/person\\\/5d8486dbe13a88a6dd6b40aea91d2c5b\",\"name\":\"Casa do Cuidar\",\"image\":{\"@type\":\"ImageObject\",\"inLanguage\":\"en-US\",\"@id\":\"https:\\\/\\\/secure.gravatar.com\\\/avatar\\\/a541283949c7bab9ba4ffc45152502c19a06dfbcb0af94e6b46d94a21476ffae?s=96&d=mm&r=g\",\"url\":\"https:\\\/\\\/secure.gravatar.com\\\/avatar\\\/a541283949c7bab9ba4ffc45152502c19a06dfbcb0af94e6b46d94a21476ffae?s=96&d=mm&r=g\",\"contentUrl\":\"https:\\\/\\\/secure.gravatar.com\\\/avatar\\\/a541283949c7bab9ba4ffc45152502c19a06dfbcb0af94e6b46d94a21476ffae?s=96&d=mm&r=g\",\"caption\":\"Casa do Cuidar\"}}]}<\/script>\n<!-- \/ Yoast SEO plugin. -->","yoast_head_json":{"title":"Caring for the Caregiver - London - Casa do Cuidar","robots":{"index":"index","follow":"follow","max-snippet":"max-snippet:-1","max-image-preview":"max-image-preview:large","max-video-preview":"max-video-preview:-1"},"canonical":"https:\/\/www.casadocuidar.org.br\/?p=4007","og_locale":"en_US","og_type":"article","og_title":"Caring for the Caregiver - London - Casa do Cuidar","og_description":"[vc_row][vc_column width=&#8221;2\/12&#8243;][\/vc_column][vc_column width=&#8221;8\/12&#8243;][vc_column_text]Aten\u00e7\u00e3o: Curso suspenso temporariamente devido \u00e0 pandemia. Entre os dias 30 de setembro e 4 de outubro de 2020, a Casa do Cuidar oferecer\u00e1 o Cuidando de Quem Cuida em Londres. O programa\u00a0combina a nossa abordagem de pensar o auto-cuidado para profissionais de sa\u00fade, juntamente com aprendizados sobre a hist\u00f3ria de cuidados paliativos.&hellip;","og_url":"https:\/\/www.casadocuidar.org.br\/?p=4007","og_site_name":"Casa do Cuidar","article_published_time":"2020-12-09T14:00:57+00:00","article_modified_time":"2020-12-09T17:25:57+00:00","og_image":[{"width":1200,"height":801,"url":"https:\/\/www.casadocuidar.org.br\/website\/wp-content\/uploads\/2019\/12\/cdqc-londres-background.jpg","type":"image\/jpeg"}],"author":"Casa do Cuidar","twitter_card":"summary_large_image","twitter_misc":{"Written by":"Casa do Cuidar","Est. reading time":"8 minutes"},"schema":{"@context":"https:\/\/schema.org","@graph":[{"@type":"Article","@id":"https:\/\/www.casadocuidar.org.br\/?p=4007#article","isPartOf":{"@id":"https:\/\/www.casadocuidar.org.br\/?p=4007"},"author":{"name":"Casa do Cuidar","@id":"https:\/\/www.casadocuidar.org.br\/#\/schema\/person\/5d8486dbe13a88a6dd6b40aea91d2c5b"},"headline":"Caring for the Caregiver &#8211; London","datePublished":"2020-12-09T14:00:57+00:00","dateModified":"2020-12-09T17:25:57+00:00","mainEntityOfPage":{"@id":"https:\/\/www.casadocuidar.org.br\/?p=4007"},"wordCount":1698,"publisher":{"@id":"https:\/\/www.casadocuidar.org.br\/#organization"},"image":{"@id":"https:\/\/www.casadocuidar.org.br\/?p=4007#primaryimage"},"thumbnailUrl":"https:\/\/www.casadocuidar.org.br\/website\/wp-content\/uploads\/2019\/12\/cdqc-londres-background.jpg","articleSection":["Courses"],"inLanguage":"en-US"},{"@type":"WebPage","@id":"https:\/\/www.casadocuidar.org.br\/?p=4007","url":"https:\/\/www.casadocuidar.org.br\/?p=4007","name":"Caring for the Caregiver - London - Casa do Cuidar","isPartOf":{"@id":"https:\/\/www.casadocuidar.org.br\/#website"},"primaryImageOfPage":{"@id":"https:\/\/www.casadocuidar.org.br\/?p=4007#primaryimage"},"image":{"@id":"https:\/\/www.casadocuidar.org.br\/?p=4007#primaryimage"},"thumbnailUrl":"https:\/\/www.casadocuidar.org.br\/website\/wp-content\/uploads\/2019\/12\/cdqc-londres-background.jpg","datePublished":"2020-12-09T14:00:57+00:00","dateModified":"2020-12-09T17:25:57+00:00","breadcrumb":{"@id":"https:\/\/www.casadocuidar.org.br\/?p=4007#breadcrumb"},"inLanguage":"en-US","potentialAction":[{"@type":"ReadAction","target":["https:\/\/www.casadocuidar.org.br\/?p=4007"]}]},{"@type":"ImageObject","inLanguage":"en-US","@id":"https:\/\/www.casadocuidar.org.br\/?p=4007#primaryimage","url":"https:\/\/www.casadocuidar.org.br\/website\/wp-content\/uploads\/2019\/12\/cdqc-londres-background.jpg","contentUrl":"https:\/\/www.casadocuidar.org.br\/website\/wp-content\/uploads\/2019\/12\/cdqc-londres-background.jpg","width":1200,"height":801},{"@type":"BreadcrumbList","@id":"https:\/\/www.casadocuidar.org.br\/?p=4007#breadcrumb","itemListElement":[{"@type":"ListItem","position":1,"name":"In\u00edcio","item":"https:\/\/www.casadocuidar.org.br\/en\/"},{"@type":"ListItem","position":2,"name":"Caring for the Caregiver &#8211; London"}]},{"@type":"WebSite","@id":"https:\/\/www.casadocuidar.org.br\/#website","url":"https:\/\/www.casadocuidar.org.br\/","name":"Casa do Cuidar","description":"Pr\u00e1tica e ensino em cuidados paliativos","publisher":{"@id":"https:\/\/www.casadocuidar.org.br\/#organization"},"potentialAction":[{"@type":"SearchAction","target":{"@type":"EntryPoint","urlTemplate":"https:\/\/www.casadocuidar.org.br\/?s={search_term_string}"},"query-input":{"@type":"PropertyValueSpecification","valueRequired":true,"valueName":"search_term_string"}}],"inLanguage":"en-US"},{"@type":"Organization","@id":"https:\/\/www.casadocuidar.org.br\/#organization","name":"Casa do Cuidar \u2013 Pr\u00e1tica e ensino em cuidados paliativos","url":"https:\/\/www.casadocuidar.org.br\/","logo":{"@type":"ImageObject","inLanguage":"en-US","@id":"https:\/\/www.casadocuidar.org.br\/#\/schema\/logo\/image\/","url":"https:\/\/www.casadocuidar.org.br\/website\/wp-content\/uploads\/2018\/08\/casadocuidar-logoshare.png","contentUrl":"https:\/\/www.casadocuidar.org.br\/website\/wp-content\/uploads\/2018\/08\/casadocuidar-logoshare.png","width":500,"height":500,"caption":"Casa do Cuidar \u2013 Pr\u00e1tica e ensino em cuidados paliativos"},"image":{"@id":"https:\/\/www.casadocuidar.org.br\/#\/schema\/logo\/image\/"}},{"@type":"Person","@id":"https:\/\/www.casadocuidar.org.br\/#\/schema\/person\/5d8486dbe13a88a6dd6b40aea91d2c5b","name":"Casa do Cuidar","image":{"@type":"ImageObject","inLanguage":"en-US","@id":"https:\/\/secure.gravatar.com\/avatar\/a541283949c7bab9ba4ffc45152502c19a06dfbcb0af94e6b46d94a21476ffae?s=96&d=mm&r=g","url":"https:\/\/secure.gravatar.com\/avatar\/a541283949c7bab9ba4ffc45152502c19a06dfbcb0af94e6b46d94a21476ffae?s=96&d=mm&r=g","contentUrl":"https:\/\/secure.gravatar.com\/avatar\/a541283949c7bab9ba4ffc45152502c19a06dfbcb0af94e6b46d94a21476ffae?s=96&d=mm&r=g","caption":"Casa do Cuidar"}}]}},"_links":{"self":[{"href":"https:\/\/www.casadocuidar.org.br\/en\/wp-json\/wp\/v2\/posts\/8172","targetHints":{"allow":["GET"]}}],"collection":[{"href":"https:\/\/www.casadocuidar.org.br\/en\/wp-json\/wp\/v2\/posts"}],"about":[{"href":"https:\/\/www.casadocuidar.org.br\/en\/wp-json\/wp\/v2\/types\/post"}],"author":[{"embeddable":true,"href":"https:\/\/www.casadocuidar.org.br\/en\/wp-json\/wp\/v2\/users\/1"}],"replies":[{"embeddable":true,"href":"https:\/\/www.casadocuidar.org.br\/en\/wp-json\/wp\/v2\/comments?post=8172"}],"version-history":[{"count":0,"href":"https:\/\/www.casadocuidar.org.br\/en\/wp-json\/wp\/v2\/posts\/8172\/revisions"}],"wp:featuredmedia":[{"embeddable":true,"href":"https:\/\/www.casadocuidar.org.br\/en\/wp-json\/wp\/v2\/media\/4009"}],"wp:attachment":[{"href":"https:\/\/www.casadocuidar.org.br\/en\/wp-json\/wp\/v2\/media?parent=8172"}],"wp:term":[{"taxonomy":"category","embeddable":true,"href":"https:\/\/www.casadocuidar.org.br\/en\/wp-json\/wp\/v2\/categories?post=8172"},{"taxonomy":"post_tag","embeddable":true,"href":"https:\/\/www.casadocuidar.org.br\/en\/wp-json\/wp\/v2\/tags?post=8172"}],"curies":[{"name":"wp","href":"https:\/\/api.w.org\/{rel}","templated":true}]}}