{"id":8161,"date":"2020-12-08T15:34:50","date_gmt":"2020-12-08T18:34:50","guid":{"rendered":"https:\/\/www.casadocuidar.org.br\/?p=8161"},"modified":"2020-12-09T14:17:15","modified_gmt":"2020-12-09T17:17:15","slug":"workshop-spirituality-in-palliative-care","status":"publish","type":"post","link":"https:\/\/www.casadocuidar.org.br\/en\/courses\/workshop-spirituality-in-palliative-care\/","title":{"rendered":"Workshop Spirituality in Palliative Care"},"content":{"rendered":"<div class=\"wpb-content-wrapper\"><p>[vc_row][vc_column width=&#8221;2\/12&#8243;][\/vc_column][vc_column width=&#8221;8\/12&#8243;][vc_column_text]Esse curso de 10h busca oferecer aos profissionais de sa\u00fade instrumentais te\u00f3ricos sobre espiritualidade, no\u00a0sentido de aprimorar os modos de abordagem a esses tipos de demandas que\u00a0surgem nos atendimentos.<\/p>\n<p>Refletir sobre as potencialidades que os estudos sobre espiritualidade agregam \u00e0\u00a0pr\u00e1tica dos cuidados paliativos, entendendo no contexto da dor total, a dor espiritual\u00a0como um lugar significativo para um plano de cuidados plenos.<\/p>\n<h4>Programa<\/h4>\n<p>1) Aproxima\u00e7\u00f5es e Limites entre religiosidade e espiritualidade<\/p>\n<p>2) Espiritualidade e Interdisciplinaridade: eixos metodol\u00f3gicos<\/p>\n<p>3) Experi\u00eancias Intereligiosas: m\u00faltiplos olhares para o sagrado<\/p>\n<p>4) Espiritualidade e Bio\u00e9tica: atravessamentos sobre o cuidar<\/p>\n<p>5) Horizontes de Alteridade: o eu, o tu e o n\u00f3s<\/p>\n<p>6) Sofrimento espiritual: o al\u00edvio e o sagrado<\/p>\n<p>7) Espiritualidade e Cuidados Paliativos: cuidados po\u00e9ticos<\/p>\n<p>8) Estudos de Casos Cl\u00ednicos[\/vc_column_text][\/vc_column][vc_column width=&#8221;2\/12&#8243;][\/vc_column][\/vc_row][vc_row full_width=&#8221;stretch_row&#8221; css=&#8221;.vc_custom_1580741167858{margin-bottom: 0px !important;padding-top: 30px !important;padding-bottom: 30px !important;background-color: #efefef !important;}&#8221;][vc_column width=&#8221;1\/6&#8243;][\/vc_column][vc_column width=&#8221;2\/3&#8243;][vc_column_text]<\/p>\n<h3>Mais informa\u00e7\u00f5es<\/h3>\n<p><strong>Quando:<br \/>\n<\/strong>Dia 28\/08, sexta-feira: das 18h \u00e0s 21h<br \/>\nDia 29\/08, s\u00e1bado: das 09h \u00e0s 17h<\/p>\n<p><strong>Docente:\u00a0<\/strong>Odenicio Junior Marques de Melo<\/p>\n<p><strong>Curso online, por meio da plataforma Zoom<\/strong>[\/vc_column_text][\/vc_column][vc_column width=&#8221;1\/6&#8243;][\/vc_column][\/vc_row][vc_row][vc_column width=&#8221;2\/12&#8243;][\/vc_column][vc_column width=&#8221;3\/12&#8243;][vc_single_image image=&#8221;6824&#8243; img_size=&#8221;full&#8221; alignment=&#8221;center&#8221; style=&#8221;vc_box_shadow&#8221; image_hovers=&#8221;false&#8221;][\/vc_column][vc_column width=&#8221;5\/12&#8243;][vc_column_text]<\/p>\n<h3>Odenicio Junior Marques de Melo<\/h3>\n<p>Capel\u00e3o Hospitalar especializado na abordagem centrada na pessoa, a partir da espiritualidade voltada para o significado. Professor da Casa do Cuidar nas disciplinas de Espiritualidade e Cultura sobre Cuidados Paliativos. Professor e Coordenador Educacional da Funda\u00e7\u00e3o Elisabeth\u00a0K\u00fcbler-Ross\u00a0Brasil, nas disciplinas de Espiritualidade e Cultura em Cuidados Paliativos.\u00a0Capel\u00e3o Titular do\u00a0Hospital Casa Evang\u00e9lico.[\/vc_column_text][\/vc_column][vc_column width=&#8221;2\/12&#8243;][\/vc_column][\/vc_row][vc_row full_width=&#8221;stretch_row&#8221; css=&#8221;.vc_custom_1598540947773{background-color: #f7f7f7 !important;}&#8221;][vc_column width=&#8221;2\/12&#8243;][\/vc_column][vc_column width=&#8221;8\/12&#8243;][vc_column_text]<\/p>\n<h3>Lista de interesse<\/h3>\n<p>As inscri\u00e7\u00f5es para a turma atual foram encerradas. Mas voc\u00ea pode deixar seu nome na lista e o avisaremos assim que abrirmos novas tumas[\/vc_column_text]<noscript class=\"ninja-forms-noscript-message\">\n\tNotice: JavaScript is required for this content.<\/noscript>\n<div id=\"nf-form-2-cont\" class=\"nf-form-cont\" aria-live=\"polite\" aria-labelledby=\"nf-form-title-2\" aria-describedby=\"nf-form-errors-2\" role=\"form\">\n\n    <div class=\"nf-loading-spinner\"><\/div>\n\n<\/div>\n        <!-- That data is being printed as a workaround to page builders reordering the order of the scripts loaded-->\n        <script>var formDisplay=1;var nfForms=nfForms||[];var form=[];form.id='2';form.settings={\"objectType\":\"Form Setting\",\"editActive\":true,\"title\":\"Interesse no curso\",\"show_title\":0,\"clear_complete\":1,\"hide_complete\":1,\"default_label_pos\":\"above\",\"wrapper_class\":\"\",\"element_class\":\"\",\"key\":\"\",\"add_submit\":0,\"currency\":\"\",\"unique_field_error\":\"A form with this value has already been submitted.\",\"logged_in\":false,\"not_logged_in_msg\":\"\",\"sub_limit_msg\":\"The form has reached its submission limit.\",\"calculations\":[],\"container_styles_show_advanced_css\":0,\"title_styles_show_advanced_css\":0,\"row_styles_show_advanced_css\":0,\"row-odd_styles_show_advanced_css\":0,\"success-msg_styles_show_advanced_css\":0,\"error_msg_styles_show_advanced_css\":0,\"formContentData\":[{\"order\":1,\"cells\":[{\"order\":0,\"fields\":[\"nome_1527109801809\"],\"width\":33},{\"order\":1,\"fields\":[\"email_1527109810070\"],\"width\":33},{\"order\":2,\"fields\":[\"telefone_1527109823406\"],\"width\":33}]},{\"order\":2,\"cells\":[{\"order\":0,\"fields\":[\"nome_da_pagina_1594690893053\"],\"width\":\"100\"}]},{\"order\":3,\"cells\":[{\"order\":0,\"fields\":[\"enviar_1527109852602\"],\"width\":\"100\"}]}],\"drawerDisabled\":false,\"changeEmailErrorMsg\":\"Digite um e-mail v\\u00e1lido\",\"changeDateErrorMsg\":\"Please enter a valid date!\",\"confirmFieldErrorMsg\":\"These fields must match!\",\"fieldNumberNumMinError\":\"Number Min Error\",\"fieldNumberNumMaxError\":\"Number Max Error\",\"fieldNumberIncrementBy\":\"Please increment by \",\"formErrorsCorrectErrors\":\"Por favor, preencha todos os campos necess\\u00e1rios.\",\"validateRequiredField\":\"This is a required field.\",\"honeypotHoneypotError\":\"Honeypot Error\",\"fieldsMarkedRequired\":\"Campos com * s\\u00e3o obrigat\\u00f3rios\",\"conditions\":[],\"allow_public_link\":0,\"embed_form\":\"\",\"form_title_heading_level\":\"3\",\"objectDomain\":\"display\",\"ninjaForms\":\"Ninja Forms\",\"fieldTextareaRTEInsertLink\":\"Insert Link\",\"fieldTextareaRTEInsertMedia\":\"Insert Media\",\"fieldTextareaRTESelectAFile\":\"Select a file\",\"tableInsertRowAbove\":\"Insert Row Above\",\"tableInsertRowBelow\":\"Insert Row Below\",\"tableInsertColumnLeft\":\"Insert Column Left\",\"tableInsertColumnRight\":\"Insert Column Right\",\"tableDeleteRow\":\"Delete Row\",\"tableDeleteColumn\":\"Delete Column\",\"tableDeleteTable\":\"Delete Table\",\"tableLegacyNotice\":\"This content has tables in the old editor format. Custom styles are preserved until converted. Editing will update to the new format.\",\"tableLegacyConvert\":\"Convert Now\",\"tableInsertTable\":\"Insert Table\",\"dismiss\":\"Dismiss\",\"insertLink\":\"Insert Link\",\"formHoneypot\":\"If you are a human seeing this field, please leave it empty.\",\"fileUploadOldCodeFileUploadInProgress\":\"File Upload in Progress.\",\"fileUploadOldCodeFileUpload\":\"FILE UPLOAD\",\"currencySymbol\":\"&#36;\",\"thousands_sep\":\",\",\"decimal_point\":\".\",\"siteLocale\":\"en_US\",\"dateFormat\":\"m\\\/d\\\/Y\",\"startOfWeek\":\"0\",\"of\":\"of\",\"previousMonth\":\"Previous Month\",\"nextMonth\":\"Next Month\",\"months\":[\"January\",\"February\",\"March\",\"April\",\"May\",\"June\",\"July\",\"August\",\"September\",\"October\",\"November\",\"December\"],\"monthsShort\":[\"Jan\",\"Feb\",\"Mar\",\"Apr\",\"May\",\"Jun\",\"Jul\",\"Aug\",\"Sep\",\"Oct\",\"Nov\",\"Dec\"],\"weekdays\":[\"Sunday\",\"Monday\",\"Tuesday\",\"Wednesday\",\"Thursday\",\"Friday\",\"Saturday\"],\"weekdaysShort\":[\"Sun\",\"Mon\",\"Tue\",\"Wed\",\"Thu\",\"Fri\",\"Sat\"],\"weekdaysMin\":[\"Su\",\"Mo\",\"Tu\",\"We\",\"Th\",\"Fr\",\"Sa\"],\"recaptchaConsentMissing\":\"reCaptcha validation couldn&#039;t load.\",\"recaptchaMissingCookie\":\"reCaptcha v3 validation couldn&#039;t load the cookie needed to submit the form.\",\"recaptchaConsentEvent\":\"Accept reCaptcha cookies before sending the form.\",\"currency_symbol\":\"\",\"beforeForm\":\"\",\"beforeFields\":\"\",\"afterFields\":\"\",\"afterForm\":\"\"};form.fields=[{\"objectType\":\"Field\",\"objectDomain\":\"fields\",\"editActive\":false,\"order\":1,\"idAttribute\":\"id\",\"type\":\"firstname\",\"label\":\"Nome\",\"key\":\"nome_1527109801809\",\"label_pos\":\"above\",\"required\":1,\"default\":\"\",\"placeholder\":\"\",\"container_class\":\"\",\"element_class\":\"\",\"admin_label\":\"\",\"help_text\":\"\",\"custom_name_attribute\":\"fname\",\"wrap_styles_show_advanced_css\":0,\"label_styles_show_advanced_css\":0,\"element_styles_show_advanced_css\":0,\"cellcid\":\"c3543\",\"drawerDisabled\":false,\"personally_identifiable\":1,\"value\":\"\",\"id\":18,\"beforeField\":\"\",\"afterField\":\"\",\"parentType\":\"firstname\",\"element_templates\":[\"firstname\",\"input\"],\"old_classname\":\"\",\"wrap_template\":\"wrap\"},{\"objectType\":\"Field\",\"objectDomain\":\"fields\",\"editActive\":false,\"order\":2,\"idAttribute\":\"id\",\"type\":\"email\",\"label\":\"E-mail\",\"key\":\"email_1527109810070\",\"label_pos\":\"above\",\"required\":1,\"default\":\"\",\"placeholder\":\"\",\"container_class\":\"\",\"element_class\":\"\",\"admin_label\":\"\",\"help_text\":\"\",\"custom_name_attribute\":\"email\",\"wrap_styles_show_advanced_css\":0,\"label_styles_show_advanced_css\":0,\"element_styles_show_advanced_css\":0,\"cellcid\":\"c3546\",\"drawerDisabled\":false,\"personally_identifiable\":1,\"value\":\"\",\"id\":19,\"beforeField\":\"\",\"afterField\":\"\",\"parentType\":\"email\",\"element_templates\":[\"email\",\"input\"],\"old_classname\":\"\",\"wrap_template\":\"wrap\"},{\"objectType\":\"Field\",\"objectDomain\":\"fields\",\"editActive\":false,\"order\":3,\"idAttribute\":\"id\",\"type\":\"textbox\",\"label\":\"Telefone\",\"key\":\"telefone_1527109823406\",\"label_pos\":\"above\",\"required\":false,\"default\":\"\",\"placeholder\":\"(XX) XXXX-XXXX\",\"container_class\":\"\",\"element_class\":\"\",\"input_limit\":\"\",\"input_limit_type\":\"characters\",\"input_limit_msg\":\"Character(s) left\",\"manual_key\":false,\"admin_label\":\"\",\"help_text\":\"\",\"mask\":\"\",\"custom_mask\":\"\",\"custom_name_attribute\":\"\",\"wrap_styles_show_advanced_css\":0,\"label_styles_show_advanced_css\":0,\"element_styles_show_advanced_css\":0,\"cellcid\":\"c3548\",\"personally_identifiable\":\"\",\"value\":\"\",\"id\":20,\"beforeField\":\"\",\"afterField\":\"\",\"parentType\":\"textbox\",\"element_templates\":[\"textbox\",\"input\"],\"old_classname\":\"\",\"wrap_template\":\"wrap\"},{\"objectType\":\"Field\",\"objectDomain\":\"fields\",\"editActive\":false,\"order\":4,\"idAttribute\":\"id\",\"label\":\"Nome da p\\u00e1gina\",\"type\":\"hidden\",\"key\":\"nome_da_pagina_1594690893053\",\"default\":\"{wp:post_title}\",\"admin_label\":\"\",\"wrap_styles_border\":\"\",\"wrap_styles_width\":\"\",\"wrap_styles_margin\":\"\",\"wrap_styles_padding\":\"\",\"wrap_styles_float\":\"\",\"wrap_styles_show_advanced_css\":0,\"label_styles_border\":\"\",\"label_styles_width\":\"\",\"label_styles_font-size\":\"\",\"label_styles_margin\":\"\",\"label_styles_padding\":\"\",\"label_styles_float\":\"\",\"label_styles_show_advanced_css\":0,\"element_styles_border\":\"\",\"element_styles_width\":\"\",\"element_styles_font-size\":\"\",\"element_styles_margin\":\"\",\"element_styles_padding\":\"\",\"element_styles_float\":\"\",\"element_styles_show_advanced_css\":0,\"cellcid\":\"c3551\",\"drawerDisabled\":false,\"manual_key\":true,\"id\":52,\"beforeField\":\"\",\"afterField\":\"\",\"value\":\"Workshop Spirituality in Palliative Care\",\"label_pos\":\"above\",\"parentType\":\"hidden\",\"element_templates\":[\"hidden\",\"input\"],\"old_classname\":\"\",\"wrap_template\":\"wrap-no-label\"},{\"objectType\":\"Field\",\"objectDomain\":\"fields\",\"editActive\":false,\"order\":5,\"idAttribute\":\"id\",\"type\":\"submit\",\"label\":\"Enviar\",\"processing_label\":\"Aguarde...\",\"container_class\":\"\",\"element_class\":\"\",\"key\":\"enviar_1527109852602\",\"wrap_styles_show_advanced_css\":0,\"element_styles_show_advanced_css\":0,\"submit_element_hover_styles_show_advanced_css\":0,\"cellcid\":\"c3554\",\"drawerDisabled\":false,\"admin_label\":\"\",\"id\":21,\"beforeField\":\"\",\"afterField\":\"\",\"value\":\"\",\"label_pos\":\"above\",\"parentType\":\"textbox\",\"element_templates\":[\"submit\",\"button\",\"input\"],\"old_classname\":\"\",\"wrap_template\":\"wrap-no-label\"}];nfForms.push(form);<\/script>\n                <script id=\"nf-tmpl-cell\" type=\"text\/template\">\n            <nf-fields><\/nf-fields>\n        <\/script>\n\n        <script id=\"nf-tmpl-row\" type=\"text\/template\">\n            <nf-cells><\/nf-cells>\n        <\/script>\n\n        [\/vc_column][vc_column width=&#8221;2\/12&#8243;][\/vc_column][\/vc_row][vc_row full_width=&#8221;stretch_row&#8221; disable_element=&#8221;yes&#8221; css=&#8221;.vc_custom_1598540957147{background-color: #f7f7f7 !important;}&#8221;][vc_column width=&#8221;2\/12&#8243;][\/vc_column][vc_column width=&#8221;8\/12&#8243;][vc_column_text]<\/p>\n<h3>Inscreva-se<\/h3>\n<p><strong>Investimento:<\/strong> R$ 290,00<br \/>\nDesconto de 20% para s\u00f3cios da Casa do Cuidar[\/vc_column_text][\/vc_column][vc_column width=&#8221;2\/12&#8243;][\/vc_column][\/vc_row][vc_row full_width=&#8221;stretch_row&#8221; disable_element=&#8221;yes&#8221; css=&#8221;.vc_custom_1598540967441{padding-top: 20px !important;padding-bottom: 20px !important;background-image: url(https:\/\/www.casadocuidar.org.br\/website\/wp-content\/uploads\/2020\/08\/workshop-espiritualidade-CP-fundo.jpg?id=6375) !important;background-position: center !important;background-repeat: no-repeat !important;background-size: cover !important;}&#8221;][vc_column width=&#8221;1\/6&#8243;][\/vc_column][vc_column width=&#8221;2\/3&#8243; css=&#8221;.vc_custom_1578919496320{padding: 30px !important;background-color: rgba(255,255,255,0.92) !important;*background-color: rgb(255,255,255) !important;}&#8221;]<div class=\"woocommerce\">\t\t\t<div class=\"single-product\" data-product-page-preselected-id=\"0\">\n\t\t\t\t<div class=\"woocommerce-notices-wrapper\"><\/div><div id=\"product-6373\" class=\"member-discount discount-restricted description-off product type-product post-6373 status-publish first outofstock product_cat-cursos has-post-thumbnail virtual sold-individually purchasable product-type-simple\">\n\n\t<div class=\"woocommerce-product-gallery woocommerce-product-gallery--with-images woocommerce-product-gallery--columns-4 images\" data-columns=\"4\" style=\"opacity: 0; transition: opacity .25s ease-in-out;\">\n\t<div class=\"woocommerce-product-gallery__wrapper\">\n\t\t<div data-thumb=\"https:\/\/www.casadocuidar.org.br\/website\/wp-content\/uploads\/2020\/08\/workshop-espiritualidade-CP-200x200.jpg\" data-thumb-alt=\"Workshop Espiritualidade nos Cuidados Paliativos\" data-thumb-srcset=\"https:\/\/www.casadocuidar.org.br\/website\/wp-content\/uploads\/2020\/08\/workshop-espiritualidade-CP-200x200.jpg 200w, https:\/\/www.casadocuidar.org.br\/website\/wp-content\/uploads\/2020\/08\/workshop-espiritualidade-CP-300x300.jpg 300w, https:\/\/www.casadocuidar.org.br\/website\/wp-content\/uploads\/2020\/08\/workshop-espiritualidade-CP-600x600.jpg 600w, https:\/\/www.casadocuidar.org.br\/website\/wp-content\/uploads\/2020\/08\/workshop-espiritualidade-CP-150x150.jpg 150w, https:\/\/www.casadocuidar.org.br\/website\/wp-content\/uploads\/2020\/08\/workshop-espiritualidade-CP-768x768.jpg 768w, https:\/\/www.casadocuidar.org.br\/website\/wp-content\/uploads\/2020\/08\/workshop-espiritualidade-CP.jpg 900w\"  data-thumb-sizes=\"(max-width: 200px) 100vw, 200px\" class=\"woocommerce-product-gallery__image\"><a href=\"https:\/\/www.casadocuidar.org.br\/website\/wp-content\/uploads\/2020\/08\/workshop-espiritualidade-CP.jpg\"><img fetchpriority=\"high\" decoding=\"async\" width=\"600\" height=\"600\" src=\"https:\/\/www.casadocuidar.org.br\/website\/wp-content\/uploads\/2020\/08\/workshop-espiritualidade-CP-600x600.jpg\" class=\"wp-post-image\" alt=\"Workshop Espiritualidade nos Cuidados Paliativos\" data-caption=\"\" data-src=\"https:\/\/www.casadocuidar.org.br\/website\/wp-content\/uploads\/2020\/08\/workshop-espiritualidade-CP.jpg\" data-large_image=\"https:\/\/www.casadocuidar.org.br\/website\/wp-content\/uploads\/2020\/08\/workshop-espiritualidade-CP.jpg\" data-large_image_width=\"900\" data-large_image_height=\"900\" srcset=\"https:\/\/www.casadocuidar.org.br\/website\/wp-content\/uploads\/2020\/08\/workshop-espiritualidade-CP-600x600.jpg 600w, https:\/\/www.casadocuidar.org.br\/website\/wp-content\/uploads\/2020\/08\/workshop-espiritualidade-CP-300x300.jpg 300w, https:\/\/www.casadocuidar.org.br\/website\/wp-content\/uploads\/2020\/08\/workshop-espiritualidade-CP-200x200.jpg 200w, https:\/\/www.casadocuidar.org.br\/website\/wp-content\/uploads\/2020\/08\/workshop-espiritualidade-CP-150x150.jpg 150w, https:\/\/www.casadocuidar.org.br\/website\/wp-content\/uploads\/2020\/08\/workshop-espiritualidade-CP-768x768.jpg 768w, https:\/\/www.casadocuidar.org.br\/website\/wp-content\/uploads\/2020\/08\/workshop-espiritualidade-CP.jpg 900w\" sizes=\"(max-width: 600px) 100vw, 600px\" \/><\/a><\/div>\t<\/div>\n<\/div>\n\n\t<div class=\"summary entry-summary\">\n\t\t<h1 class=\"product_title entry-title\">Workshop Espiritualidade nos Cuidados Paliativos<\/h1>\n<p class=\"price\"><span class=\"woocommerce-Price-amount amount\"><bdi><span class=\"woocommerce-Price-currencySymbol\">&#82;&#36;<\/span>&nbsp;290,00<\/bdi><\/span><\/p>\n<p class=\"stock out-of-stock\">Out of stock<\/p>\n<p class=\"first-payment-date\"><small><\/small><\/p><div class=\"product_meta\">\n\n\t\n\n\n\t<span class=\"posted_in\">Category: <a href=\"https:\/\/www.casadocuidar.org.br\/categoria-doacao\/cursos\/\" rel=\"tag\">Cursos<\/a><\/span>\n\t\n\t\n\t\n<\/div>\n\t<\/div>\n\n\t<\/div>\n\n\t\t\t<\/div>\n\t\t\t<\/div>[\/vc_column][vc_column width=&#8221;1\/6&#8243;][\/vc_column][\/vc_row]<\/p>\n<\/div>","protected":false},"excerpt":{"rendered":"<p>[vc_row][vc_column width=&#8221;2\/12&#8243;][\/vc_column][vc_column width=&#8221;8\/12&#8243;][vc_column_text]Esse curso de 10h busca oferecer aos profissionais de sa\u00fade instrumentais te\u00f3ricos sobre espiritualidade, no\u00a0sentido de aprimorar os modos de abordagem a esses tipos de demandas que\u00a0surgem nos atendimentos. Refletir sobre as potencialidades que os estudos sobre espiritualidade agregam \u00e0\u00a0pr\u00e1tica dos cuidados paliativos, entendendo no contexto da dor total, a dor espiritual\u00a0como um&hellip;<\/p>\n","protected":false},"author":1,"featured_media":8190,"comment_status":"closed","ping_status":"closed","sticky":false,"template":"","format":"standard","meta":{"_acf_changed":false,"footnotes":""},"categories":[157],"tags":[],"class_list":["post-8161","post","type-post","status-publish","format-standard","has-post-thumbnail","hentry","category-courses","description-off"],"acf":[],"yoast_head":"<!-- This site is optimized with the Yoast SEO plugin v27.5 - https:\/\/yoast.com\/product\/yoast-seo-wordpress\/ -->\n<title>Workshop Spirituality in Palliative Care - Casa do Cuidar<\/title>\n<meta name=\"robots\" content=\"index, follow, max-snippet:-1, max-image-preview:large, max-video-preview:-1\" \/>\n<link rel=\"canonical\" href=\"https:\/\/www.casadocuidar.org.br\/?p=6096\" \/>\n<meta property=\"og:locale\" content=\"en_US\" \/>\n<meta property=\"og:type\" content=\"article\" \/>\n<meta property=\"og:title\" content=\"Workshop Spirituality in Palliative Care - Casa do Cuidar\" \/>\n<meta property=\"og:description\" content=\"[vc_row][vc_column width=&#8221;2\/12&#8243;][\/vc_column][vc_column width=&#8221;8\/12&#8243;][vc_column_text]Esse curso de 10h busca oferecer aos profissionais de sa\u00fade instrumentais te\u00f3ricos sobre espiritualidade, no\u00a0sentido de aprimorar os modos de abordagem a esses tipos de demandas que\u00a0surgem nos atendimentos. Refletir sobre as potencialidades que os estudos sobre espiritualidade agregam \u00e0\u00a0pr\u00e1tica dos cuidados paliativos, entendendo no contexto da dor total, a dor espiritual\u00a0como um&hellip;\" \/>\n<meta property=\"og:url\" content=\"https:\/\/www.casadocuidar.org.br\/?p=6096\" \/>\n<meta property=\"og:site_name\" content=\"Casa do Cuidar\" \/>\n<meta property=\"article:published_time\" content=\"2020-12-08T18:34:50+00:00\" \/>\n<meta property=\"article:modified_time\" content=\"2020-12-09T17:17:15+00:00\" \/>\n<meta property=\"og:image\" content=\"https:\/\/www.casadocuidar.org.br\/website\/wp-content\/uploads\/2020\/12\/workshop-espiritualidade-CP-fundo-6wb37p5lrjbvgseoi4jqmh1jptxwptz82xc384894sw.jpg\" \/>\n\t<meta property=\"og:image:width\" content=\"600\" \/>\n\t<meta property=\"og:image:height\" content=\"400\" \/>\n\t<meta property=\"og:image:type\" content=\"image\/jpeg\" \/>\n<meta name=\"author\" content=\"Casa do Cuidar\" \/>\n<meta name=\"twitter:card\" content=\"summary_large_image\" \/>\n<meta name=\"twitter:label1\" content=\"Written by\" \/>\n\t<meta name=\"twitter:data1\" content=\"Casa do Cuidar\" \/>\n\t<meta name=\"twitter:label2\" content=\"Est. reading time\" \/>\n\t<meta name=\"twitter:data2\" content=\"3 minutes\" \/>\n<script type=\"application\/ld+json\" class=\"yoast-schema-graph\">{\"@context\":\"https:\\\/\\\/schema.org\",\"@graph\":[{\"@type\":\"Article\",\"@id\":\"https:\\\/\\\/www.casadocuidar.org.br\\\/?p=6096#article\",\"isPartOf\":{\"@id\":\"https:\\\/\\\/www.casadocuidar.org.br\\\/?p=6096\"},\"author\":{\"name\":\"Casa do Cuidar\",\"@id\":\"https:\\\/\\\/www.casadocuidar.org.br\\\/#\\\/schema\\\/person\\\/5d8486dbe13a88a6dd6b40aea91d2c5b\"},\"headline\":\"Workshop Spirituality in Palliative Care\",\"datePublished\":\"2020-12-08T18:34:50+00:00\",\"dateModified\":\"2020-12-09T17:17:15+00:00\",\"mainEntityOfPage\":{\"@id\":\"https:\\\/\\\/www.casadocuidar.org.br\\\/?p=6096\"},\"wordCount\":537,\"publisher\":{\"@id\":\"https:\\\/\\\/www.casadocuidar.org.br\\\/#organization\"},\"image\":{\"@id\":\"https:\\\/\\\/www.casadocuidar.org.br\\\/?p=6096#primaryimage\"},\"thumbnailUrl\":\"https:\\\/\\\/www.casadocuidar.org.br\\\/website\\\/wp-content\\\/uploads\\\/2020\\\/12\\\/workshop-espiritualidade-CP-fundo-6wb37p5lrjbvgseoi4jqmh1jptxwptz82xc384894sw.jpg\",\"articleSection\":[\"Courses\"],\"inLanguage\":\"en-US\"},{\"@type\":\"WebPage\",\"@id\":\"https:\\\/\\\/www.casadocuidar.org.br\\\/?p=6096\",\"url\":\"https:\\\/\\\/www.casadocuidar.org.br\\\/?p=6096\",\"name\":\"Workshop Spirituality in Palliative Care - Casa do Cuidar\",\"isPartOf\":{\"@id\":\"https:\\\/\\\/www.casadocuidar.org.br\\\/#website\"},\"primaryImageOfPage\":{\"@id\":\"https:\\\/\\\/www.casadocuidar.org.br\\\/?p=6096#primaryimage\"},\"image\":{\"@id\":\"https:\\\/\\\/www.casadocuidar.org.br\\\/?p=6096#primaryimage\"},\"thumbnailUrl\":\"https:\\\/\\\/www.casadocuidar.org.br\\\/website\\\/wp-content\\\/uploads\\\/2020\\\/12\\\/workshop-espiritualidade-CP-fundo-6wb37p5lrjbvgseoi4jqmh1jptxwptz82xc384894sw.jpg\",\"datePublished\":\"2020-12-08T18:34:50+00:00\",\"dateModified\":\"2020-12-09T17:17:15+00:00\",\"breadcrumb\":{\"@id\":\"https:\\\/\\\/www.casadocuidar.org.br\\\/?p=6096#breadcrumb\"},\"inLanguage\":\"en-US\",\"potentialAction\":[{\"@type\":\"ReadAction\",\"target\":[\"https:\\\/\\\/www.casadocuidar.org.br\\\/?p=6096\"]}]},{\"@type\":\"ImageObject\",\"inLanguage\":\"en-US\",\"@id\":\"https:\\\/\\\/www.casadocuidar.org.br\\\/?p=6096#primaryimage\",\"url\":\"https:\\\/\\\/www.casadocuidar.org.br\\\/website\\\/wp-content\\\/uploads\\\/2020\\\/12\\\/workshop-espiritualidade-CP-fundo-6wb37p5lrjbvgseoi4jqmh1jptxwptz82xc384894sw.jpg\",\"contentUrl\":\"https:\\\/\\\/www.casadocuidar.org.br\\\/website\\\/wp-content\\\/uploads\\\/2020\\\/12\\\/workshop-espiritualidade-CP-fundo-6wb37p5lrjbvgseoi4jqmh1jptxwptz82xc384894sw.jpg\",\"width\":600,\"height\":400},{\"@type\":\"BreadcrumbList\",\"@id\":\"https:\\\/\\\/www.casadocuidar.org.br\\\/?p=6096#breadcrumb\",\"itemListElement\":[{\"@type\":\"ListItem\",\"position\":1,\"name\":\"In\u00edcio\",\"item\":\"https:\\\/\\\/www.casadocuidar.org.br\\\/en\\\/\"},{\"@type\":\"ListItem\",\"position\":2,\"name\":\"Workshop Spirituality in Palliative Care\"}]},{\"@type\":\"WebSite\",\"@id\":\"https:\\\/\\\/www.casadocuidar.org.br\\\/#website\",\"url\":\"https:\\\/\\\/www.casadocuidar.org.br\\\/\",\"name\":\"Casa do Cuidar\",\"description\":\"Pr\u00e1tica e ensino em cuidados paliativos\",\"publisher\":{\"@id\":\"https:\\\/\\\/www.casadocuidar.org.br\\\/#organization\"},\"potentialAction\":[{\"@type\":\"SearchAction\",\"target\":{\"@type\":\"EntryPoint\",\"urlTemplate\":\"https:\\\/\\\/www.casadocuidar.org.br\\\/?s={search_term_string}\"},\"query-input\":{\"@type\":\"PropertyValueSpecification\",\"valueRequired\":true,\"valueName\":\"search_term_string\"}}],\"inLanguage\":\"en-US\"},{\"@type\":\"Organization\",\"@id\":\"https:\\\/\\\/www.casadocuidar.org.br\\\/#organization\",\"name\":\"Casa do Cuidar \u2013 Pr\u00e1tica e ensino em cuidados paliativos\",\"url\":\"https:\\\/\\\/www.casadocuidar.org.br\\\/\",\"logo\":{\"@type\":\"ImageObject\",\"inLanguage\":\"en-US\",\"@id\":\"https:\\\/\\\/www.casadocuidar.org.br\\\/#\\\/schema\\\/logo\\\/image\\\/\",\"url\":\"https:\\\/\\\/www.casadocuidar.org.br\\\/website\\\/wp-content\\\/uploads\\\/2018\\\/08\\\/casadocuidar-logoshare.png\",\"contentUrl\":\"https:\\\/\\\/www.casadocuidar.org.br\\\/website\\\/wp-content\\\/uploads\\\/2018\\\/08\\\/casadocuidar-logoshare.png\",\"width\":500,\"height\":500,\"caption\":\"Casa do Cuidar \u2013 Pr\u00e1tica e ensino em cuidados paliativos\"},\"image\":{\"@id\":\"https:\\\/\\\/www.casadocuidar.org.br\\\/#\\\/schema\\\/logo\\\/image\\\/\"}},{\"@type\":\"Person\",\"@id\":\"https:\\\/\\\/www.casadocuidar.org.br\\\/#\\\/schema\\\/person\\\/5d8486dbe13a88a6dd6b40aea91d2c5b\",\"name\":\"Casa do Cuidar\",\"image\":{\"@type\":\"ImageObject\",\"inLanguage\":\"en-US\",\"@id\":\"https:\\\/\\\/secure.gravatar.com\\\/avatar\\\/a541283949c7bab9ba4ffc45152502c19a06dfbcb0af94e6b46d94a21476ffae?s=96&d=mm&r=g\",\"url\":\"https:\\\/\\\/secure.gravatar.com\\\/avatar\\\/a541283949c7bab9ba4ffc45152502c19a06dfbcb0af94e6b46d94a21476ffae?s=96&d=mm&r=g\",\"contentUrl\":\"https:\\\/\\\/secure.gravatar.com\\\/avatar\\\/a541283949c7bab9ba4ffc45152502c19a06dfbcb0af94e6b46d94a21476ffae?s=96&d=mm&r=g\",\"caption\":\"Casa do Cuidar\"}}]}<\/script>\n<!-- \/ Yoast SEO plugin. -->","yoast_head_json":{"title":"Workshop Spirituality in Palliative Care - Casa do Cuidar","robots":{"index":"index","follow":"follow","max-snippet":"max-snippet:-1","max-image-preview":"max-image-preview:large","max-video-preview":"max-video-preview:-1"},"canonical":"https:\/\/www.casadocuidar.org.br\/?p=6096","og_locale":"en_US","og_type":"article","og_title":"Workshop Spirituality in Palliative Care - Casa do Cuidar","og_description":"[vc_row][vc_column width=&#8221;2\/12&#8243;][\/vc_column][vc_column width=&#8221;8\/12&#8243;][vc_column_text]Esse curso de 10h busca oferecer aos profissionais de sa\u00fade instrumentais te\u00f3ricos sobre espiritualidade, no\u00a0sentido de aprimorar os modos de abordagem a esses tipos de demandas que\u00a0surgem nos atendimentos. Refletir sobre as potencialidades que os estudos sobre espiritualidade agregam \u00e0\u00a0pr\u00e1tica dos cuidados paliativos, entendendo no contexto da dor total, a dor espiritual\u00a0como um&hellip;","og_url":"https:\/\/www.casadocuidar.org.br\/?p=6096","og_site_name":"Casa do Cuidar","article_published_time":"2020-12-08T18:34:50+00:00","article_modified_time":"2020-12-09T17:17:15+00:00","og_image":[{"width":600,"height":400,"url":"https:\/\/www.casadocuidar.org.br\/website\/wp-content\/uploads\/2020\/12\/workshop-espiritualidade-CP-fundo-6wb37p5lrjbvgseoi4jqmh1jptxwptz82xc384894sw.jpg","type":"image\/jpeg"}],"author":"Casa do Cuidar","twitter_card":"summary_large_image","twitter_misc":{"Written by":"Casa do Cuidar","Est. reading time":"3 minutes"},"schema":{"@context":"https:\/\/schema.org","@graph":[{"@type":"Article","@id":"https:\/\/www.casadocuidar.org.br\/?p=6096#article","isPartOf":{"@id":"https:\/\/www.casadocuidar.org.br\/?p=6096"},"author":{"name":"Casa do Cuidar","@id":"https:\/\/www.casadocuidar.org.br\/#\/schema\/person\/5d8486dbe13a88a6dd6b40aea91d2c5b"},"headline":"Workshop Spirituality in Palliative Care","datePublished":"2020-12-08T18:34:50+00:00","dateModified":"2020-12-09T17:17:15+00:00","mainEntityOfPage":{"@id":"https:\/\/www.casadocuidar.org.br\/?p=6096"},"wordCount":537,"publisher":{"@id":"https:\/\/www.casadocuidar.org.br\/#organization"},"image":{"@id":"https:\/\/www.casadocuidar.org.br\/?p=6096#primaryimage"},"thumbnailUrl":"https:\/\/www.casadocuidar.org.br\/website\/wp-content\/uploads\/2020\/12\/workshop-espiritualidade-CP-fundo-6wb37p5lrjbvgseoi4jqmh1jptxwptz82xc384894sw.jpg","articleSection":["Courses"],"inLanguage":"en-US"},{"@type":"WebPage","@id":"https:\/\/www.casadocuidar.org.br\/?p=6096","url":"https:\/\/www.casadocuidar.org.br\/?p=6096","name":"Workshop Spirituality in Palliative Care - Casa do Cuidar","isPartOf":{"@id":"https:\/\/www.casadocuidar.org.br\/#website"},"primaryImageOfPage":{"@id":"https:\/\/www.casadocuidar.org.br\/?p=6096#primaryimage"},"image":{"@id":"https:\/\/www.casadocuidar.org.br\/?p=6096#primaryimage"},"thumbnailUrl":"https:\/\/www.casadocuidar.org.br\/website\/wp-content\/uploads\/2020\/12\/workshop-espiritualidade-CP-fundo-6wb37p5lrjbvgseoi4jqmh1jptxwptz82xc384894sw.jpg","datePublished":"2020-12-08T18:34:50+00:00","dateModified":"2020-12-09T17:17:15+00:00","breadcrumb":{"@id":"https:\/\/www.casadocuidar.org.br\/?p=6096#breadcrumb"},"inLanguage":"en-US","potentialAction":[{"@type":"ReadAction","target":["https:\/\/www.casadocuidar.org.br\/?p=6096"]}]},{"@type":"ImageObject","inLanguage":"en-US","@id":"https:\/\/www.casadocuidar.org.br\/?p=6096#primaryimage","url":"https:\/\/www.casadocuidar.org.br\/website\/wp-content\/uploads\/2020\/12\/workshop-espiritualidade-CP-fundo-6wb37p5lrjbvgseoi4jqmh1jptxwptz82xc384894sw.jpg","contentUrl":"https:\/\/www.casadocuidar.org.br\/website\/wp-content\/uploads\/2020\/12\/workshop-espiritualidade-CP-fundo-6wb37p5lrjbvgseoi4jqmh1jptxwptz82xc384894sw.jpg","width":600,"height":400},{"@type":"BreadcrumbList","@id":"https:\/\/www.casadocuidar.org.br\/?p=6096#breadcrumb","itemListElement":[{"@type":"ListItem","position":1,"name":"In\u00edcio","item":"https:\/\/www.casadocuidar.org.br\/en\/"},{"@type":"ListItem","position":2,"name":"Workshop Spirituality in Palliative Care"}]},{"@type":"WebSite","@id":"https:\/\/www.casadocuidar.org.br\/#website","url":"https:\/\/www.casadocuidar.org.br\/","name":"Casa do Cuidar","description":"Pr\u00e1tica e ensino em cuidados paliativos","publisher":{"@id":"https:\/\/www.casadocuidar.org.br\/#organization"},"potentialAction":[{"@type":"SearchAction","target":{"@type":"EntryPoint","urlTemplate":"https:\/\/www.casadocuidar.org.br\/?s={search_term_string}"},"query-input":{"@type":"PropertyValueSpecification","valueRequired":true,"valueName":"search_term_string"}}],"inLanguage":"en-US"},{"@type":"Organization","@id":"https:\/\/www.casadocuidar.org.br\/#organization","name":"Casa do Cuidar \u2013 Pr\u00e1tica e ensino em cuidados paliativos","url":"https:\/\/www.casadocuidar.org.br\/","logo":{"@type":"ImageObject","inLanguage":"en-US","@id":"https:\/\/www.casadocuidar.org.br\/#\/schema\/logo\/image\/","url":"https:\/\/www.casadocuidar.org.br\/website\/wp-content\/uploads\/2018\/08\/casadocuidar-logoshare.png","contentUrl":"https:\/\/www.casadocuidar.org.br\/website\/wp-content\/uploads\/2018\/08\/casadocuidar-logoshare.png","width":500,"height":500,"caption":"Casa do Cuidar \u2013 Pr\u00e1tica e ensino em cuidados paliativos"},"image":{"@id":"https:\/\/www.casadocuidar.org.br\/#\/schema\/logo\/image\/"}},{"@type":"Person","@id":"https:\/\/www.casadocuidar.org.br\/#\/schema\/person\/5d8486dbe13a88a6dd6b40aea91d2c5b","name":"Casa do Cuidar","image":{"@type":"ImageObject","inLanguage":"en-US","@id":"https:\/\/secure.gravatar.com\/avatar\/a541283949c7bab9ba4ffc45152502c19a06dfbcb0af94e6b46d94a21476ffae?s=96&d=mm&r=g","url":"https:\/\/secure.gravatar.com\/avatar\/a541283949c7bab9ba4ffc45152502c19a06dfbcb0af94e6b46d94a21476ffae?s=96&d=mm&r=g","contentUrl":"https:\/\/secure.gravatar.com\/avatar\/a541283949c7bab9ba4ffc45152502c19a06dfbcb0af94e6b46d94a21476ffae?s=96&d=mm&r=g","caption":"Casa do Cuidar"}}]}},"_links":{"self":[{"href":"https:\/\/www.casadocuidar.org.br\/en\/wp-json\/wp\/v2\/posts\/8161","targetHints":{"allow":["GET"]}}],"collection":[{"href":"https:\/\/www.casadocuidar.org.br\/en\/wp-json\/wp\/v2\/posts"}],"about":[{"href":"https:\/\/www.casadocuidar.org.br\/en\/wp-json\/wp\/v2\/types\/post"}],"author":[{"embeddable":true,"href":"https:\/\/www.casadocuidar.org.br\/en\/wp-json\/wp\/v2\/users\/1"}],"replies":[{"embeddable":true,"href":"https:\/\/www.casadocuidar.org.br\/en\/wp-json\/wp\/v2\/comments?post=8161"}],"version-history":[{"count":0,"href":"https:\/\/www.casadocuidar.org.br\/en\/wp-json\/wp\/v2\/posts\/8161\/revisions"}],"wp:featuredmedia":[{"embeddable":true,"href":"https:\/\/www.casadocuidar.org.br\/en\/wp-json\/wp\/v2\/media\/8190"}],"wp:attachment":[{"href":"https:\/\/www.casadocuidar.org.br\/en\/wp-json\/wp\/v2\/media?parent=8161"}],"wp:term":[{"taxonomy":"category","embeddable":true,"href":"https:\/\/www.casadocuidar.org.br\/en\/wp-json\/wp\/v2\/categories?post=8161"},{"taxonomy":"post_tag","embeddable":true,"href":"https:\/\/www.casadocuidar.org.br\/en\/wp-json\/wp\/v2\/tags?post=8161"}],"curies":[{"name":"wp","href":"https:\/\/api.w.org\/{rel}","templated":true}]}}