{"id":8158,"date":"2020-12-09T12:00:56","date_gmt":"2020-12-09T15:00:56","guid":{"rendered":"https:\/\/www.casadocuidar.org.br\/?p=8158"},"modified":"2020-12-09T14:25:33","modified_gmt":"2020-12-09T17:25:33","slug":"palliative-care-continuum-education","status":"publish","type":"post","link":"https:\/\/www.casadocuidar.org.br\/en\/courses\/palliative-care-continuum-education\/","title":{"rendered":"Palliative Care Continuum Education"},"content":{"rendered":"<div class=\"wpb-content-wrapper\"><p>[vc_row][vc_column width=&#8221;2\/12&#8243;][\/vc_column][vc_column width=&#8221;8\/12&#8243;][vc_column_text]<\/p>\n<h3 style=\"text-align: center;\">Uma parceria A Casa Humana e Casa do Cuidar\u00a0para profissionais da \u00e1rea de sa\u00fade que trabalham com Assist\u00eancia Domiciliar, Hospital de Retaguarda e Institui\u00e7\u00f5es de Longa Perman\u00eancia de Idosos (ILPI)<\/h3>\n<p>[\/vc_column_text][vc_row_inner content_placement=&#8221;middle&#8221; gap=&#8221;35&#8243;][vc_column_inner width=&#8221;1\/2&#8243;][vc_single_image image=&#8221;3127&#8243; img_size=&#8221;150&#215;100&#8243; alignment=&#8221;center&#8221; image_hovers=&#8221;false&#8221;][\/vc_column_inner][vc_column_inner width=&#8221;1\/2&#8243;][vc_single_image image=&#8221;23&#8243; img_size=&#8221;155&#215;60&#8243; alignment=&#8221;center&#8221; image_hovers=&#8221;false&#8221;][\/vc_column_inner][\/vc_row_inner][vc_column_text]O aumento das Doen\u00e7as Cr\u00f4nicas N\u00e3o Transmiss\u00edveis (DCNT) decorrente do envelhecimento populacional \u00e9 uma realidade atual. Por conta disso, \u00e9 necess\u00e1rio que os profissionais de sa\u00fade estejam aptos a lidar com as particularidades dessas doen\u00e7as em ambientes extra hospitalares, principalmente pelo fato do hospital ser um ambiente focado e preparado para lidar com as condi\u00e7\u00f5es agudas de sa\u00fade.<\/p>\n<p>Considerando a mudan\u00e7a do perfil epidemiol\u00f3gico e a lacuna existente entre o hospital e o domic\u00edlio dos pacientes, a Aten\u00e7\u00e3o Domiciliar (AD) vem ganhando espa\u00e7o.<\/p>\n<p>Trata-se de um cuidado que integra a Rede de Aten\u00e7\u00e3o \u00e0 Sa\u00fade (RAS) e \u00e9 oferecido na moradia do indiv\u00edduo envolvendo um conjunto de a\u00e7\u00f5es de promo\u00e7\u00e3o \u00e0 sa\u00fade, preven\u00e7\u00e3o, tratamento de doen\u00e7as e reabilita\u00e7\u00e3o (BRASIL, 2013).<\/p>\n<p>Atualmente percebe-se que mesmo as equipes de Aten\u00e7\u00e3o Domiciliar tem um olhar mais voltado para as condi\u00e7\u00f5es agudas e medidas intervencionistas de cuidado, que n\u00e3o atendem as necessidades dos pacientes com doen\u00e7as amea\u00e7adoras da vida e\/ou cr\u00f4nicas.<\/p>\n<p>Diante desse cen\u00e1rio, o Cuidado Paliativo (CP) surge como uma abordagem fundamental para melhorar a qualidade de vida dos pacientes e fam\u00edlias que enfrentam esse tipo de doen\u00e7as.<\/p>\n<p>Apesar disso, a maior parte dos cursos de forma\u00e7\u00e3o em Cuidados Paliativos ainda tem um foco hospitaloc\u00eantrico, justamente porque a maioria dos profissionais da \u00e1rea tem maior experi\u00eancia e viv\u00eancia nesta modalidade.<\/p>\n<p><strong>A Casa Humana<\/strong>, como um home care pioneiro especializado em Cuidados Paliativos, \u00e9 considerado um servi\u00e7o de 3\u00ba nivel de complexidade e tem o papel n\u00e3o s\u00f3 fornecer assist\u00eancia em Cuidados Paliativos, mas tamb\u00e9m de apoiar e capacitar outros profissionais, de desenvolver novos conhecimentos e, acima de tudo, de contribuir para a mudan\u00e7a da cultura de Cuidados Paliativos no Sistema de Sa\u00fade (ANCP, 2018).\u00a0Por isso, em parceria com a <strong>Casa do Cuidar<\/strong>, orienta seu investimento educacional para a realiza\u00e7\u00e3o de um Curso Multiprofissional completo, com caracter\u00edsticas modernas de ensino e com a possibilidade de complementa\u00e7\u00e3o pr\u00e1tica do aprendizado atrav\u00e9s de parcerias com institui\u00e7\u00f5es e profissionais reconhecidos como refer\u00eancias na pr\u00e1tica de Cuidados Paliativos.<\/p>\n<p>Ao final do Curso de Aperfei\u00e7oamento em Cuidados Paliativos: Modalidades Assist\u00eancia Domiciliar e Hospice, o aluno ser\u00e1 capaz de demonstrar conhecimento e compet\u00eancias compat\u00edveis com a qualidade necess\u00e1ria para a boa pr\u00e1tica da assist\u00eancia domiciliar e hospice a pacientes com doen\u00e7as que amea\u00e7am a continuidade da vida e o suporte a suas fam\u00edlias.<\/p>\n<hr \/>\n<p style=\"font-size: 0.8em;\">BRASIL. Melhor em casa: <em>A seguran\u00e7a do hospital no conforto da sua casa. Aten\u00e7\u00e3o Domiciliar: Manual Instrutivo<\/em>. Bras\u00edlia: Minist\u00e9rio da Sa\u00fade, 2013.<br \/>\nANCP-Academia Nacional de Cuidados Paliativos. <em>An\u00e1lise Situacional e Recomenda\u00e7\u00f5es para a estrutura\u00e7\u00e3o de programas de Cuidados Paliativos no Brasil<\/em>. S\u00e3o Paulo: ANCP, 2018.<\/p>\n<p>[\/vc_column_text][\/vc_column][vc_column width=&#8221;2\/12&#8243;][\/vc_column][\/vc_row][vc_row full_width=&#8221;stretch_row&#8221; css=&#8221;.vc_custom_1534973329891{margin-bottom: 0px !important;padding-top: 30px !important;padding-bottom: 30px !important;background-color: #efefef !important;}&#8221;][vc_column width=&#8221;1\/6&#8243;][\/vc_column][vc_column width=&#8221;2\/3&#8243;][vc_column_text]<\/p>\n<h4>O curso ser\u00e1 realizado em 10 m\u00f3dulos tem\u00e1ticos de mar\u00e7o a dezembro de 2020, com carga hor\u00e1ria de 16h cada, sendo divididos da seguinte maneira:<\/h4>\n<p><strong>M\u00f3dulo 1 \u2013 Introdut\u00f3rio<\/strong><br \/>\nConceitos e princ\u00edpios, crit\u00e9rios de elegibilidade e aspectos \u00e9ticos e legais de Cuidados Paliativos.<\/p>\n<p><strong>M\u00f3dulo 2 \u2013 Especificidades das modalidades assistenciais: domic\u00edlio e hospice<\/strong><br \/>\nFluxos, refer\u00eancia e contra-refer\u00eancia.<\/p>\n<p><strong>M\u00f3dulo 3 \u2013 Particularidades na avalia\u00e7\u00e3o do paciente em Atendimento Domiciliar ou Hospice<\/strong><br \/>\nAvalia\u00e7\u00e3o e capta\u00e7\u00e3o do paciente para ser atendido nessas modalidades considerando o ambiente, biografia e a necessidade da avalia\u00e7\u00e3o multidimensional \u2013 f\u00edsica, psicol\u00f3gica, social, familiar, espiritual.<\/p>\n<p><strong>M\u00f3dulo 4 \u2013 Sintomas I<\/strong><br \/>\nIdentifica\u00e7\u00e3o, avalia\u00e7\u00e3o e manejo de controle dos sintomas prevalentes em Cuidados Paliativos \u2013 Parte 1.<\/p>\n<p><strong>M\u00f3dulo 5 \u2013 Sintomas II<\/strong><br \/>\nIdentifica\u00e7\u00e3o, avalia\u00e7\u00e3o e manejo de controle dos sintomas prevalentes em Cuidados Paliativos \u2013 Parte II.<\/p>\n<p><strong>M\u00f3dulo 6 \u2013 Comunica\u00e7\u00e3o em Cuidados Paliativos<\/strong><br \/>\nT\u00e9cnicas de comunica\u00e7\u00e3o dif\u00edcil em sa\u00fade com foco na tomada de decis\u00f5es necess\u00e1rias para o ambiente domiciliar e\/ou hospice.<\/p>\n<p><strong>M\u00f3dulo 7 \u2013 Gest\u00e3o em Cuidados Paliativos<\/strong><br \/>\nPrinc\u00edpios de gest\u00e3o e ferramentas gerenciais adequadas para Servi\u00e7os de Aten\u00e7\u00e3o Domiciliar e Hospice.<\/p>\n<p><strong>M\u00f3dulo 8 \u2013 Intercorr\u00eancias Paliativas<\/strong><br \/>\nAvalia\u00e7\u00e3o e manejo das principais intercorr\u00eancias paliativas no ambiente domiciliar ou hospice.<\/p>\n<p><strong>M\u00f3dulo 9 \u2013 Cuidados no fim da vida<\/strong><br \/>\nAspectos necess\u00e1rios para a condu\u00e7\u00e3o de \u00f3bito domiciliar e planejamento de cuidados no fim da vida no domic\u00edlio e hospice.<\/p>\n<p><strong>M\u00f3dulo 10 \u2013 Luto, espiritualidade e auto cuidado profissional<\/strong><br \/>\nAnamnese espiritual, luto e consolida\u00e7\u00e3o da ess\u00eancia do profissional que cuida em assist\u00eancia domiciliar e hospice.[\/vc_column_text][\/vc_column][vc_column width=&#8221;1\/6&#8243;][\/vc_column][\/vc_row][vc_row full_width=&#8221;stretch_row&#8221; css=&#8221;.vc_custom_1534973905575{margin-top: 0px !important;margin-bottom: 50px !important;padding-top: 50px !important;padding-bottom: 50px !important;background-color: #f7f7f7 !important;}&#8221;][vc_column width=&#8221;1\/6&#8243;][\/vc_column][vc_column width=&#8221;2\/3&#8243;][vc_column_text]<\/p>\n<h3 style=\"text-align: center;\">Agenda 2020<\/h3>\n<p style=\"text-align: center;\"><strong>Hor\u00e1rios &#8211; Curso Aperfei\u00e7oamento:<\/strong><br \/>\nSextas-feiras das 13h30 \u00e0s 20h30 e s\u00e1bados das 08h30 \u00e0s 17h30<br \/>\n(1 sexta e 1 s\u00e1bado por m\u00eas de mar\u00e7o a dezembro de 2020)<\/p>\n<p style=\"text-align: center;\">Mar\u00e7o: 20 e 21<br \/>\nAbril: 24 e 25<br \/>\nMaio: 29 e 30<br \/>\nJunho: 19 e 20<br \/>\nJulho: 24 e 25<br \/>\nAgosto: 28 e 29<br \/>\nSetembro: 18 e 19<br \/>\nOutubro: 23 e 24<br \/>\nNovembro: 20 e 21<br \/>\nDezembro: 11 e 12<\/p>\n<p>&nbsp;<\/p>\n<p style=\"text-align: center;\"><strong>Investimento:<\/strong><br \/>\n15 parcelas de R$ 690,00 para equipe multiprofissional<br \/>\n15 parcelas de R$ 990,00 para m\u00e9dicos<\/p>\n<p style=\"text-align: center;\"><strong>Processo seletivo:<\/strong><br \/>\n<strong>1\u00aa fase:<\/strong> Encaminhar curr\u00edculo vitae e v\u00eddeo de apresenta\u00e7\u00e3o com 1 minuto de grava\u00e7\u00e3o contendo as informa\u00e7\u00f5es: nome, idade, profiss\u00e3o, experi\u00eancia profissional, motivo pela procura do curso;<br \/>\n<strong>2\u00aa fase:<\/strong> Entrevista presencial ou por Zoom.<\/p>\n<p style=\"text-align: center;\"><strong>Vagas:<\/strong><br \/>\nM\u00e1ximo 50 pessoas (primeiro ano)<br \/>\nsendo 40 vagas para alunos pagantes e 10 bolsistas<\/p>\n<p>[\/vc_column_text][\/vc_column][vc_column width=&#8221;1\/6&#8243;][\/vc_column][\/vc_row][vc_row full_width=&#8221;stretch_row&#8221;][vc_column width=&#8221;1\/6&#8243;][\/vc_column][vc_column width=&#8221;4\/6&#8243;][vc_column_text]<b>Coordenadores:\u00a0<\/b>Dra. Ana Claudia Arantes, D\u00e9bora Genezini e Caroline Silveira<\/p>\n<p>&nbsp;<\/p>\n<p><strong>Metodologia: <\/strong><\/p>\n<p>A metodologia ativa preconiza a inser\u00e7\u00e3o do aluno no processo de ensino e aprendizagem, valorizando o conhecimento pr\u00e9vio do mesmo. O aluno torna-se agente ativo na constru\u00e7\u00e3o do conhecimento.<\/p>\n<p>Via metodologia ativa, ao longo do curso trabalharemos temas transversais fundamentais como: comunica\u00e7\u00e3o, plano de cuidados, cuidando de quem cuida em todos os m\u00f3dulos.<\/p>\n<p>Algumas das estrat\u00e9gias de ensino aprendizagem baseadas na metodologia ativa que utilizaremos ser\u00e3o: exposi\u00e7\u00e3o conceitual dialogada, aprendizagem baseada em situa\u00e7\u00e3o-problema, f\u00f3runs de discuss\u00e3o, simula\u00e7\u00e3o real\u00edstica- Role play, apresenta\u00e7\u00e3o e discuss\u00e3o de casos em sub e grandes grupos.<\/p>\n<p>As variadas estrat\u00e9gias dinamizam as atividades dos m\u00f3dulos fazendo com que a rela\u00e7\u00e3o com o tempo e a constru\u00e7\u00e3o do conhecimento sejam vivenciados com leveza e sentido.<\/p>\n<p>&nbsp;<\/p>\n<p><strong>P\u00fablico Alvo: <\/strong><\/p>\n<p>Profissionais de sa\u00fade com m\u00ednimo 1 ano de pr\u00e1tica assistencial em Assist\u00eancia Domiciliar, Hospital de Retaguarda e Institui\u00e7\u00f5es de Longa Perman\u00eancia de Idosos (ILPI)<\/p>\n<p><strong>\u00a0<\/strong><\/p>\n<p><strong>Exig\u00eancias m\u00ednimas para aprova\u00e7\u00e3o ao final do curso para a obten\u00e7\u00e3o do certificado:<\/strong><\/p>\n<ul>\n<li>Presen\u00e7a m\u00ednima em 75% das aulas;<\/li>\n<li>Participa\u00e7\u00e3o nas atividades de tutoria com elabora\u00e7\u00e3o de projeto;<\/li>\n<li>Aprova\u00e7\u00e3o do projeto desenvolvido em tutoria.<\/li>\n<\/ul>\n<p>[\/vc_column_text][\/vc_column][vc_column width=&#8221;1\/6&#8243;][\/vc_column][\/vc_row][vc_row][vc_column width=&#8221;1\/6&#8243;][\/vc_column][vc_column width=&#8221;4\/6&#8243;]<div class=\"woocommerce\">\t\t\t<div class=\"single-product\" data-product-page-preselected-id=\"0\">\n\t\t\t\t<div class=\"woocommerce-notices-wrapper\"><\/div><div id=\"product-3142\" class=\"member-discount discount-restricted description-off product type-product post-3142 status-publish first outofstock product_cat-cursos has-post-thumbnail virtual sold-individually purchasable product-type-simple\">\n\n\t<div class=\"woocommerce-product-gallery woocommerce-product-gallery--with-images woocommerce-product-gallery--columns-4 images\" data-columns=\"4\" style=\"opacity: 0; transition: opacity .25s ease-in-out;\">\n\t<div class=\"woocommerce-product-gallery__wrapper\">\n\t\t<div data-thumb=\"https:\/\/www.casadocuidar.org.br\/website\/wp-content\/uploads\/woocommerce-placeholder-200x200.png\" data-thumb-alt=\"Matr\u00edcula para o Curso Aperfei\u00e7oamento em Cuidados Paliativos \u2013 Modalidade Assist\u00eancia Domiciliar, Hospital de Retaguarda e Institui\u00e7\u00f5es de Longa Perman\u00eancia de Idosos (ILPI)\" data-thumb-srcset=\"https:\/\/www.casadocuidar.org.br\/website\/wp-content\/uploads\/woocommerce-placeholder-200x200.png 200w, https:\/\/www.casadocuidar.org.br\/website\/wp-content\/uploads\/woocommerce-placeholder-300x300.png 300w, https:\/\/www.casadocuidar.org.br\/website\/wp-content\/uploads\/woocommerce-placeholder-150x150.png 150w, https:\/\/www.casadocuidar.org.br\/website\/wp-content\/uploads\/woocommerce-placeholder-768x768.png 768w, https:\/\/www.casadocuidar.org.br\/website\/wp-content\/uploads\/woocommerce-placeholder-1024x1024.png 1024w, https:\/\/www.casadocuidar.org.br\/website\/wp-content\/uploads\/woocommerce-placeholder.png 500w\"  data-thumb-sizes=\"(max-width: 200px) 100vw, 200px\" class=\"woocommerce-product-gallery__image\"><a href=\"https:\/\/www.casadocuidar.org.br\/website\/wp-content\/uploads\/woocommerce-placeholder.png\"><img fetchpriority=\"high\" decoding=\"async\" width=\"500\" height=\"500\" src=\"https:\/\/www.casadocuidar.org.br\/website\/wp-content\/uploads\/woocommerce-placeholder.png\" class=\"wp-post-image\" alt=\"Matr\u00edcula para o Curso Aperfei\u00e7oamento em Cuidados Paliativos \u2013 Modalidade Assist\u00eancia Domiciliar, Hospital de Retaguarda e Institui\u00e7\u00f5es de Longa Perman\u00eancia de Idosos (ILPI)\" data-caption=\"\" data-src=\"https:\/\/www.casadocuidar.org.br\/website\/wp-content\/uploads\/woocommerce-placeholder.png\" data-large_image=\"https:\/\/www.casadocuidar.org.br\/website\/wp-content\/uploads\/woocommerce-placeholder.png\" data-large_image_width=\"500\" data-large_image_height=\"500\" srcset=\"https:\/\/www.casadocuidar.org.br\/website\/wp-content\/uploads\/woocommerce-placeholder.png 500w, https:\/\/www.casadocuidar.org.br\/website\/wp-content\/uploads\/woocommerce-placeholder-300x300.png 300w, https:\/\/www.casadocuidar.org.br\/website\/wp-content\/uploads\/woocommerce-placeholder-200x200.png 200w, https:\/\/www.casadocuidar.org.br\/website\/wp-content\/uploads\/woocommerce-placeholder-150x150.png 150w, https:\/\/www.casadocuidar.org.br\/website\/wp-content\/uploads\/woocommerce-placeholder-768x768.png 768w, https:\/\/www.casadocuidar.org.br\/website\/wp-content\/uploads\/woocommerce-placeholder-1024x1024.png 1024w\" sizes=\"(max-width: 500px) 100vw, 500px\" \/><\/a><\/div>\t<\/div>\n<\/div>\n\n\t<div class=\"summary entry-summary\">\n\t\t<h1 class=\"product_title entry-title\">Matr\u00edcula para o Curso Aperfei\u00e7oamento em Cuidados Paliativos \u2013 Modalidade Assist\u00eancia Domiciliar, Hospital de Retaguarda e Institui\u00e7\u00f5es de Longa Perman\u00eancia de Idosos (ILPI)<\/h1>\n<p class=\"price\"><span class=\"woocommerce-Price-amount amount\"><bdi><span class=\"woocommerce-Price-currencySymbol\">&#82;&#36;<\/span>&nbsp;230,00<\/bdi><\/span><\/p>\n<p class=\"stock out-of-stock\">Out of stock<\/p>\n<p class=\"first-payment-date\"><small><\/small><\/p><div class=\"product_meta\">\n\n\t\n\n\n\t<span class=\"posted_in\">Category: <a href=\"https:\/\/www.casadocuidar.org.br\/categoria-doacao\/cursos\/\" rel=\"tag\">Cursos<\/a><\/span>\n\t\n\t\n\t\n<\/div>\n\t<\/div>\n\n\t<\/div>\n\n\t\t\t<\/div>\n\t\t\t<\/div>[\/vc_column][vc_column width=&#8221;1\/6&#8243;][\/vc_column][\/vc_row][vc_row disable_element=&#8221;yes&#8221;][vc_column width=&#8221;1\/6&#8243;][\/vc_column][vc_column width=&#8221;2\/3&#8243;][vc_column_text]<\/p>\n<h3>As inscri\u00e7\u00f5es para esse curso est\u00e3o encerradas<\/h3>\n<p>Para ser avisado quando a pr\u00f3xima turma for aberta, preencha o formul\u00e1rio abaixo.[\/vc_column_text]<noscript class=\"ninja-forms-noscript-message\">\n\tNotice: JavaScript is required for this content.<\/noscript>\n<div id=\"nf-form-2-cont\" class=\"nf-form-cont\" aria-live=\"polite\" aria-labelledby=\"nf-form-title-2\" aria-describedby=\"nf-form-errors-2\" role=\"form\">\n\n    <div class=\"nf-loading-spinner\"><\/div>\n\n<\/div>\n        <!-- That data is being printed as a workaround to page builders reordering the order of the scripts loaded-->\n        <script>var formDisplay=1;var nfForms=nfForms||[];var form=[];form.id='2';form.settings={\"objectType\":\"Form Setting\",\"editActive\":true,\"title\":\"Interesse no curso\",\"show_title\":0,\"clear_complete\":1,\"hide_complete\":1,\"default_label_pos\":\"above\",\"wrapper_class\":\"\",\"element_class\":\"\",\"key\":\"\",\"add_submit\":0,\"currency\":\"\",\"unique_field_error\":\"A form with this value has already been submitted.\",\"logged_in\":false,\"not_logged_in_msg\":\"\",\"sub_limit_msg\":\"The form has reached its submission limit.\",\"calculations\":[],\"container_styles_show_advanced_css\":0,\"title_styles_show_advanced_css\":0,\"row_styles_show_advanced_css\":0,\"row-odd_styles_show_advanced_css\":0,\"success-msg_styles_show_advanced_css\":0,\"error_msg_styles_show_advanced_css\":0,\"formContentData\":[{\"order\":1,\"cells\":[{\"order\":0,\"fields\":[\"nome_1527109801809\"],\"width\":33},{\"order\":1,\"fields\":[\"email_1527109810070\"],\"width\":33},{\"order\":2,\"fields\":[\"telefone_1527109823406\"],\"width\":33}]},{\"order\":2,\"cells\":[{\"order\":0,\"fields\":[\"nome_da_pagina_1594690893053\"],\"width\":\"100\"}]},{\"order\":3,\"cells\":[{\"order\":0,\"fields\":[\"enviar_1527109852602\"],\"width\":\"100\"}]}],\"drawerDisabled\":false,\"changeEmailErrorMsg\":\"Digite um e-mail v\\u00e1lido\",\"changeDateErrorMsg\":\"Please enter a valid date!\",\"confirmFieldErrorMsg\":\"These fields must match!\",\"fieldNumberNumMinError\":\"Number Min Error\",\"fieldNumberNumMaxError\":\"Number Max Error\",\"fieldNumberIncrementBy\":\"Please increment by \",\"formErrorsCorrectErrors\":\"Por favor, preencha todos os campos necess\\u00e1rios.\",\"validateRequiredField\":\"This is a required field.\",\"honeypotHoneypotError\":\"Honeypot Error\",\"fieldsMarkedRequired\":\"Campos com * s\\u00e3o obrigat\\u00f3rios\",\"conditions\":[],\"allow_public_link\":0,\"embed_form\":\"\",\"form_title_heading_level\":\"3\",\"objectDomain\":\"display\",\"ninjaForms\":\"Ninja Forms\",\"fieldTextareaRTEInsertLink\":\"Insert Link\",\"fieldTextareaRTEInsertMedia\":\"Insert Media\",\"fieldTextareaRTESelectAFile\":\"Select a file\",\"formHoneypot\":\"If you are a human seeing this field, please leave it empty.\",\"fileUploadOldCodeFileUploadInProgress\":\"File Upload in Progress.\",\"fileUploadOldCodeFileUpload\":\"FILE UPLOAD\",\"currencySymbol\":\"&#36;\",\"thousands_sep\":\",\",\"decimal_point\":\".\",\"siteLocale\":\"en_US\",\"dateFormat\":\"m\\\/d\\\/Y\",\"startOfWeek\":\"0\",\"of\":\"of\",\"previousMonth\":\"Previous Month\",\"nextMonth\":\"Next Month\",\"months\":[\"January\",\"February\",\"March\",\"April\",\"May\",\"June\",\"July\",\"August\",\"September\",\"October\",\"November\",\"December\"],\"monthsShort\":[\"Jan\",\"Feb\",\"Mar\",\"Apr\",\"May\",\"Jun\",\"Jul\",\"Aug\",\"Sep\",\"Oct\",\"Nov\",\"Dec\"],\"weekdays\":[\"Sunday\",\"Monday\",\"Tuesday\",\"Wednesday\",\"Thursday\",\"Friday\",\"Saturday\"],\"weekdaysShort\":[\"Sun\",\"Mon\",\"Tue\",\"Wed\",\"Thu\",\"Fri\",\"Sat\"],\"weekdaysMin\":[\"Su\",\"Mo\",\"Tu\",\"We\",\"Th\",\"Fr\",\"Sa\"],\"recaptchaConsentMissing\":\"reCaptcha validation couldn&#039;t load.\",\"recaptchaMissingCookie\":\"reCaptcha v3 validation couldn&#039;t load the cookie needed to submit the form.\",\"recaptchaConsentEvent\":\"Accept reCaptcha cookies before sending the form.\",\"currency_symbol\":\"\",\"beforeForm\":\"\",\"beforeFields\":\"\",\"afterFields\":\"\",\"afterForm\":\"\"};form.fields=[{\"objectType\":\"Field\",\"objectDomain\":\"fields\",\"editActive\":false,\"order\":1,\"idAttribute\":\"id\",\"type\":\"firstname\",\"label\":\"Nome\",\"key\":\"nome_1527109801809\",\"label_pos\":\"above\",\"required\":1,\"default\":\"\",\"placeholder\":\"\",\"container_class\":\"\",\"element_class\":\"\",\"admin_label\":\"\",\"help_text\":\"\",\"custom_name_attribute\":\"fname\",\"wrap_styles_show_advanced_css\":0,\"label_styles_show_advanced_css\":0,\"element_styles_show_advanced_css\":0,\"cellcid\":\"c3543\",\"drawerDisabled\":false,\"personally_identifiable\":1,\"value\":\"\",\"id\":18,\"beforeField\":\"\",\"afterField\":\"\",\"parentType\":\"firstname\",\"element_templates\":[\"firstname\",\"input\"],\"old_classname\":\"\",\"wrap_template\":\"wrap\"},{\"objectType\":\"Field\",\"objectDomain\":\"fields\",\"editActive\":false,\"order\":2,\"idAttribute\":\"id\",\"type\":\"email\",\"label\":\"E-mail\",\"key\":\"email_1527109810070\",\"label_pos\":\"above\",\"required\":1,\"default\":\"\",\"placeholder\":\"\",\"container_class\":\"\",\"element_class\":\"\",\"admin_label\":\"\",\"help_text\":\"\",\"custom_name_attribute\":\"email\",\"wrap_styles_show_advanced_css\":0,\"label_styles_show_advanced_css\":0,\"element_styles_show_advanced_css\":0,\"cellcid\":\"c3546\",\"drawerDisabled\":false,\"personally_identifiable\":1,\"value\":\"\",\"id\":19,\"beforeField\":\"\",\"afterField\":\"\",\"parentType\":\"email\",\"element_templates\":[\"email\",\"input\"],\"old_classname\":\"\",\"wrap_template\":\"wrap\"},{\"objectType\":\"Field\",\"objectDomain\":\"fields\",\"editActive\":false,\"order\":3,\"idAttribute\":\"id\",\"type\":\"textbox\",\"label\":\"Telefone\",\"key\":\"telefone_1527109823406\",\"label_pos\":\"above\",\"required\":false,\"default\":\"\",\"placeholder\":\"(XX) XXXX-XXXX\",\"container_class\":\"\",\"element_class\":\"\",\"input_limit\":\"\",\"input_limit_type\":\"characters\",\"input_limit_msg\":\"Character(s) left\",\"manual_key\":false,\"admin_label\":\"\",\"help_text\":\"\",\"mask\":\"\",\"custom_mask\":\"\",\"custom_name_attribute\":\"\",\"wrap_styles_show_advanced_css\":0,\"label_styles_show_advanced_css\":0,\"element_styles_show_advanced_css\":0,\"cellcid\":\"c3548\",\"personally_identifiable\":\"\",\"value\":\"\",\"id\":20,\"beforeField\":\"\",\"afterField\":\"\",\"parentType\":\"textbox\",\"element_templates\":[\"textbox\",\"input\"],\"old_classname\":\"\",\"wrap_template\":\"wrap\"},{\"objectType\":\"Field\",\"objectDomain\":\"fields\",\"editActive\":false,\"order\":4,\"idAttribute\":\"id\",\"label\":\"Nome da p\\u00e1gina\",\"type\":\"hidden\",\"key\":\"nome_da_pagina_1594690893053\",\"default\":\"{wp:post_title}\",\"admin_label\":\"\",\"wrap_styles_border\":\"\",\"wrap_styles_width\":\"\",\"wrap_styles_margin\":\"\",\"wrap_styles_padding\":\"\",\"wrap_styles_float\":\"\",\"wrap_styles_show_advanced_css\":0,\"label_styles_border\":\"\",\"label_styles_width\":\"\",\"label_styles_font-size\":\"\",\"label_styles_margin\":\"\",\"label_styles_padding\":\"\",\"label_styles_float\":\"\",\"label_styles_show_advanced_css\":0,\"element_styles_border\":\"\",\"element_styles_width\":\"\",\"element_styles_font-size\":\"\",\"element_styles_margin\":\"\",\"element_styles_padding\":\"\",\"element_styles_float\":\"\",\"element_styles_show_advanced_css\":0,\"cellcid\":\"c3551\",\"drawerDisabled\":false,\"manual_key\":true,\"id\":52,\"beforeField\":\"\",\"afterField\":\"\",\"value\":\"Matr\\u00edcula para o Curso Aperfei\\u00e7oamento em Cuidados Paliativos \\u2013 Modalidade Assist\\u00eancia Domiciliar, Hospital de Retaguarda e Institui\\u00e7\\u00f5es de Longa Perman\\u00eancia de Idosos (ILPI)\",\"label_pos\":\"above\",\"parentType\":\"hidden\",\"element_templates\":[\"hidden\",\"input\"],\"old_classname\":\"\",\"wrap_template\":\"wrap-no-label\"},{\"objectType\":\"Field\",\"objectDomain\":\"fields\",\"editActive\":false,\"order\":5,\"idAttribute\":\"id\",\"type\":\"submit\",\"label\":\"Enviar\",\"processing_label\":\"Aguarde...\",\"container_class\":\"\",\"element_class\":\"\",\"key\":\"enviar_1527109852602\",\"wrap_styles_show_advanced_css\":0,\"element_styles_show_advanced_css\":0,\"submit_element_hover_styles_show_advanced_css\":0,\"cellcid\":\"c3554\",\"drawerDisabled\":false,\"admin_label\":\"\",\"id\":21,\"beforeField\":\"\",\"afterField\":\"\",\"value\":\"\",\"label_pos\":\"above\",\"parentType\":\"textbox\",\"element_templates\":[\"submit\",\"button\",\"input\"],\"old_classname\":\"\",\"wrap_template\":\"wrap-no-label\"}];nfForms.push(form);<\/script>\n                <script id=\"nf-tmpl-cell\" type=\"text\/template\">\n            <nf-fields><\/nf-fields>\n        <\/script>\n\n        <script id=\"nf-tmpl-row\" type=\"text\/template\">\n            <nf-cells><\/nf-cells>\n        <\/script>\n\n        [\/vc_column][vc_column width=&#8221;1\/6&#8243;][\/vc_column][\/vc_row]<\/p>\n<\/div>","protected":false},"excerpt":{"rendered":"<p>[vc_row][vc_column width=&#8221;2\/12&#8243;][\/vc_column][vc_column width=&#8221;8\/12&#8243;][vc_column_text] Uma parceria A Casa Humana e Casa do Cuidar\u00a0para profissionais da \u00e1rea de sa\u00fade que trabalham com Assist\u00eancia Domiciliar, Hospital de Retaguarda e Institui\u00e7\u00f5es de Longa Perman\u00eancia de Idosos (ILPI) [\/vc_column_text][vc_row_inner content_placement=&#8221;middle&#8221; gap=&#8221;35&#8243;][vc_column_inner width=&#8221;1\/2&#8243;][vc_single_image image=&#8221;3127&#8243; img_size=&#8221;150&#215;100&#8243; alignment=&#8221;center&#8221; image_hovers=&#8221;false&#8221;][\/vc_column_inner][vc_column_inner width=&#8221;1\/2&#8243;][vc_single_image image=&#8221;23&#8243; img_size=&#8221;155&#215;60&#8243; alignment=&#8221;center&#8221; image_hovers=&#8221;false&#8221;][\/vc_column_inner][\/vc_row_inner][vc_column_text]O aumento das Doen\u00e7as Cr\u00f4nicas N\u00e3o Transmiss\u00edveis (DCNT) decorrente do&hellip;<\/p>\n","protected":false},"author":1,"featured_media":3161,"comment_status":"closed","ping_status":"closed","sticky":false,"template":"","format":"standard","meta":{"_acf_changed":false,"footnotes":""},"categories":[157],"tags":[],"class_list":["post-8158","post","type-post","status-publish","format-standard","has-post-thumbnail","hentry","category-courses","description-off"],"acf":[],"yoast_head":"<!-- This site is optimized with the Yoast SEO plugin v27.5 - https:\/\/yoast.com\/product\/yoast-seo-wordpress\/ -->\n<title>Palliative Care Continuum Education - Casa do Cuidar<\/title>\n<meta name=\"robots\" content=\"index, follow, max-snippet:-1, max-image-preview:large, max-video-preview:-1\" \/>\n<link rel=\"canonical\" href=\"https:\/\/www.casadocuidar.org.br\/?p=3122\" \/>\n<meta property=\"og:locale\" content=\"en_US\" \/>\n<meta property=\"og:type\" content=\"article\" \/>\n<meta property=\"og:title\" content=\"Palliative Care Continuum Education - Casa do Cuidar\" \/>\n<meta property=\"og:description\" content=\"[vc_row][vc_column width=&#8221;2\/12&#8243;][\/vc_column][vc_column width=&#8221;8\/12&#8243;][vc_column_text] Uma parceria A Casa Humana e Casa do Cuidar\u00a0para profissionais da \u00e1rea de sa\u00fade que trabalham com Assist\u00eancia Domiciliar, Hospital de Retaguarda e Institui\u00e7\u00f5es de Longa Perman\u00eancia de Idosos (ILPI) [\/vc_column_text][vc_row_inner content_placement=&#8221;middle&#8221; gap=&#8221;35&#8243;][vc_column_inner width=&#8221;1\/2&#8243;][vc_single_image image=&#8221;3127&#8243; img_size=&#8221;150&#215;100&#8243; alignment=&#8221;center&#8221; image_hovers=&#8221;false&#8221;][\/vc_column_inner][vc_column_inner width=&#8221;1\/2&#8243;][vc_single_image image=&#8221;23&#8243; img_size=&#8221;155&#215;60&#8243; alignment=&#8221;center&#8221; image_hovers=&#8221;false&#8221;][\/vc_column_inner][\/vc_row_inner][vc_column_text]O aumento das Doen\u00e7as Cr\u00f4nicas N\u00e3o Transmiss\u00edveis (DCNT) decorrente do&hellip;\" \/>\n<meta property=\"og:url\" content=\"https:\/\/www.casadocuidar.org.br\/?p=3122\" \/>\n<meta property=\"og:site_name\" content=\"Casa do Cuidar\" \/>\n<meta property=\"article:published_time\" content=\"2020-12-09T15:00:56+00:00\" \/>\n<meta property=\"article:modified_time\" content=\"2020-12-09T17:25:33+00:00\" \/>\n<meta property=\"og:image\" content=\"https:\/\/www.casadocuidar.org.br\/website\/wp-content\/uploads\/2019\/11\/cc-aperfeicoamento-final.jpg\" \/>\n<meta name=\"author\" content=\"Casa do Cuidar\" \/>\n<meta name=\"twitter:card\" content=\"summary_large_image\" \/>\n<meta name=\"twitter:label1\" content=\"Written by\" \/>\n\t<meta name=\"twitter:data1\" content=\"Casa do Cuidar\" \/>\n\t<meta name=\"twitter:label2\" content=\"Est. reading time\" \/>\n\t<meta name=\"twitter:data2\" content=\"7 minutes\" \/>\n<script type=\"application\/ld+json\" class=\"yoast-schema-graph\">{\"@context\":\"https:\\\/\\\/schema.org\",\"@graph\":[{\"@type\":\"Article\",\"@id\":\"https:\\\/\\\/www.casadocuidar.org.br\\\/?p=3122#article\",\"isPartOf\":{\"@id\":\"https:\\\/\\\/www.casadocuidar.org.br\\\/?p=3122\"},\"author\":{\"name\":\"Casa do Cuidar\",\"@id\":\"https:\\\/\\\/www.casadocuidar.org.br\\\/#\\\/schema\\\/person\\\/5d8486dbe13a88a6dd6b40aea91d2c5b\"},\"headline\":\"Palliative Care Continuum Education\",\"datePublished\":\"2020-12-09T15:00:56+00:00\",\"dateModified\":\"2020-12-09T17:25:33+00:00\",\"mainEntityOfPage\":{\"@id\":\"https:\\\/\\\/www.casadocuidar.org.br\\\/?p=3122\"},\"wordCount\":1428,\"publisher\":{\"@id\":\"https:\\\/\\\/www.casadocuidar.org.br\\\/#organization\"},\"image\":{\"@id\":\"https:\\\/\\\/www.casadocuidar.org.br\\\/?p=3122#primaryimage\"},\"thumbnailUrl\":\"https:\\\/\\\/www.casadocuidar.org.br\\\/website\\\/wp-content\\\/uploads\\\/2019\\\/11\\\/cc-aperfeicoamento-thumb1.jpg\",\"articleSection\":[\"Courses\"],\"inLanguage\":\"en-US\"},{\"@type\":\"WebPage\",\"@id\":\"https:\\\/\\\/www.casadocuidar.org.br\\\/?p=3122\",\"url\":\"https:\\\/\\\/www.casadocuidar.org.br\\\/?p=3122\",\"name\":\"Palliative Care Continuum Education - Casa do Cuidar\",\"isPartOf\":{\"@id\":\"https:\\\/\\\/www.casadocuidar.org.br\\\/#website\"},\"primaryImageOfPage\":{\"@id\":\"https:\\\/\\\/www.casadocuidar.org.br\\\/?p=3122#primaryimage\"},\"image\":{\"@id\":\"https:\\\/\\\/www.casadocuidar.org.br\\\/?p=3122#primaryimage\"},\"thumbnailUrl\":\"https:\\\/\\\/www.casadocuidar.org.br\\\/website\\\/wp-content\\\/uploads\\\/2019\\\/11\\\/cc-aperfeicoamento-thumb1.jpg\",\"datePublished\":\"2020-12-09T15:00:56+00:00\",\"dateModified\":\"2020-12-09T17:25:33+00:00\",\"breadcrumb\":{\"@id\":\"https:\\\/\\\/www.casadocuidar.org.br\\\/?p=3122#breadcrumb\"},\"inLanguage\":\"en-US\",\"potentialAction\":[{\"@type\":\"ReadAction\",\"target\":[\"https:\\\/\\\/www.casadocuidar.org.br\\\/?p=3122\"]}]},{\"@type\":\"ImageObject\",\"inLanguage\":\"en-US\",\"@id\":\"https:\\\/\\\/www.casadocuidar.org.br\\\/?p=3122#primaryimage\",\"url\":\"https:\\\/\\\/www.casadocuidar.org.br\\\/website\\\/wp-content\\\/uploads\\\/2019\\\/11\\\/cc-aperfeicoamento-thumb1.jpg\",\"contentUrl\":\"https:\\\/\\\/www.casadocuidar.org.br\\\/website\\\/wp-content\\\/uploads\\\/2019\\\/11\\\/cc-aperfeicoamento-thumb1.jpg\",\"width\":900,\"height\":600},{\"@type\":\"BreadcrumbList\",\"@id\":\"https:\\\/\\\/www.casadocuidar.org.br\\\/?p=3122#breadcrumb\",\"itemListElement\":[{\"@type\":\"ListItem\",\"position\":1,\"name\":\"In\u00edcio\",\"item\":\"https:\\\/\\\/www.casadocuidar.org.br\\\/en\\\/\"},{\"@type\":\"ListItem\",\"position\":2,\"name\":\"Palliative Care Continuum Education\"}]},{\"@type\":\"WebSite\",\"@id\":\"https:\\\/\\\/www.casadocuidar.org.br\\\/#website\",\"url\":\"https:\\\/\\\/www.casadocuidar.org.br\\\/\",\"name\":\"Casa do Cuidar\",\"description\":\"Pr\u00e1tica e ensino em cuidados paliativos\",\"publisher\":{\"@id\":\"https:\\\/\\\/www.casadocuidar.org.br\\\/#organization\"},\"potentialAction\":[{\"@type\":\"SearchAction\",\"target\":{\"@type\":\"EntryPoint\",\"urlTemplate\":\"https:\\\/\\\/www.casadocuidar.org.br\\\/?s={search_term_string}\"},\"query-input\":{\"@type\":\"PropertyValueSpecification\",\"valueRequired\":true,\"valueName\":\"search_term_string\"}}],\"inLanguage\":\"en-US\"},{\"@type\":\"Organization\",\"@id\":\"https:\\\/\\\/www.casadocuidar.org.br\\\/#organization\",\"name\":\"Casa do Cuidar \u2013 Pr\u00e1tica e ensino em cuidados paliativos\",\"url\":\"https:\\\/\\\/www.casadocuidar.org.br\\\/\",\"logo\":{\"@type\":\"ImageObject\",\"inLanguage\":\"en-US\",\"@id\":\"https:\\\/\\\/www.casadocuidar.org.br\\\/#\\\/schema\\\/logo\\\/image\\\/\",\"url\":\"https:\\\/\\\/www.casadocuidar.org.br\\\/website\\\/wp-content\\\/uploads\\\/2018\\\/08\\\/casadocuidar-logoshare.png\",\"contentUrl\":\"https:\\\/\\\/www.casadocuidar.org.br\\\/website\\\/wp-content\\\/uploads\\\/2018\\\/08\\\/casadocuidar-logoshare.png\",\"width\":500,\"height\":500,\"caption\":\"Casa do Cuidar \u2013 Pr\u00e1tica e ensino em cuidados paliativos\"},\"image\":{\"@id\":\"https:\\\/\\\/www.casadocuidar.org.br\\\/#\\\/schema\\\/logo\\\/image\\\/\"}},{\"@type\":\"Person\",\"@id\":\"https:\\\/\\\/www.casadocuidar.org.br\\\/#\\\/schema\\\/person\\\/5d8486dbe13a88a6dd6b40aea91d2c5b\",\"name\":\"Casa do Cuidar\",\"image\":{\"@type\":\"ImageObject\",\"inLanguage\":\"en-US\",\"@id\":\"https:\\\/\\\/secure.gravatar.com\\\/avatar\\\/a541283949c7bab9ba4ffc45152502c19a06dfbcb0af94e6b46d94a21476ffae?s=96&d=mm&r=g\",\"url\":\"https:\\\/\\\/secure.gravatar.com\\\/avatar\\\/a541283949c7bab9ba4ffc45152502c19a06dfbcb0af94e6b46d94a21476ffae?s=96&d=mm&r=g\",\"contentUrl\":\"https:\\\/\\\/secure.gravatar.com\\\/avatar\\\/a541283949c7bab9ba4ffc45152502c19a06dfbcb0af94e6b46d94a21476ffae?s=96&d=mm&r=g\",\"caption\":\"Casa do Cuidar\"}}]}<\/script>\n<!-- \/ Yoast SEO plugin. -->","yoast_head_json":{"title":"Palliative Care Continuum Education - Casa do Cuidar","robots":{"index":"index","follow":"follow","max-snippet":"max-snippet:-1","max-image-preview":"max-image-preview:large","max-video-preview":"max-video-preview:-1"},"canonical":"https:\/\/www.casadocuidar.org.br\/?p=3122","og_locale":"en_US","og_type":"article","og_title":"Palliative Care Continuum Education - Casa do Cuidar","og_description":"[vc_row][vc_column width=&#8221;2\/12&#8243;][\/vc_column][vc_column width=&#8221;8\/12&#8243;][vc_column_text] Uma parceria A Casa Humana e Casa do Cuidar\u00a0para profissionais da \u00e1rea de sa\u00fade que trabalham com Assist\u00eancia Domiciliar, Hospital de Retaguarda e Institui\u00e7\u00f5es de Longa Perman\u00eancia de Idosos (ILPI) [\/vc_column_text][vc_row_inner content_placement=&#8221;middle&#8221; gap=&#8221;35&#8243;][vc_column_inner width=&#8221;1\/2&#8243;][vc_single_image image=&#8221;3127&#8243; img_size=&#8221;150&#215;100&#8243; alignment=&#8221;center&#8221; image_hovers=&#8221;false&#8221;][\/vc_column_inner][vc_column_inner width=&#8221;1\/2&#8243;][vc_single_image image=&#8221;23&#8243; img_size=&#8221;155&#215;60&#8243; alignment=&#8221;center&#8221; image_hovers=&#8221;false&#8221;][\/vc_column_inner][\/vc_row_inner][vc_column_text]O aumento das Doen\u00e7as Cr\u00f4nicas N\u00e3o Transmiss\u00edveis (DCNT) decorrente do&hellip;","og_url":"https:\/\/www.casadocuidar.org.br\/?p=3122","og_site_name":"Casa do Cuidar","article_published_time":"2020-12-09T15:00:56+00:00","article_modified_time":"2020-12-09T17:25:33+00:00","og_image":[{"url":"https:\/\/www.casadocuidar.org.br\/website\/wp-content\/uploads\/2019\/11\/cc-aperfeicoamento-final.jpg","type":"","width":"","height":""}],"author":"Casa do Cuidar","twitter_card":"summary_large_image","twitter_misc":{"Written by":"Casa do Cuidar","Est. reading time":"7 minutes"},"schema":{"@context":"https:\/\/schema.org","@graph":[{"@type":"Article","@id":"https:\/\/www.casadocuidar.org.br\/?p=3122#article","isPartOf":{"@id":"https:\/\/www.casadocuidar.org.br\/?p=3122"},"author":{"name":"Casa do Cuidar","@id":"https:\/\/www.casadocuidar.org.br\/#\/schema\/person\/5d8486dbe13a88a6dd6b40aea91d2c5b"},"headline":"Palliative Care Continuum Education","datePublished":"2020-12-09T15:00:56+00:00","dateModified":"2020-12-09T17:25:33+00:00","mainEntityOfPage":{"@id":"https:\/\/www.casadocuidar.org.br\/?p=3122"},"wordCount":1428,"publisher":{"@id":"https:\/\/www.casadocuidar.org.br\/#organization"},"image":{"@id":"https:\/\/www.casadocuidar.org.br\/?p=3122#primaryimage"},"thumbnailUrl":"https:\/\/www.casadocuidar.org.br\/website\/wp-content\/uploads\/2019\/11\/cc-aperfeicoamento-thumb1.jpg","articleSection":["Courses"],"inLanguage":"en-US"},{"@type":"WebPage","@id":"https:\/\/www.casadocuidar.org.br\/?p=3122","url":"https:\/\/www.casadocuidar.org.br\/?p=3122","name":"Palliative Care Continuum Education - Casa do Cuidar","isPartOf":{"@id":"https:\/\/www.casadocuidar.org.br\/#website"},"primaryImageOfPage":{"@id":"https:\/\/www.casadocuidar.org.br\/?p=3122#primaryimage"},"image":{"@id":"https:\/\/www.casadocuidar.org.br\/?p=3122#primaryimage"},"thumbnailUrl":"https:\/\/www.casadocuidar.org.br\/website\/wp-content\/uploads\/2019\/11\/cc-aperfeicoamento-thumb1.jpg","datePublished":"2020-12-09T15:00:56+00:00","dateModified":"2020-12-09T17:25:33+00:00","breadcrumb":{"@id":"https:\/\/www.casadocuidar.org.br\/?p=3122#breadcrumb"},"inLanguage":"en-US","potentialAction":[{"@type":"ReadAction","target":["https:\/\/www.casadocuidar.org.br\/?p=3122"]}]},{"@type":"ImageObject","inLanguage":"en-US","@id":"https:\/\/www.casadocuidar.org.br\/?p=3122#primaryimage","url":"https:\/\/www.casadocuidar.org.br\/website\/wp-content\/uploads\/2019\/11\/cc-aperfeicoamento-thumb1.jpg","contentUrl":"https:\/\/www.casadocuidar.org.br\/website\/wp-content\/uploads\/2019\/11\/cc-aperfeicoamento-thumb1.jpg","width":900,"height":600},{"@type":"BreadcrumbList","@id":"https:\/\/www.casadocuidar.org.br\/?p=3122#breadcrumb","itemListElement":[{"@type":"ListItem","position":1,"name":"In\u00edcio","item":"https:\/\/www.casadocuidar.org.br\/en\/"},{"@type":"ListItem","position":2,"name":"Palliative Care Continuum Education"}]},{"@type":"WebSite","@id":"https:\/\/www.casadocuidar.org.br\/#website","url":"https:\/\/www.casadocuidar.org.br\/","name":"Casa do Cuidar","description":"Pr\u00e1tica e ensino em cuidados paliativos","publisher":{"@id":"https:\/\/www.casadocuidar.org.br\/#organization"},"potentialAction":[{"@type":"SearchAction","target":{"@type":"EntryPoint","urlTemplate":"https:\/\/www.casadocuidar.org.br\/?s={search_term_string}"},"query-input":{"@type":"PropertyValueSpecification","valueRequired":true,"valueName":"search_term_string"}}],"inLanguage":"en-US"},{"@type":"Organization","@id":"https:\/\/www.casadocuidar.org.br\/#organization","name":"Casa do Cuidar \u2013 Pr\u00e1tica e ensino em cuidados paliativos","url":"https:\/\/www.casadocuidar.org.br\/","logo":{"@type":"ImageObject","inLanguage":"en-US","@id":"https:\/\/www.casadocuidar.org.br\/#\/schema\/logo\/image\/","url":"https:\/\/www.casadocuidar.org.br\/website\/wp-content\/uploads\/2018\/08\/casadocuidar-logoshare.png","contentUrl":"https:\/\/www.casadocuidar.org.br\/website\/wp-content\/uploads\/2018\/08\/casadocuidar-logoshare.png","width":500,"height":500,"caption":"Casa do Cuidar \u2013 Pr\u00e1tica e ensino em cuidados paliativos"},"image":{"@id":"https:\/\/www.casadocuidar.org.br\/#\/schema\/logo\/image\/"}},{"@type":"Person","@id":"https:\/\/www.casadocuidar.org.br\/#\/schema\/person\/5d8486dbe13a88a6dd6b40aea91d2c5b","name":"Casa do Cuidar","image":{"@type":"ImageObject","inLanguage":"en-US","@id":"https:\/\/secure.gravatar.com\/avatar\/a541283949c7bab9ba4ffc45152502c19a06dfbcb0af94e6b46d94a21476ffae?s=96&d=mm&r=g","url":"https:\/\/secure.gravatar.com\/avatar\/a541283949c7bab9ba4ffc45152502c19a06dfbcb0af94e6b46d94a21476ffae?s=96&d=mm&r=g","contentUrl":"https:\/\/secure.gravatar.com\/avatar\/a541283949c7bab9ba4ffc45152502c19a06dfbcb0af94e6b46d94a21476ffae?s=96&d=mm&r=g","caption":"Casa do Cuidar"}}]}},"_links":{"self":[{"href":"https:\/\/www.casadocuidar.org.br\/en\/wp-json\/wp\/v2\/posts\/8158","targetHints":{"allow":["GET"]}}],"collection":[{"href":"https:\/\/www.casadocuidar.org.br\/en\/wp-json\/wp\/v2\/posts"}],"about":[{"href":"https:\/\/www.casadocuidar.org.br\/en\/wp-json\/wp\/v2\/types\/post"}],"author":[{"embeddable":true,"href":"https:\/\/www.casadocuidar.org.br\/en\/wp-json\/wp\/v2\/users\/1"}],"replies":[{"embeddable":true,"href":"https:\/\/www.casadocuidar.org.br\/en\/wp-json\/wp\/v2\/comments?post=8158"}],"version-history":[{"count":0,"href":"https:\/\/www.casadocuidar.org.br\/en\/wp-json\/wp\/v2\/posts\/8158\/revisions"}],"wp:featuredmedia":[{"embeddable":true,"href":"https:\/\/www.casadocuidar.org.br\/en\/wp-json\/wp\/v2\/media\/3161"}],"wp:attachment":[{"href":"https:\/\/www.casadocuidar.org.br\/en\/wp-json\/wp\/v2\/media?parent=8158"}],"wp:term":[{"taxonomy":"category","embeddable":true,"href":"https:\/\/www.casadocuidar.org.br\/en\/wp-json\/wp\/v2\/categories?post=8158"},{"taxonomy":"post_tag","embeddable":true,"href":"https:\/\/www.casadocuidar.org.br\/en\/wp-json\/wp\/v2\/tags?post=8158"}],"curies":[{"name":"wp","href":"https:\/\/api.w.org\/{rel}","templated":true}]}}