{"id":7984,"date":"2020-10-24T15:29:41","date_gmt":"2020-10-24T18:29:41","guid":{"rendered":"https:\/\/www.casadocuidar.org.br\/?p=7984"},"modified":"2020-12-09T14:23:19","modified_gmt":"2020-12-09T17:23:19","slug":"update-course-on-compassionate-communication","status":"publish","type":"post","link":"https:\/\/www.casadocuidar.org.br\/en\/courses\/update-course-on-compassionate-communication\/","title":{"rendered":"Update course on compassionate communication"},"content":{"rendered":"<div class=\"wpb-content-wrapper\"><p>[vc_row][vc_column width=&#8221;2\/12&#8243;][\/vc_column][vc_column width=&#8221;8\/12&#8243;][vc_column_text]Muito se discute sobre intelig\u00eancia emocional, mas pouco ela adianta quando sa\u00edmos de nossa zona de conforto em dire\u00e7\u00e3o ao um estado de conflito emocional de uma pessoa em sofrimento existencial.<\/p>\n<p>A contamina\u00e7\u00e3o emocional pode ser muito mais r\u00e1pida do que a nossa capacidade de prote\u00e7\u00e3o frente ao \u00f3dio e a raiva que demandam aten\u00e7\u00e3o, mas que podem se tornar obst\u00e1culos aos cuidados de comunidades vulner\u00e1veis.<\/p>\n<p>A teoria trar\u00e1 os principais fundamentos da comunica\u00e7\u00e3o compassiva atrav\u00e9s de elementos de consci\u00eancia das emo\u00e7\u00f5es e caminhos para seu equil\u00edbrio.<\/p>\n<p>A pr\u00e1tica de laborat\u00f3rio e oficinas visa a discuss\u00e3o de situa\u00e7\u00f5es onde a comunica\u00e7\u00e3o compassiva pode resultar em espa\u00e7os de abertura ao v\u00ednculo seguro e ao desenvolvimento da compreens\u00e3o e do cuidado do ser humano em sua magnitude.[\/vc_column_text][\/vc_column][vc_column width=&#8221;2\/12&#8243;][\/vc_column][\/vc_row][vc_row full_width=&#8221;stretch_row&#8221; css=&#8221;.vc_custom_1594690633854{margin-bottom: 0px !important;padding-top: 10px !important;padding-bottom: 30px !important;background-color: #dcd6f9 !important;}&#8221;][vc_column width=&#8221;1\/6&#8243;][\/vc_column][vc_column width=&#8221;2\/3&#8243;][vc_column_text]<\/p>\n\n<p>&nbsp;<\/p>\n<h3>Programa\u00e7\u00e3o<\/h3>\n<p><strong>Aula 1<\/strong> &#8211; 24\/11<br \/>\n<em>O que \u00e9 Comunica\u00e7\u00e3o compassiva<\/em><\/p>\n<p><strong>Aula 2<\/strong> &#8211; 01\/12<br \/>\n<em>Bases da Comunica\u00e7\u00e3o humana<\/em><\/p>\n<p><strong>Aula 3<\/strong> &#8211; 08\/12<br \/>\n<em>Alicerces da Comunica\u00e7\u00e3o Compassiva: (Os 8 \u201cCs\u201d) parte 1<\/em><\/p>\n<p><strong>Aula 4<\/strong> &#8211; 15\/12<br \/>\n<em>Alicerces da Comunica\u00e7\u00e3o Compassiva: (Os 8 \u201cCs\u201d) parte 2<\/em><\/p>\n<p><strong>Recesso 16\/12 a 04\/01\/2021<\/strong><\/p>\n<p><strong>Aula 5<\/strong> &#8211; 05\/01<br \/>\n<em>Partilha e escolha de cenas reais vivenciadas no dia a dia do trabalho da equipe<\/em><\/p>\n<p><strong>Aula 6<\/strong> &#8211; 12\/01<br \/>\n<em>Comunica\u00e7\u00e3o dif\u00edcil &#8211; Maslow e a pir\u00e2mide da comunica\u00e7\u00e3o<\/em><\/p>\n<p><strong>Aula 7<\/strong> &#8211; 19\/01<br \/>\n<em>Confer\u00eancia Familiar Compassiva<\/em><\/p>\n<p><strong>Aula 8<\/strong> &#8211; 26\/01<br \/>\n<em>Apresenta\u00e7\u00e3o de casos dif\u00edceis e discuss\u00e3o aberta<\/em><\/p>\n<p>&#8212;<\/p>\n<p><strong>Aluno matriculado:<\/strong><br \/>\n<a href=\"https:\/\/www.casadocuidar.org.br\/minha-conta\/\">Fa\u00e7a login no site<\/a> e retorne a essa p\u00e1gina para visualizar os links e assistir aos v\u00eddeos das aulas.<\/p>\n<p>[\/vc_column_text][\/vc_column][vc_column width=&#8221;1\/6&#8243;][\/vc_column][\/vc_row][vc_row full_width=&#8221;stretch_row&#8221; css=&#8221;.vc_custom_1580741167858{margin-bottom: 0px !important;padding-top: 30px !important;padding-bottom: 30px !important;background-color: #efefef !important;}&#8221;][vc_column width=&#8221;1\/6&#8243;][\/vc_column][vc_column width=&#8221;2\/3&#8243;][vc_column_text]<\/p>\n<h3>Mais informa\u00e7\u00f5es<\/h3>\n<p><strong>Quando:<\/strong>\u00a0ter\u00e7as-feiras, das 19h \u00e0s 21h30<br \/>\n<strong>In\u00edcio:<\/strong> 24\/11\/2020<\/p>\n<p><strong>Instrutores:<\/strong><br \/>\nAna Claudia Quintana Arantes &#8211; m\u00e9dica<br \/>\nAlexandre Silva &#8211; enfermeiro<br \/>\nJos\u00e9 Carlos Safi &#8211; m\u00e9dico[\/vc_column_text][\/vc_column][vc_column width=&#8221;1\/6&#8243;][\/vc_column][\/vc_row][vc_row][vc_column width=&#8221;2\/12&#8243;][\/vc_column][vc_column width=&#8221;3\/12&#8243;][vc_single_image image=&#8221;5658&#8243; img_size=&#8221;full&#8221; alignment=&#8221;center&#8221; style=&#8221;vc_box_shadow&#8221; image_hovers=&#8221;false&#8221;][\/vc_column][vc_column width=&#8221;5\/12&#8243;][vc_column_text]<\/p>\n<h3>Ana Claudia Quintana Arantes<\/h3>\n<p>M\u00e9dica formada pela USP com resid\u00eancia em Geriatria e Gerontologia no Hospital das Cl\u00ednicas da FMUSP. Fez p\u00f3s-gradua\u00e7\u00e3o em Psicologia \u2013 Interven\u00e7\u00f5es em Luto pelo Instituto 4 Esta\u00e7\u00f5es de Psicologia e especializa\u00e7\u00e3o em Cuidados Paliativos pelo Instituto Pallium e Universidade de Oxford.\u00a0\u00c9 s\u00f3cia fundadora da Associa\u00e7\u00e3o Casa do Cuidar, Pr\u00e1tica e Ensino em Cuidados Paliativos.<\/p>\n<p>Participou do TEDx FMUSP com a palestra \u201cA Morte \u00e9 um dia que vale a pena viver\u201d e lan\u00e7ou a segunda edi\u00e7\u00e3o do livro com o mesmo t\u00edtulo pela Editora Sextante \u2013 livro que permanece entre os mais vendidos e recomendados desde a primeira edi\u00e7\u00e3o em 2016.[\/vc_column_text][\/vc_column][vc_column width=&#8221;2\/12&#8243;][\/vc_column][\/vc_row][vc_row][vc_column width=&#8221;2\/12&#8243;][\/vc_column][vc_column width=&#8221;3\/12&#8243;][vc_single_image image=&#8221;5665&#8243; img_size=&#8221;full&#8221; alignment=&#8221;center&#8221; style=&#8221;vc_box_shadow&#8221; image_hovers=&#8221;false&#8221;][\/vc_column][vc_column width=&#8221;5\/12&#8243;][vc_column_text]<\/p>\n<h3>Alexandre Silva<\/h3>\n<p>Graduado em Enfermagem , especialista em sa\u00fade mental e Gest\u00e3o Hospitalar, mestrado e doutorado na tem\u00e1tica dos cuidados paliativos, pela UEMG UFMG\/Universidade Cat\u00f3lica Portuguesa. Atualmente \u00e9 Professor Adjunto da Universidade Federal de S\u00e3o Jo\u00e3o Del Rei, nos Cursos de Enfermagem e Medicina. Membro e pesquisador volunt\u00e1rio do Grupo de Estudo e Pesquisa em Cuidados Paliativos da ENSP FIOCRUZ e do Observat\u00f3rio portugu\u00eas em cuidados paliativos. Membro do Comit\u00ea de cuidados paliativos do Coren-MG. E se n\u00e3o for ousadia, professor colaborador da Casa do Cuidar.[\/vc_column_text][\/vc_column][vc_column width=&#8221;2\/12&#8243;][\/vc_column][\/vc_row][vc_row][vc_column width=&#8221;2\/12&#8243;][\/vc_column][vc_column width=&#8221;3\/12&#8243;][vc_single_image image=&#8221;5667&#8243; img_size=&#8221;full&#8221; alignment=&#8221;center&#8221; style=&#8221;vc_box_shadow&#8221; image_hovers=&#8221;false&#8221;][\/vc_column][vc_column width=&#8221;5\/12&#8243;][vc_column_text]<\/p>\n<h3>Jos\u00e9 Carlos Safi<\/h3>\n<p>Formado pela Faculdade de Medicina de Botucatu-UNESP, com especializa\u00e7\u00e3o em Medicina Intensiva, Cl\u00ednica M\u00e9dica e atua em Cuidados Paliativos. Desde 2015 \u00e9 pupilo da Casa do Cuidar, organiza\u00e7\u00e3o social sem fins lucrativos, criada com o objetivo de trabalho multiprofissional compartilhado na pr\u00e1tica e no ensino de Cuidados Paliativos. Reside em It\u00fa, estado de S\u00e3o Paulo, Brasil.[\/vc_column_text][\/vc_column][vc_column width=&#8221;2\/12&#8243;][\/vc_column][\/vc_row][vc_row full_width=&#8221;stretch_row&#8221; css=&#8221;.vc_custom_1606048622128{background-color: #f7f7f7 !important;}&#8221;][vc_column width=&#8221;2\/12&#8243;][\/vc_column][vc_column width=&#8221;8\/12&#8243;]<style type=\"text\/css\" data-type=\"the7_shortcodes-inline-css\">#default-btn-acd8e1d9051779c7440547784850456a.ico-right-side > i {\n  margin-right: 0px;\n  margin-left: 8px;\n}\n#default-btn-acd8e1d9051779c7440547784850456a > i {\n  margin-right: 8px;\n}<\/style><div class=\"btn-align-center\"><a href=\"https:\/\/compassiva.casadocuidar.org.br\/\" class=\"default-btn-shortcode dt-btn dt-btn-m link-hover-off full-width-btn  vc_custom_1606048816160\" target=\"_blank\" id=\"default-btn-acd8e1d9051779c7440547784850456a\" rel=\"noopener\"><span>Clique aqui e conhe\u00e7a a vers\u00e3o ass\u00edncrona desse curso<\/span><\/a><\/div>[vc_column_text]<\/p>\n<h3>Lista de interesse<\/h3>\n<p>As inscri\u00e7\u00f5es para a turma atual foram encerradas. Mas voc\u00ea pode deixar seu nome na lista e o avisaremos assim que abrirmos novas tumas[\/vc_column_text]<noscript class=\"ninja-forms-noscript-message\">\n\tNotice: JavaScript is required for this content.<\/noscript>\n<div id=\"nf-form-2-cont\" class=\"nf-form-cont\" aria-live=\"polite\" aria-labelledby=\"nf-form-title-2\" aria-describedby=\"nf-form-errors-2\" role=\"form\">\n\n    <div class=\"nf-loading-spinner\"><\/div>\n\n<\/div>\n        <!-- That data is being printed as a workaround to page builders reordering the order of the scripts loaded-->\n        <script>var formDisplay=1;var nfForms=nfForms||[];var form=[];form.id='2';form.settings={\"objectType\":\"Form Setting\",\"editActive\":true,\"title\":\"Interesse no curso\",\"show_title\":0,\"clear_complete\":1,\"hide_complete\":1,\"default_label_pos\":\"above\",\"wrapper_class\":\"\",\"element_class\":\"\",\"key\":\"\",\"add_submit\":0,\"currency\":\"\",\"unique_field_error\":\"A form with this value has already been submitted.\",\"logged_in\":false,\"not_logged_in_msg\":\"\",\"sub_limit_msg\":\"The form has reached its submission limit.\",\"calculations\":[],\"container_styles_show_advanced_css\":0,\"title_styles_show_advanced_css\":0,\"row_styles_show_advanced_css\":0,\"row-odd_styles_show_advanced_css\":0,\"success-msg_styles_show_advanced_css\":0,\"error_msg_styles_show_advanced_css\":0,\"formContentData\":[{\"order\":1,\"cells\":[{\"order\":0,\"fields\":[\"nome_1527109801809\"],\"width\":33},{\"order\":1,\"fields\":[\"email_1527109810070\"],\"width\":33},{\"order\":2,\"fields\":[\"telefone_1527109823406\"],\"width\":33}]},{\"order\":2,\"cells\":[{\"order\":0,\"fields\":[\"nome_da_pagina_1594690893053\"],\"width\":\"100\"}]},{\"order\":3,\"cells\":[{\"order\":0,\"fields\":[\"enviar_1527109852602\"],\"width\":\"100\"}]}],\"drawerDisabled\":false,\"changeEmailErrorMsg\":\"Digite um e-mail v\\u00e1lido\",\"changeDateErrorMsg\":\"Please enter a valid date!\",\"confirmFieldErrorMsg\":\"These fields must match!\",\"fieldNumberNumMinError\":\"Number Min Error\",\"fieldNumberNumMaxError\":\"Number Max Error\",\"fieldNumberIncrementBy\":\"Please increment by \",\"formErrorsCorrectErrors\":\"Por favor, preencha todos os campos necess\\u00e1rios.\",\"validateRequiredField\":\"This is a required field.\",\"honeypotHoneypotError\":\"Honeypot Error\",\"fieldsMarkedRequired\":\"Campos com * s\\u00e3o obrigat\\u00f3rios\",\"conditions\":[],\"allow_public_link\":0,\"embed_form\":\"\",\"form_title_heading_level\":\"3\",\"objectDomain\":\"display\",\"ninjaForms\":\"Ninja Forms\",\"fieldTextareaRTEInsertLink\":\"Insert Link\",\"fieldTextareaRTEInsertMedia\":\"Insert Media\",\"fieldTextareaRTESelectAFile\":\"Select a file\",\"tableInsertRowAbove\":\"Insert Row Above\",\"tableInsertRowBelow\":\"Insert Row Below\",\"tableInsertColumnLeft\":\"Insert Column Left\",\"tableInsertColumnRight\":\"Insert Column Right\",\"tableDeleteRow\":\"Delete Row\",\"tableDeleteColumn\":\"Delete Column\",\"tableDeleteTable\":\"Delete Table\",\"tableLegacyNotice\":\"This content has tables in the old editor format. Custom styles are preserved until converted. Editing will update to the new format.\",\"tableLegacyConvert\":\"Convert Now\",\"tableInsertTable\":\"Insert Table\",\"dismiss\":\"Dismiss\",\"insertLink\":\"Insert Link\",\"formHoneypot\":\"If you are a human seeing this field, please leave it empty.\",\"fileUploadOldCodeFileUploadInProgress\":\"File Upload in Progress.\",\"fileUploadOldCodeFileUpload\":\"FILE UPLOAD\",\"currencySymbol\":\"&#36;\",\"thousands_sep\":\",\",\"decimal_point\":\".\",\"siteLocale\":\"en_US\",\"dateFormat\":\"m\\\/d\\\/Y\",\"startOfWeek\":\"0\",\"of\":\"of\",\"previousMonth\":\"Previous Month\",\"nextMonth\":\"Next Month\",\"months\":[\"January\",\"February\",\"March\",\"April\",\"May\",\"June\",\"July\",\"August\",\"September\",\"October\",\"November\",\"December\"],\"monthsShort\":[\"Jan\",\"Feb\",\"Mar\",\"Apr\",\"May\",\"Jun\",\"Jul\",\"Aug\",\"Sep\",\"Oct\",\"Nov\",\"Dec\"],\"weekdays\":[\"Sunday\",\"Monday\",\"Tuesday\",\"Wednesday\",\"Thursday\",\"Friday\",\"Saturday\"],\"weekdaysShort\":[\"Sun\",\"Mon\",\"Tue\",\"Wed\",\"Thu\",\"Fri\",\"Sat\"],\"weekdaysMin\":[\"Su\",\"Mo\",\"Tu\",\"We\",\"Th\",\"Fr\",\"Sa\"],\"recaptchaConsentMissing\":\"reCaptcha validation couldn&#039;t load.\",\"recaptchaMissingCookie\":\"reCaptcha v3 validation couldn&#039;t load the cookie needed to submit the form.\",\"recaptchaConsentEvent\":\"Accept reCaptcha cookies before sending the form.\",\"currency_symbol\":\"\",\"beforeForm\":\"\",\"beforeFields\":\"\",\"afterFields\":\"\",\"afterForm\":\"\"};form.fields=[{\"objectType\":\"Field\",\"objectDomain\":\"fields\",\"editActive\":false,\"order\":1,\"idAttribute\":\"id\",\"type\":\"firstname\",\"label\":\"Nome\",\"key\":\"nome_1527109801809\",\"label_pos\":\"above\",\"required\":1,\"default\":\"\",\"placeholder\":\"\",\"container_class\":\"\",\"element_class\":\"\",\"admin_label\":\"\",\"help_text\":\"\",\"custom_name_attribute\":\"fname\",\"wrap_styles_show_advanced_css\":0,\"label_styles_show_advanced_css\":0,\"element_styles_show_advanced_css\":0,\"cellcid\":\"c3543\",\"drawerDisabled\":false,\"personally_identifiable\":1,\"value\":\"\",\"id\":18,\"beforeField\":\"\",\"afterField\":\"\",\"parentType\":\"firstname\",\"element_templates\":[\"firstname\",\"input\"],\"old_classname\":\"\",\"wrap_template\":\"wrap\"},{\"objectType\":\"Field\",\"objectDomain\":\"fields\",\"editActive\":false,\"order\":2,\"idAttribute\":\"id\",\"type\":\"email\",\"label\":\"E-mail\",\"key\":\"email_1527109810070\",\"label_pos\":\"above\",\"required\":1,\"default\":\"\",\"placeholder\":\"\",\"container_class\":\"\",\"element_class\":\"\",\"admin_label\":\"\",\"help_text\":\"\",\"custom_name_attribute\":\"email\",\"wrap_styles_show_advanced_css\":0,\"label_styles_show_advanced_css\":0,\"element_styles_show_advanced_css\":0,\"cellcid\":\"c3546\",\"drawerDisabled\":false,\"personally_identifiable\":1,\"value\":\"\",\"id\":19,\"beforeField\":\"\",\"afterField\":\"\",\"parentType\":\"email\",\"element_templates\":[\"email\",\"input\"],\"old_classname\":\"\",\"wrap_template\":\"wrap\"},{\"objectType\":\"Field\",\"objectDomain\":\"fields\",\"editActive\":false,\"order\":3,\"idAttribute\":\"id\",\"type\":\"textbox\",\"label\":\"Telefone\",\"key\":\"telefone_1527109823406\",\"label_pos\":\"above\",\"required\":false,\"default\":\"\",\"placeholder\":\"(XX) XXXX-XXXX\",\"container_class\":\"\",\"element_class\":\"\",\"input_limit\":\"\",\"input_limit_type\":\"characters\",\"input_limit_msg\":\"Character(s) left\",\"manual_key\":false,\"admin_label\":\"\",\"help_text\":\"\",\"mask\":\"\",\"custom_mask\":\"\",\"custom_name_attribute\":\"\",\"wrap_styles_show_advanced_css\":0,\"label_styles_show_advanced_css\":0,\"element_styles_show_advanced_css\":0,\"cellcid\":\"c3548\",\"personally_identifiable\":\"\",\"value\":\"\",\"id\":20,\"beforeField\":\"\",\"afterField\":\"\",\"parentType\":\"textbox\",\"element_templates\":[\"textbox\",\"input\"],\"old_classname\":\"\",\"wrap_template\":\"wrap\"},{\"objectType\":\"Field\",\"objectDomain\":\"fields\",\"editActive\":false,\"order\":4,\"idAttribute\":\"id\",\"label\":\"Nome da p\\u00e1gina\",\"type\":\"hidden\",\"key\":\"nome_da_pagina_1594690893053\",\"default\":\"{wp:post_title}\",\"admin_label\":\"\",\"wrap_styles_border\":\"\",\"wrap_styles_width\":\"\",\"wrap_styles_margin\":\"\",\"wrap_styles_padding\":\"\",\"wrap_styles_float\":\"\",\"wrap_styles_show_advanced_css\":0,\"label_styles_border\":\"\",\"label_styles_width\":\"\",\"label_styles_font-size\":\"\",\"label_styles_margin\":\"\",\"label_styles_padding\":\"\",\"label_styles_float\":\"\",\"label_styles_show_advanced_css\":0,\"element_styles_border\":\"\",\"element_styles_width\":\"\",\"element_styles_font-size\":\"\",\"element_styles_margin\":\"\",\"element_styles_padding\":\"\",\"element_styles_float\":\"\",\"element_styles_show_advanced_css\":0,\"cellcid\":\"c3551\",\"drawerDisabled\":false,\"manual_key\":true,\"id\":52,\"beforeField\":\"\",\"afterField\":\"\",\"value\":\"Update course on compassionate communication\",\"label_pos\":\"above\",\"parentType\":\"hidden\",\"element_templates\":[\"hidden\",\"input\"],\"old_classname\":\"\",\"wrap_template\":\"wrap-no-label\"},{\"objectType\":\"Field\",\"objectDomain\":\"fields\",\"editActive\":false,\"order\":5,\"idAttribute\":\"id\",\"type\":\"submit\",\"label\":\"Enviar\",\"processing_label\":\"Aguarde...\",\"container_class\":\"\",\"element_class\":\"\",\"key\":\"enviar_1527109852602\",\"wrap_styles_show_advanced_css\":0,\"element_styles_show_advanced_css\":0,\"submit_element_hover_styles_show_advanced_css\":0,\"cellcid\":\"c3554\",\"drawerDisabled\":false,\"admin_label\":\"\",\"id\":21,\"beforeField\":\"\",\"afterField\":\"\",\"value\":\"\",\"label_pos\":\"above\",\"parentType\":\"textbox\",\"element_templates\":[\"submit\",\"button\",\"input\"],\"old_classname\":\"\",\"wrap_template\":\"wrap-no-label\"}];nfForms.push(form);<\/script>\n                <script id=\"nf-tmpl-cell\" type=\"text\/template\">\n            <nf-fields><\/nf-fields>\n        <\/script>\n\n        <script id=\"nf-tmpl-row\" type=\"text\/template\">\n            <nf-cells><\/nf-cells>\n        <\/script>\n\n        [\/vc_column][vc_column width=&#8221;2\/12&#8243;][\/vc_column][\/vc_row][vc_row full_width=&#8221;stretch_row&#8221; disable_element=&#8221;yes&#8221; css=&#8221;.vc_custom_1606048569893{background-color: #f7f7f7 !important;}&#8221;][vc_column width=&#8221;2\/12&#8243;][\/vc_column][vc_column width=&#8221;8\/12&#8243;][vc_column_text]<\/p>\n<h3>Inscreva-se<\/h3>\n<p><strong>Investimento:<\/strong> R$ 460,00<br \/>\n<strong>P\u00fablico alvo:<\/strong> profissionais de sa\u00fade<br \/>\nDesconto de 20% para s\u00f3cios da Casa do Cuidar e estudantes de Gradua\u00e7\u00e3o[\/vc_column_text][\/vc_column][vc_column width=&#8221;2\/12&#8243;][\/vc_column][\/vc_row][vc_row full_width=&#8221;stretch_row&#8221; disable_element=&#8221;yes&#8221; css=&#8221;.vc_custom_1606048585977{padding-top: 20px !important;padding-bottom: 20px !important;background-image: url(https:\/\/www.casadocuidar.org.br\/website\/wp-content\/uploads\/2020\/06\/cc_comunicacaocompassiva.jpg?id=5656) !important;background-position: center !important;background-repeat: no-repeat !important;background-size: cover !important;}&#8221;][vc_column width=&#8221;1\/6&#8243;][\/vc_column][vc_column width=&#8221;2\/3&#8243; css=&#8221;.vc_custom_1578919496320{padding: 30px !important;background-color: rgba(255,255,255,0.92) !important;*background-color: rgb(255,255,255) !important;}&#8221;]<div class=\"woocommerce\">\t\t\t<div class=\"single-product\" data-product-page-preselected-id=\"0\">\n\t\t\t\t<div class=\"woocommerce-notices-wrapper\"><\/div><div id=\"product-7545\" class=\"member-discount discount-restricted description-off product type-product post-7545 status-publish first outofstock product_cat-cursos has-post-thumbnail sold-individually shipping-taxable purchasable product-type-variable\">\n\n\t<div class=\"woocommerce-product-gallery woocommerce-product-gallery--with-images woocommerce-product-gallery--columns-4 images\" data-columns=\"4\" style=\"opacity: 0; transition: opacity .25s ease-in-out;\">\n\t<div class=\"woocommerce-product-gallery__wrapper\">\n\t\t<div data-thumb=\"https:\/\/www.casadocuidar.org.br\/website\/wp-content\/uploads\/2020\/11\/Curso-atualiza\u00e7\u00e3o-em-Comunica\u00e7\u00e3o-compassiva-turma2-200x200.jpg\" data-thumb-alt=\"Curso de atualiza\u00e7\u00e3o em comunica\u00e7\u00e3o compassiva - Turma 2\" data-thumb-srcset=\"https:\/\/www.casadocuidar.org.br\/website\/wp-content\/uploads\/2020\/11\/Curso-atualiza\u00e7\u00e3o-em-Comunica\u00e7\u00e3o-compassiva-turma2-200x200.jpg 200w, https:\/\/www.casadocuidar.org.br\/website\/wp-content\/uploads\/2020\/11\/Curso-atualiza\u00e7\u00e3o-em-Comunica\u00e7\u00e3o-compassiva-turma2-300x300.jpg 300w, https:\/\/www.casadocuidar.org.br\/website\/wp-content\/uploads\/2020\/11\/Curso-atualiza\u00e7\u00e3o-em-Comunica\u00e7\u00e3o-compassiva-turma2-600x600.jpg 600w, https:\/\/www.casadocuidar.org.br\/website\/wp-content\/uploads\/2020\/11\/Curso-atualiza\u00e7\u00e3o-em-Comunica\u00e7\u00e3o-compassiva-turma2-150x150.jpg 150w, https:\/\/www.casadocuidar.org.br\/website\/wp-content\/uploads\/2020\/11\/Curso-atualiza\u00e7\u00e3o-em-Comunica\u00e7\u00e3o-compassiva-turma2-768x768.jpg 768w, https:\/\/www.casadocuidar.org.br\/website\/wp-content\/uploads\/2020\/11\/Curso-atualiza\u00e7\u00e3o-em-Comunica\u00e7\u00e3o-compassiva-turma2.jpg 1000w\"  data-thumb-sizes=\"(max-width: 200px) 100vw, 200px\" class=\"woocommerce-product-gallery__image\"><a href=\"https:\/\/www.casadocuidar.org.br\/website\/wp-content\/uploads\/2020\/11\/Curso-atualiza\u00e7\u00e3o-em-Comunica\u00e7\u00e3o-compassiva-turma2.jpg\"><img fetchpriority=\"high\" decoding=\"async\" width=\"600\" height=\"600\" src=\"https:\/\/www.casadocuidar.org.br\/website\/wp-content\/uploads\/2020\/11\/Curso-atualiza\u00e7\u00e3o-em-Comunica\u00e7\u00e3o-compassiva-turma2-600x600.jpg\" class=\"wp-post-image\" alt=\"Curso de atualiza\u00e7\u00e3o em comunica\u00e7\u00e3o compassiva - Turma 2\" data-caption=\"\" data-src=\"https:\/\/www.casadocuidar.org.br\/website\/wp-content\/uploads\/2020\/11\/Curso-atualiza\u00e7\u00e3o-em-Comunica\u00e7\u00e3o-compassiva-turma2.jpg\" data-large_image=\"https:\/\/www.casadocuidar.org.br\/website\/wp-content\/uploads\/2020\/11\/Curso-atualiza\u00e7\u00e3o-em-Comunica\u00e7\u00e3o-compassiva-turma2.jpg\" data-large_image_width=\"1000\" data-large_image_height=\"1000\" srcset=\"https:\/\/www.casadocuidar.org.br\/website\/wp-content\/uploads\/2020\/11\/Curso-atualiza\u00e7\u00e3o-em-Comunica\u00e7\u00e3o-compassiva-turma2-600x600.jpg 600w, https:\/\/www.casadocuidar.org.br\/website\/wp-content\/uploads\/2020\/11\/Curso-atualiza\u00e7\u00e3o-em-Comunica\u00e7\u00e3o-compassiva-turma2-300x300.jpg 300w, https:\/\/www.casadocuidar.org.br\/website\/wp-content\/uploads\/2020\/11\/Curso-atualiza\u00e7\u00e3o-em-Comunica\u00e7\u00e3o-compassiva-turma2-200x200.jpg 200w, https:\/\/www.casadocuidar.org.br\/website\/wp-content\/uploads\/2020\/11\/Curso-atualiza\u00e7\u00e3o-em-Comunica\u00e7\u00e3o-compassiva-turma2-150x150.jpg 150w, https:\/\/www.casadocuidar.org.br\/website\/wp-content\/uploads\/2020\/11\/Curso-atualiza\u00e7\u00e3o-em-Comunica\u00e7\u00e3o-compassiva-turma2-768x768.jpg 768w, https:\/\/www.casadocuidar.org.br\/website\/wp-content\/uploads\/2020\/11\/Curso-atualiza\u00e7\u00e3o-em-Comunica\u00e7\u00e3o-compassiva-turma2.jpg 1000w\" sizes=\"(max-width: 600px) 100vw, 600px\" \/><\/a><\/div>\t<\/div>\n<\/div>\n\n\t<div class=\"summary entry-summary\">\n\t\t<h1 class=\"product_title entry-title\">Curso de atualiza\u00e7\u00e3o em comunica\u00e7\u00e3o compassiva &#8211; Turma 2<\/h1>\n<form class=\"variations_form cart\" action=\"\" method=\"post\" enctype='multipart\/form-data' data-product_id=\"7545\" data-product_variations=\"[]\">\n\t\n\t\t\t<p class=\"stock out-of-stock\">This product is currently out of stock and unavailable.<\/p>\n\t\n\t<\/form>\n\n<p class=\"first-payment-date\"><small><\/small><\/p><div class=\"product_meta\">\n\n\t\n\n\n\t<span class=\"posted_in\">Category: <a href=\"https:\/\/www.casadocuidar.org.br\/categoria-doacao\/cursos\/\" rel=\"tag\">Cursos<\/a><\/span>\n\t\n        <span class=\"sku_wrapper\">SKU: <span class=\"sku\">N\/A<\/span><\/span>\n\n\t\n\t\n\t\n<\/div>\n\t<\/div>\n\n\t<\/div>\n\n\t\t\t<\/div>\n\t\t\t<\/div>[\/vc_column][vc_column width=&#8221;1\/6&#8243;][\/vc_column][\/vc_row][vc_row css=&#8221;.vc_custom_1605274343935{margin-top: 40px !important;background-color: #f7f7f7 !important;}&#8221;][vc_column width=&#8221;1\/6&#8243;][\/vc_column][vc_column width=&#8221;2\/3&#8243;][vc_column_text]<\/p>\n<h3 style=\"text-align: center;\">Vers\u00e3o ass\u00edncrona do curso<\/h3>\n<p style=\"text-align: center;\">Este curso tem uma vers\u00e3o ass\u00edncrona, em formato de v\u00eddeos gravados.<\/p>\n<div style=\"text-align: center;\">Acesse o link abaixo ou entre em contato para mais informa\u00e7\u00f5es:<br \/>\n<a href=\"mailto:cursos@casadocuidar.org.br\" target=\"_blank\" rel=\"noopener noreferrer\">cursos@casadocuidar.org.br<\/a>\u00a0 \/ <a href=\"https:\/\/api.whatsapp.com\/send?phone=5519999243390&amp;text=Eu%20cliquei%20no%20final%20da%20p%C3%A1gina%20sobre%20o%20curso%20de%20atualiza%C3%A7%C3%A3o%20em%20Comunica%C3%A7%C3%A3o%20Compassiva%20da%20Casa%20do%20Cuidar%2C%20modalidade%20s%C3%ADncrona.%20Gostaria%20de%20receber%20mais%20informa%C3%A7%C3%B5es%20sobre%20a%20modalidade%20ass%C3%ADncrona%2C%20com%20v%C3%ADdeos%20gravados.\">(19) 99924-3390<\/a> (apenas WhatsApp)<\/div>\n<p>[\/vc_column_text][vc_row_inner][vc_column_inner width=&#8221;1\/2&#8243;]<style type=\"text\/css\" data-type=\"the7_shortcodes-inline-css\">#default-btn-834db9ac06eccaa8a01eb933ffacf929.ico-right-side > i {\n  margin-right: 0px;\n  margin-left: 8px;\n}\n#default-btn-834db9ac06eccaa8a01eb933ffacf929 > i {\n  margin-right: 8px;\n}\n#default-btn-834db9ac06eccaa8a01eb933ffacf929 * {\n  vertical-align: middle;\n}<\/style><div class=\"btn-align-center\"><a href=\"https:\/\/compassiva.casadocuidar.org.br\" class=\"default-btn-shortcode dt-btn dt-btn-m link-hover-off  vc_custom_1605274331128\" target=\"_blank\" id=\"default-btn-834db9ac06eccaa8a01eb933ffacf929\" rel=\"noopener\"><span>Acesse aqui o curso ass\u00edncrono<\/span><\/a><\/div>[\/vc_column_inner][vc_column_inner width=&#8221;1\/2&#8243;]<style type=\"text\/css\" data-type=\"the7_shortcodes-inline-css\">#default-btn-d202791d32bb84dedbc81d3cfa6a3201.ico-right-side > i {\n  margin-right: 0px;\n  margin-left: 8px;\n}\n#default-btn-d202791d32bb84dedbc81d3cfa6a3201 > i {\n  margin-right: 8px;\n}\n#default-btn-d202791d32bb84dedbc81d3cfa6a3201 * {\n  vertical-align: middle;\n}<\/style><div class=\"btn-align-center\"><a href=\"https:\/\/compassiva.casadocuidar.org.br\/modalidades-do-curso\/\" class=\"default-btn-shortcode dt-btn dt-btn-m link-hover-off  vc_custom_1605792639314\" target=\"_blank\" id=\"default-btn-d202791d32bb84dedbc81d3cfa6a3201\" rel=\"noopener\"><span>Conhe\u00e7a as modalidades do curso<\/span><\/a><\/div>[\/vc_column_inner][\/vc_row_inner][\/vc_column][vc_column width=&#8221;1\/6&#8243;][\/vc_column][\/vc_row]<\/p>\n<\/div>","protected":false},"excerpt":{"rendered":"<p>[vc_row][vc_column width=&#8221;2\/12&#8243;][\/vc_column][vc_column width=&#8221;8\/12&#8243;][vc_column_text]Muito se discute sobre intelig\u00eancia emocional, mas pouco ela adianta quando sa\u00edmos de nossa zona de conforto em dire\u00e7\u00e3o ao um estado de conflito emocional de uma pessoa em sofrimento existencial. A contamina\u00e7\u00e3o emocional pode ser muito mais r\u00e1pida do que a nossa capacidade de prote\u00e7\u00e3o frente ao \u00f3dio e a raiva que&hellip;<\/p>\n","protected":false},"author":1,"featured_media":5657,"comment_status":"closed","ping_status":"closed","sticky":false,"template":"","format":"standard","meta":{"_acf_changed":false,"footnotes":""},"categories":[157],"tags":[],"class_list":["post-7984","post","type-post","status-publish","format-standard","has-post-thumbnail","hentry","category-courses","description-off"],"acf":[],"yoast_head":"<!-- This site is optimized with the Yoast SEO plugin v27.5 - https:\/\/yoast.com\/product\/yoast-seo-wordpress\/ -->\n<title>Update course on compassionate communication - Casa do Cuidar<\/title>\n<meta name=\"robots\" content=\"index, follow, max-snippet:-1, max-image-preview:large, max-video-preview:-1\" \/>\n<link rel=\"canonical\" href=\"https:\/\/www.casadocuidar.org.br\/cursos\/curso-de-atualizacao-em-comunicacao-compassiva\/\" \/>\n<meta property=\"og:locale\" content=\"en_US\" \/>\n<meta property=\"og:type\" content=\"article\" \/>\n<meta property=\"og:title\" content=\"Update course on compassionate communication - Casa do Cuidar\" \/>\n<meta property=\"og:description\" content=\"[vc_row][vc_column width=&#8221;2\/12&#8243;][\/vc_column][vc_column width=&#8221;8\/12&#8243;][vc_column_text]Muito se discute sobre intelig\u00eancia emocional, mas pouco ela adianta quando sa\u00edmos de nossa zona de conforto em dire\u00e7\u00e3o ao um estado de conflito emocional de uma pessoa em sofrimento existencial. A contamina\u00e7\u00e3o emocional pode ser muito mais r\u00e1pida do que a nossa capacidade de prote\u00e7\u00e3o frente ao \u00f3dio e a raiva que&hellip;\" \/>\n<meta property=\"og:url\" content=\"https:\/\/www.casadocuidar.org.br\/cursos\/curso-de-atualizacao-em-comunicacao-compassiva\/\" \/>\n<meta property=\"og:site_name\" content=\"Casa do Cuidar\" \/>\n<meta property=\"article:published_time\" content=\"2020-10-24T18:29:41+00:00\" \/>\n<meta property=\"article:modified_time\" content=\"2020-12-09T17:23:19+00:00\" \/>\n<meta property=\"og:image\" content=\"https:\/\/www.casadocuidar.org.br\/website\/wp-content\/uploads\/2020\/06\/Atualizacao-em-Comunicacao-compassiva.jpg\" \/>\n<meta name=\"author\" content=\"Casa do Cuidar\" \/>\n<meta name=\"twitter:card\" content=\"summary_large_image\" \/>\n<meta name=\"twitter:label1\" content=\"Written by\" \/>\n\t<meta name=\"twitter:data1\" content=\"Casa do Cuidar\" \/>\n\t<meta name=\"twitter:label2\" content=\"Est. reading time\" \/>\n\t<meta name=\"twitter:data2\" content=\"7 minutes\" \/>\n<script type=\"application\/ld+json\" class=\"yoast-schema-graph\">{\"@context\":\"https:\\\/\\\/schema.org\",\"@graph\":[{\"@type\":\"Article\",\"@id\":\"https:\\\/\\\/www.casadocuidar.org.br\\\/cursos\\\/curso-de-atualizacao-em-comunicacao-compassiva\\\/#article\",\"isPartOf\":{\"@id\":\"https:\\\/\\\/www.casadocuidar.org.br\\\/cursos\\\/curso-de-atualizacao-em-comunicacao-compassiva\\\/\"},\"author\":{\"name\":\"Casa do Cuidar\",\"@id\":\"https:\\\/\\\/www.casadocuidar.org.br\\\/#\\\/schema\\\/person\\\/5d8486dbe13a88a6dd6b40aea91d2c5b\"},\"headline\":\"Update course on compassionate communication\",\"datePublished\":\"2020-10-24T18:29:41+00:00\",\"dateModified\":\"2020-12-09T17:23:19+00:00\",\"mainEntityOfPage\":{\"@id\":\"https:\\\/\\\/www.casadocuidar.org.br\\\/cursos\\\/curso-de-atualizacao-em-comunicacao-compassiva\\\/\"},\"wordCount\":1358,\"publisher\":{\"@id\":\"https:\\\/\\\/www.casadocuidar.org.br\\\/#organization\"},\"image\":{\"@id\":\"https:\\\/\\\/www.casadocuidar.org.br\\\/cursos\\\/curso-de-atualizacao-em-comunicacao-compassiva\\\/#primaryimage\"},\"thumbnailUrl\":\"https:\\\/\\\/www.casadocuidar.org.br\\\/website\\\/wp-content\\\/uploads\\\/2020\\\/06\\\/cc_comunicacaocompassiva.jpg\",\"articleSection\":[\"Courses\"],\"inLanguage\":\"en-US\"},{\"@type\":\"WebPage\",\"@id\":\"https:\\\/\\\/www.casadocuidar.org.br\\\/cursos\\\/curso-de-atualizacao-em-comunicacao-compassiva\\\/\",\"url\":\"https:\\\/\\\/www.casadocuidar.org.br\\\/cursos\\\/curso-de-atualizacao-em-comunicacao-compassiva\\\/\",\"name\":\"Update course on compassionate communication - Casa do Cuidar\",\"isPartOf\":{\"@id\":\"https:\\\/\\\/www.casadocuidar.org.br\\\/#website\"},\"primaryImageOfPage\":{\"@id\":\"https:\\\/\\\/www.casadocuidar.org.br\\\/cursos\\\/curso-de-atualizacao-em-comunicacao-compassiva\\\/#primaryimage\"},\"image\":{\"@id\":\"https:\\\/\\\/www.casadocuidar.org.br\\\/cursos\\\/curso-de-atualizacao-em-comunicacao-compassiva\\\/#primaryimage\"},\"thumbnailUrl\":\"https:\\\/\\\/www.casadocuidar.org.br\\\/website\\\/wp-content\\\/uploads\\\/2020\\\/06\\\/cc_comunicacaocompassiva.jpg\",\"datePublished\":\"2020-10-24T18:29:41+00:00\",\"dateModified\":\"2020-12-09T17:23:19+00:00\",\"breadcrumb\":{\"@id\":\"https:\\\/\\\/www.casadocuidar.org.br\\\/cursos\\\/curso-de-atualizacao-em-comunicacao-compassiva\\\/#breadcrumb\"},\"inLanguage\":\"en-US\",\"potentialAction\":[{\"@type\":\"ReadAction\",\"target\":[\"https:\\\/\\\/www.casadocuidar.org.br\\\/cursos\\\/curso-de-atualizacao-em-comunicacao-compassiva\\\/\"]}]},{\"@type\":\"ImageObject\",\"inLanguage\":\"en-US\",\"@id\":\"https:\\\/\\\/www.casadocuidar.org.br\\\/cursos\\\/curso-de-atualizacao-em-comunicacao-compassiva\\\/#primaryimage\",\"url\":\"https:\\\/\\\/www.casadocuidar.org.br\\\/website\\\/wp-content\\\/uploads\\\/2020\\\/06\\\/cc_comunicacaocompassiva.jpg\",\"contentUrl\":\"https:\\\/\\\/www.casadocuidar.org.br\\\/website\\\/wp-content\\\/uploads\\\/2020\\\/06\\\/cc_comunicacaocompassiva.jpg\",\"width\":2000,\"height\":1333},{\"@type\":\"BreadcrumbList\",\"@id\":\"https:\\\/\\\/www.casadocuidar.org.br\\\/cursos\\\/curso-de-atualizacao-em-comunicacao-compassiva\\\/#breadcrumb\",\"itemListElement\":[{\"@type\":\"ListItem\",\"position\":1,\"name\":\"In\u00edcio\",\"item\":\"https:\\\/\\\/www.casadocuidar.org.br\\\/en\\\/\"},{\"@type\":\"ListItem\",\"position\":2,\"name\":\"Update course on compassionate communication\"}]},{\"@type\":\"WebSite\",\"@id\":\"https:\\\/\\\/www.casadocuidar.org.br\\\/#website\",\"url\":\"https:\\\/\\\/www.casadocuidar.org.br\\\/\",\"name\":\"Casa do Cuidar\",\"description\":\"Pr\u00e1tica e ensino em cuidados paliativos\",\"publisher\":{\"@id\":\"https:\\\/\\\/www.casadocuidar.org.br\\\/#organization\"},\"potentialAction\":[{\"@type\":\"SearchAction\",\"target\":{\"@type\":\"EntryPoint\",\"urlTemplate\":\"https:\\\/\\\/www.casadocuidar.org.br\\\/?s={search_term_string}\"},\"query-input\":{\"@type\":\"PropertyValueSpecification\",\"valueRequired\":true,\"valueName\":\"search_term_string\"}}],\"inLanguage\":\"en-US\"},{\"@type\":\"Organization\",\"@id\":\"https:\\\/\\\/www.casadocuidar.org.br\\\/#organization\",\"name\":\"Casa do Cuidar \u2013 Pr\u00e1tica e ensino em cuidados paliativos\",\"url\":\"https:\\\/\\\/www.casadocuidar.org.br\\\/\",\"logo\":{\"@type\":\"ImageObject\",\"inLanguage\":\"en-US\",\"@id\":\"https:\\\/\\\/www.casadocuidar.org.br\\\/#\\\/schema\\\/logo\\\/image\\\/\",\"url\":\"https:\\\/\\\/www.casadocuidar.org.br\\\/website\\\/wp-content\\\/uploads\\\/2018\\\/08\\\/casadocuidar-logoshare.png\",\"contentUrl\":\"https:\\\/\\\/www.casadocuidar.org.br\\\/website\\\/wp-content\\\/uploads\\\/2018\\\/08\\\/casadocuidar-logoshare.png\",\"width\":500,\"height\":500,\"caption\":\"Casa do Cuidar \u2013 Pr\u00e1tica e ensino em cuidados paliativos\"},\"image\":{\"@id\":\"https:\\\/\\\/www.casadocuidar.org.br\\\/#\\\/schema\\\/logo\\\/image\\\/\"}},{\"@type\":\"Person\",\"@id\":\"https:\\\/\\\/www.casadocuidar.org.br\\\/#\\\/schema\\\/person\\\/5d8486dbe13a88a6dd6b40aea91d2c5b\",\"name\":\"Casa do Cuidar\",\"image\":{\"@type\":\"ImageObject\",\"inLanguage\":\"en-US\",\"@id\":\"https:\\\/\\\/secure.gravatar.com\\\/avatar\\\/a541283949c7bab9ba4ffc45152502c19a06dfbcb0af94e6b46d94a21476ffae?s=96&d=mm&r=g\",\"url\":\"https:\\\/\\\/secure.gravatar.com\\\/avatar\\\/a541283949c7bab9ba4ffc45152502c19a06dfbcb0af94e6b46d94a21476ffae?s=96&d=mm&r=g\",\"contentUrl\":\"https:\\\/\\\/secure.gravatar.com\\\/avatar\\\/a541283949c7bab9ba4ffc45152502c19a06dfbcb0af94e6b46d94a21476ffae?s=96&d=mm&r=g\",\"caption\":\"Casa do Cuidar\"}}]}<\/script>\n<!-- \/ Yoast SEO plugin. -->","yoast_head_json":{"title":"Update course on compassionate communication - Casa do Cuidar","robots":{"index":"index","follow":"follow","max-snippet":"max-snippet:-1","max-image-preview":"max-image-preview:large","max-video-preview":"max-video-preview:-1"},"canonical":"https:\/\/www.casadocuidar.org.br\/cursos\/curso-de-atualizacao-em-comunicacao-compassiva\/","og_locale":"en_US","og_type":"article","og_title":"Update course on compassionate communication - Casa do Cuidar","og_description":"[vc_row][vc_column width=&#8221;2\/12&#8243;][\/vc_column][vc_column width=&#8221;8\/12&#8243;][vc_column_text]Muito se discute sobre intelig\u00eancia emocional, mas pouco ela adianta quando sa\u00edmos de nossa zona de conforto em dire\u00e7\u00e3o ao um estado de conflito emocional de uma pessoa em sofrimento existencial. A contamina\u00e7\u00e3o emocional pode ser muito mais r\u00e1pida do que a nossa capacidade de prote\u00e7\u00e3o frente ao \u00f3dio e a raiva que&hellip;","og_url":"https:\/\/www.casadocuidar.org.br\/cursos\/curso-de-atualizacao-em-comunicacao-compassiva\/","og_site_name":"Casa do Cuidar","article_published_time":"2020-10-24T18:29:41+00:00","article_modified_time":"2020-12-09T17:23:19+00:00","og_image":[{"url":"https:\/\/www.casadocuidar.org.br\/website\/wp-content\/uploads\/2020\/06\/Atualizacao-em-Comunicacao-compassiva.jpg","type":"","width":"","height":""}],"author":"Casa do Cuidar","twitter_card":"summary_large_image","twitter_misc":{"Written by":"Casa do Cuidar","Est. reading time":"7 minutes"},"schema":{"@context":"https:\/\/schema.org","@graph":[{"@type":"Article","@id":"https:\/\/www.casadocuidar.org.br\/cursos\/curso-de-atualizacao-em-comunicacao-compassiva\/#article","isPartOf":{"@id":"https:\/\/www.casadocuidar.org.br\/cursos\/curso-de-atualizacao-em-comunicacao-compassiva\/"},"author":{"name":"Casa do Cuidar","@id":"https:\/\/www.casadocuidar.org.br\/#\/schema\/person\/5d8486dbe13a88a6dd6b40aea91d2c5b"},"headline":"Update course on compassionate communication","datePublished":"2020-10-24T18:29:41+00:00","dateModified":"2020-12-09T17:23:19+00:00","mainEntityOfPage":{"@id":"https:\/\/www.casadocuidar.org.br\/cursos\/curso-de-atualizacao-em-comunicacao-compassiva\/"},"wordCount":1358,"publisher":{"@id":"https:\/\/www.casadocuidar.org.br\/#organization"},"image":{"@id":"https:\/\/www.casadocuidar.org.br\/cursos\/curso-de-atualizacao-em-comunicacao-compassiva\/#primaryimage"},"thumbnailUrl":"https:\/\/www.casadocuidar.org.br\/website\/wp-content\/uploads\/2020\/06\/cc_comunicacaocompassiva.jpg","articleSection":["Courses"],"inLanguage":"en-US"},{"@type":"WebPage","@id":"https:\/\/www.casadocuidar.org.br\/cursos\/curso-de-atualizacao-em-comunicacao-compassiva\/","url":"https:\/\/www.casadocuidar.org.br\/cursos\/curso-de-atualizacao-em-comunicacao-compassiva\/","name":"Update course on compassionate communication - Casa do Cuidar","isPartOf":{"@id":"https:\/\/www.casadocuidar.org.br\/#website"},"primaryImageOfPage":{"@id":"https:\/\/www.casadocuidar.org.br\/cursos\/curso-de-atualizacao-em-comunicacao-compassiva\/#primaryimage"},"image":{"@id":"https:\/\/www.casadocuidar.org.br\/cursos\/curso-de-atualizacao-em-comunicacao-compassiva\/#primaryimage"},"thumbnailUrl":"https:\/\/www.casadocuidar.org.br\/website\/wp-content\/uploads\/2020\/06\/cc_comunicacaocompassiva.jpg","datePublished":"2020-10-24T18:29:41+00:00","dateModified":"2020-12-09T17:23:19+00:00","breadcrumb":{"@id":"https:\/\/www.casadocuidar.org.br\/cursos\/curso-de-atualizacao-em-comunicacao-compassiva\/#breadcrumb"},"inLanguage":"en-US","potentialAction":[{"@type":"ReadAction","target":["https:\/\/www.casadocuidar.org.br\/cursos\/curso-de-atualizacao-em-comunicacao-compassiva\/"]}]},{"@type":"ImageObject","inLanguage":"en-US","@id":"https:\/\/www.casadocuidar.org.br\/cursos\/curso-de-atualizacao-em-comunicacao-compassiva\/#primaryimage","url":"https:\/\/www.casadocuidar.org.br\/website\/wp-content\/uploads\/2020\/06\/cc_comunicacaocompassiva.jpg","contentUrl":"https:\/\/www.casadocuidar.org.br\/website\/wp-content\/uploads\/2020\/06\/cc_comunicacaocompassiva.jpg","width":2000,"height":1333},{"@type":"BreadcrumbList","@id":"https:\/\/www.casadocuidar.org.br\/cursos\/curso-de-atualizacao-em-comunicacao-compassiva\/#breadcrumb","itemListElement":[{"@type":"ListItem","position":1,"name":"In\u00edcio","item":"https:\/\/www.casadocuidar.org.br\/en\/"},{"@type":"ListItem","position":2,"name":"Update course on compassionate communication"}]},{"@type":"WebSite","@id":"https:\/\/www.casadocuidar.org.br\/#website","url":"https:\/\/www.casadocuidar.org.br\/","name":"Casa do Cuidar","description":"Pr\u00e1tica e ensino em cuidados paliativos","publisher":{"@id":"https:\/\/www.casadocuidar.org.br\/#organization"},"potentialAction":[{"@type":"SearchAction","target":{"@type":"EntryPoint","urlTemplate":"https:\/\/www.casadocuidar.org.br\/?s={search_term_string}"},"query-input":{"@type":"PropertyValueSpecification","valueRequired":true,"valueName":"search_term_string"}}],"inLanguage":"en-US"},{"@type":"Organization","@id":"https:\/\/www.casadocuidar.org.br\/#organization","name":"Casa do Cuidar \u2013 Pr\u00e1tica e ensino em cuidados paliativos","url":"https:\/\/www.casadocuidar.org.br\/","logo":{"@type":"ImageObject","inLanguage":"en-US","@id":"https:\/\/www.casadocuidar.org.br\/#\/schema\/logo\/image\/","url":"https:\/\/www.casadocuidar.org.br\/website\/wp-content\/uploads\/2018\/08\/casadocuidar-logoshare.png","contentUrl":"https:\/\/www.casadocuidar.org.br\/website\/wp-content\/uploads\/2018\/08\/casadocuidar-logoshare.png","width":500,"height":500,"caption":"Casa do Cuidar \u2013 Pr\u00e1tica e ensino em cuidados paliativos"},"image":{"@id":"https:\/\/www.casadocuidar.org.br\/#\/schema\/logo\/image\/"}},{"@type":"Person","@id":"https:\/\/www.casadocuidar.org.br\/#\/schema\/person\/5d8486dbe13a88a6dd6b40aea91d2c5b","name":"Casa do Cuidar","image":{"@type":"ImageObject","inLanguage":"en-US","@id":"https:\/\/secure.gravatar.com\/avatar\/a541283949c7bab9ba4ffc45152502c19a06dfbcb0af94e6b46d94a21476ffae?s=96&d=mm&r=g","url":"https:\/\/secure.gravatar.com\/avatar\/a541283949c7bab9ba4ffc45152502c19a06dfbcb0af94e6b46d94a21476ffae?s=96&d=mm&r=g","contentUrl":"https:\/\/secure.gravatar.com\/avatar\/a541283949c7bab9ba4ffc45152502c19a06dfbcb0af94e6b46d94a21476ffae?s=96&d=mm&r=g","caption":"Casa do Cuidar"}}]}},"_links":{"self":[{"href":"https:\/\/www.casadocuidar.org.br\/en\/wp-json\/wp\/v2\/posts\/7984","targetHints":{"allow":["GET"]}}],"collection":[{"href":"https:\/\/www.casadocuidar.org.br\/en\/wp-json\/wp\/v2\/posts"}],"about":[{"href":"https:\/\/www.casadocuidar.org.br\/en\/wp-json\/wp\/v2\/types\/post"}],"author":[{"embeddable":true,"href":"https:\/\/www.casadocuidar.org.br\/en\/wp-json\/wp\/v2\/users\/1"}],"replies":[{"embeddable":true,"href":"https:\/\/www.casadocuidar.org.br\/en\/wp-json\/wp\/v2\/comments?post=7984"}],"version-history":[{"count":0,"href":"https:\/\/www.casadocuidar.org.br\/en\/wp-json\/wp\/v2\/posts\/7984\/revisions"}],"wp:featuredmedia":[{"embeddable":true,"href":"https:\/\/www.casadocuidar.org.br\/en\/wp-json\/wp\/v2\/media\/5657"}],"wp:attachment":[{"href":"https:\/\/www.casadocuidar.org.br\/en\/wp-json\/wp\/v2\/media?parent=7984"}],"wp:term":[{"taxonomy":"category","embeddable":true,"href":"https:\/\/www.casadocuidar.org.br\/en\/wp-json\/wp\/v2\/categories?post=7984"},{"taxonomy":"post_tag","embeddable":true,"href":"https:\/\/www.casadocuidar.org.br\/en\/wp-json\/wp\/v2\/tags?post=7984"}],"curies":[{"name":"wp","href":"https:\/\/api.w.org\/{rel}","templated":true}]}}