{"id":785,"date":"2018-08-02T11:38:03","date_gmt":"2018-08-02T14:38:03","guid":{"rendered":"https:\/\/www.casadocuidar.org.br\/website\/?p=785"},"modified":"2018-08-02T11:38:52","modified_gmt":"2018-08-02T14:38:52","slug":"palestra-sobre-cuidados-paliativos-no-rio-de-janeiro","status":"publish","type":"post","link":"https:\/\/www.casadocuidar.org.br\/en\/noticias\/palestra-sobre-cuidados-paliativos-no-rio-de-janeiro\/","title":{"rendered":"Palestra sobre Cuidados Paliativos, no Rio de Janeiro"},"content":{"rendered":"<p>O Instituto Nacional de Cardiologia (INC) promove palestra sobre Cuidados Paliativos no dia\u00a08 de agosto de 2018, no Rio de Janeiro-RJ.<\/p>\n<p>Conhe\u00e7a abaixo a programa\u00e7\u00e3o do evento:<\/p>\n<p><a class=\"dt-pswp-item\" href=\"https:\/\/www.casadocuidar.org.br\/website\/wp-content\/uploads\/2018\/08\/Palestra-Cuidados-Paliativos-INC.jpg\" data-dt-img-description=\"\" data-large_image_width=\"720\" data-large_image_height=\"915\"><img fetchpriority=\"high\" decoding=\"async\" class=\"alignleft wp-image-786 size-full\" src=\"https:\/\/www.casadocuidar.org.br\/website\/wp-content\/uploads\/2018\/08\/Palestra-Cuidados-Paliativos-INC.jpg\" alt=\"\" width=\"720\" height=\"915\" srcset=\"https:\/\/www.casadocuidar.org.br\/website\/wp-content\/uploads\/2018\/08\/Palestra-Cuidados-Paliativos-INC.jpg 720w, https:\/\/www.casadocuidar.org.br\/website\/wp-content\/uploads\/2018\/08\/Palestra-Cuidados-Paliativos-INC-600x763.jpg 600w, https:\/\/www.casadocuidar.org.br\/website\/wp-content\/uploads\/2018\/08\/Palestra-Cuidados-Paliativos-INC-236x300.jpg 236w\" sizes=\"(max-width: 720px) 100vw, 720px\" \/><\/a><\/p>\n","protected":false},"excerpt":{"rendered":"<p>O Instituto Nacional de Cardiologia (INC) promove palestra sobre Cuidados Paliativos no dia\u00a08 de agosto de 2018, no Rio de Janeiro-RJ. Conhe\u00e7a abaixo a programa\u00e7\u00e3o do evento:<\/p>\n","protected":false},"author":1,"featured_media":0,"comment_status":"open","ping_status":"closed","sticky":false,"template":"","format":"standard","meta":{"_acf_changed":false,"footnotes":""},"categories":[31],"tags":[],"class_list":["post-785","post","type-post","status-publish","format-standard","hentry","category-noticias","category-31","description-off"],"acf":[],"yoast_head":"<!-- This site is optimized with the Yoast SEO plugin v27.4 - https:\/\/yoast.com\/product\/yoast-seo-wordpress\/ -->\n<title>Palestra sobre Cuidados Paliativos, no Rio de Janeiro - Casa do Cuidar<\/title>\n<meta name=\"robots\" content=\"index, follow, max-snippet:-1, max-image-preview:large, max-video-preview:-1\" \/>\n<link rel=\"canonical\" href=\"https:\/\/www.casadocuidar.org.br\/noticias\/palestra-sobre-cuidados-paliativos-no-rio-de-janeiro\/\" \/>\n<meta property=\"og:locale\" content=\"en_US\" \/>\n<meta property=\"og:type\" content=\"article\" \/>\n<meta property=\"og:title\" content=\"Palestra sobre Cuidados Paliativos, no Rio de Janeiro - Casa do Cuidar\" \/>\n<meta property=\"og:description\" content=\"O Instituto Nacional de Cardiologia (INC) promove palestra sobre Cuidados Paliativos no dia\u00a08 de agosto de 2018, no Rio de Janeiro-RJ. Conhe\u00e7a abaixo a programa\u00e7\u00e3o do evento:\" \/>\n<meta property=\"og:url\" content=\"https:\/\/www.casadocuidar.org.br\/noticias\/palestra-sobre-cuidados-paliativos-no-rio-de-janeiro\/\" \/>\n<meta property=\"og:site_name\" content=\"Casa do Cuidar\" \/>\n<meta property=\"article:published_time\" content=\"2018-08-02T14:38:03+00:00\" \/>\n<meta property=\"article:modified_time\" content=\"2018-08-02T14:38:52+00:00\" \/>\n<meta property=\"og:image\" content=\"https:\/\/www.casadocuidar.org.br\/website\/wp-content\/uploads\/2018\/08\/Palestra-Cuidados-Paliativos-INC.jpg\" \/>\n<meta name=\"author\" content=\"Casa do Cuidar\" \/>\n<meta name=\"twitter:card\" content=\"summary_large_image\" \/>\n<meta name=\"twitter:label1\" content=\"Written by\" \/>\n\t<meta name=\"twitter:data1\" content=\"Casa do Cuidar\" \/>\n<script type=\"application\/ld+json\" class=\"yoast-schema-graph\">{\"@context\":\"https:\\\/\\\/schema.org\",\"@graph\":[{\"@type\":\"Article\",\"@id\":\"https:\\\/\\\/www.casadocuidar.org.br\\\/noticias\\\/palestra-sobre-cuidados-paliativos-no-rio-de-janeiro\\\/#article\",\"isPartOf\":{\"@id\":\"https:\\\/\\\/www.casadocuidar.org.br\\\/noticias\\\/palestra-sobre-cuidados-paliativos-no-rio-de-janeiro\\\/\"},\"author\":{\"name\":\"Casa do Cuidar\",\"@id\":\"https:\\\/\\\/www.casadocuidar.org.br\\\/#\\\/schema\\\/person\\\/5d8486dbe13a88a6dd6b40aea91d2c5b\"},\"headline\":\"Palestra sobre Cuidados Paliativos, no Rio de Janeiro\",\"datePublished\":\"2018-08-02T14:38:03+00:00\",\"dateModified\":\"2018-08-02T14:38:52+00:00\",\"mainEntityOfPage\":{\"@id\":\"https:\\\/\\\/www.casadocuidar.org.br\\\/noticias\\\/palestra-sobre-cuidados-paliativos-no-rio-de-janeiro\\\/\"},\"wordCount\":36,\"commentCount\":0,\"publisher\":{\"@id\":\"https:\\\/\\\/www.casadocuidar.org.br\\\/#organization\"},\"image\":{\"@id\":\"https:\\\/\\\/www.casadocuidar.org.br\\\/noticias\\\/palestra-sobre-cuidados-paliativos-no-rio-de-janeiro\\\/#primaryimage\"},\"thumbnailUrl\":\"https:\\\/\\\/www.casadocuidar.org.br\\\/website\\\/wp-content\\\/uploads\\\/2018\\\/08\\\/Palestra-Cuidados-Paliativos-INC.jpg\",\"articleSection\":[\"Not\u00edcias\"],\"inLanguage\":\"en-US\",\"potentialAction\":[{\"@type\":\"CommentAction\",\"name\":\"Comment\",\"target\":[\"https:\\\/\\\/www.casadocuidar.org.br\\\/noticias\\\/palestra-sobre-cuidados-paliativos-no-rio-de-janeiro\\\/#respond\"]}]},{\"@type\":\"WebPage\",\"@id\":\"https:\\\/\\\/www.casadocuidar.org.br\\\/noticias\\\/palestra-sobre-cuidados-paliativos-no-rio-de-janeiro\\\/\",\"url\":\"https:\\\/\\\/www.casadocuidar.org.br\\\/noticias\\\/palestra-sobre-cuidados-paliativos-no-rio-de-janeiro\\\/\",\"name\":\"Palestra sobre Cuidados Paliativos, no Rio de Janeiro - Casa do Cuidar\",\"isPartOf\":{\"@id\":\"https:\\\/\\\/www.casadocuidar.org.br\\\/#website\"},\"primaryImageOfPage\":{\"@id\":\"https:\\\/\\\/www.casadocuidar.org.br\\\/noticias\\\/palestra-sobre-cuidados-paliativos-no-rio-de-janeiro\\\/#primaryimage\"},\"image\":{\"@id\":\"https:\\\/\\\/www.casadocuidar.org.br\\\/noticias\\\/palestra-sobre-cuidados-paliativos-no-rio-de-janeiro\\\/#primaryimage\"},\"thumbnailUrl\":\"https:\\\/\\\/www.casadocuidar.org.br\\\/website\\\/wp-content\\\/uploads\\\/2018\\\/08\\\/Palestra-Cuidados-Paliativos-INC.jpg\",\"datePublished\":\"2018-08-02T14:38:03+00:00\",\"dateModified\":\"2018-08-02T14:38:52+00:00\",\"breadcrumb\":{\"@id\":\"https:\\\/\\\/www.casadocuidar.org.br\\\/noticias\\\/palestra-sobre-cuidados-paliativos-no-rio-de-janeiro\\\/#breadcrumb\"},\"inLanguage\":\"en-US\",\"potentialAction\":[{\"@type\":\"ReadAction\",\"target\":[\"https:\\\/\\\/www.casadocuidar.org.br\\\/noticias\\\/palestra-sobre-cuidados-paliativos-no-rio-de-janeiro\\\/\"]}]},{\"@type\":\"ImageObject\",\"inLanguage\":\"en-US\",\"@id\":\"https:\\\/\\\/www.casadocuidar.org.br\\\/noticias\\\/palestra-sobre-cuidados-paliativos-no-rio-de-janeiro\\\/#primaryimage\",\"url\":\"https:\\\/\\\/www.casadocuidar.org.br\\\/website\\\/wp-content\\\/uploads\\\/2018\\\/08\\\/Palestra-Cuidados-Paliativos-INC.jpg\",\"contentUrl\":\"https:\\\/\\\/www.casadocuidar.org.br\\\/website\\\/wp-content\\\/uploads\\\/2018\\\/08\\\/Palestra-Cuidados-Paliativos-INC.jpg\"},{\"@type\":\"BreadcrumbList\",\"@id\":\"https:\\\/\\\/www.casadocuidar.org.br\\\/noticias\\\/palestra-sobre-cuidados-paliativos-no-rio-de-janeiro\\\/#breadcrumb\",\"itemListElement\":[{\"@type\":\"ListItem\",\"position\":1,\"name\":\"In\u00edcio\",\"item\":\"https:\\\/\\\/www.casadocuidar.org.br\\\/en\\\/\"},{\"@type\":\"ListItem\",\"position\":2,\"name\":\"Palestra sobre Cuidados Paliativos, no Rio de Janeiro\"}]},{\"@type\":\"WebSite\",\"@id\":\"https:\\\/\\\/www.casadocuidar.org.br\\\/#website\",\"url\":\"https:\\\/\\\/www.casadocuidar.org.br\\\/\",\"name\":\"Casa do Cuidar\",\"description\":\"Pr\u00e1tica e ensino em cuidados paliativos\",\"publisher\":{\"@id\":\"https:\\\/\\\/www.casadocuidar.org.br\\\/#organization\"},\"potentialAction\":[{\"@type\":\"SearchAction\",\"target\":{\"@type\":\"EntryPoint\",\"urlTemplate\":\"https:\\\/\\\/www.casadocuidar.org.br\\\/?s={search_term_string}\"},\"query-input\":{\"@type\":\"PropertyValueSpecification\",\"valueRequired\":true,\"valueName\":\"search_term_string\"}}],\"inLanguage\":\"en-US\"},{\"@type\":\"Organization\",\"@id\":\"https:\\\/\\\/www.casadocuidar.org.br\\\/#organization\",\"name\":\"Casa do Cuidar \u2013 Pr\u00e1tica e ensino em cuidados paliativos\",\"url\":\"https:\\\/\\\/www.casadocuidar.org.br\\\/\",\"logo\":{\"@type\":\"ImageObject\",\"inLanguage\":\"en-US\",\"@id\":\"https:\\\/\\\/www.casadocuidar.org.br\\\/#\\\/schema\\\/logo\\\/image\\\/\",\"url\":\"https:\\\/\\\/www.casadocuidar.org.br\\\/website\\\/wp-content\\\/uploads\\\/2018\\\/08\\\/casadocuidar-logoshare.png\",\"contentUrl\":\"https:\\\/\\\/www.casadocuidar.org.br\\\/website\\\/wp-content\\\/uploads\\\/2018\\\/08\\\/casadocuidar-logoshare.png\",\"width\":500,\"height\":500,\"caption\":\"Casa do Cuidar \u2013 Pr\u00e1tica e ensino em cuidados paliativos\"},\"image\":{\"@id\":\"https:\\\/\\\/www.casadocuidar.org.br\\\/#\\\/schema\\\/logo\\\/image\\\/\"}},{\"@type\":\"Person\",\"@id\":\"https:\\\/\\\/www.casadocuidar.org.br\\\/#\\\/schema\\\/person\\\/5d8486dbe13a88a6dd6b40aea91d2c5b\",\"name\":\"Casa do Cuidar\",\"image\":{\"@type\":\"ImageObject\",\"inLanguage\":\"en-US\",\"@id\":\"https:\\\/\\\/secure.gravatar.com\\\/avatar\\\/a541283949c7bab9ba4ffc45152502c19a06dfbcb0af94e6b46d94a21476ffae?s=96&d=mm&r=g\",\"url\":\"https:\\\/\\\/secure.gravatar.com\\\/avatar\\\/a541283949c7bab9ba4ffc45152502c19a06dfbcb0af94e6b46d94a21476ffae?s=96&d=mm&r=g\",\"contentUrl\":\"https:\\\/\\\/secure.gravatar.com\\\/avatar\\\/a541283949c7bab9ba4ffc45152502c19a06dfbcb0af94e6b46d94a21476ffae?s=96&d=mm&r=g\",\"caption\":\"Casa do Cuidar\"}}]}<\/script>\n<!-- \/ Yoast SEO plugin. -->","yoast_head_json":{"title":"Palestra sobre Cuidados Paliativos, no Rio de Janeiro - Casa do Cuidar","robots":{"index":"index","follow":"follow","max-snippet":"max-snippet:-1","max-image-preview":"max-image-preview:large","max-video-preview":"max-video-preview:-1"},"canonical":"https:\/\/www.casadocuidar.org.br\/noticias\/palestra-sobre-cuidados-paliativos-no-rio-de-janeiro\/","og_locale":"en_US","og_type":"article","og_title":"Palestra sobre Cuidados Paliativos, no Rio de Janeiro - Casa do Cuidar","og_description":"O Instituto Nacional de Cardiologia (INC) promove palestra sobre Cuidados Paliativos no dia\u00a08 de agosto de 2018, no Rio de Janeiro-RJ. Conhe\u00e7a abaixo a programa\u00e7\u00e3o do evento:","og_url":"https:\/\/www.casadocuidar.org.br\/noticias\/palestra-sobre-cuidados-paliativos-no-rio-de-janeiro\/","og_site_name":"Casa do Cuidar","article_published_time":"2018-08-02T14:38:03+00:00","article_modified_time":"2018-08-02T14:38:52+00:00","og_image":[{"url":"https:\/\/www.casadocuidar.org.br\/website\/wp-content\/uploads\/2018\/08\/Palestra-Cuidados-Paliativos-INC.jpg","type":"","width":"","height":""}],"author":"Casa do Cuidar","twitter_card":"summary_large_image","twitter_misc":{"Written by":"Casa do Cuidar"},"schema":{"@context":"https:\/\/schema.org","@graph":[{"@type":"Article","@id":"https:\/\/www.casadocuidar.org.br\/noticias\/palestra-sobre-cuidados-paliativos-no-rio-de-janeiro\/#article","isPartOf":{"@id":"https:\/\/www.casadocuidar.org.br\/noticias\/palestra-sobre-cuidados-paliativos-no-rio-de-janeiro\/"},"author":{"name":"Casa do Cuidar","@id":"https:\/\/www.casadocuidar.org.br\/#\/schema\/person\/5d8486dbe13a88a6dd6b40aea91d2c5b"},"headline":"Palestra sobre Cuidados Paliativos, no Rio de Janeiro","datePublished":"2018-08-02T14:38:03+00:00","dateModified":"2018-08-02T14:38:52+00:00","mainEntityOfPage":{"@id":"https:\/\/www.casadocuidar.org.br\/noticias\/palestra-sobre-cuidados-paliativos-no-rio-de-janeiro\/"},"wordCount":36,"commentCount":0,"publisher":{"@id":"https:\/\/www.casadocuidar.org.br\/#organization"},"image":{"@id":"https:\/\/www.casadocuidar.org.br\/noticias\/palestra-sobre-cuidados-paliativos-no-rio-de-janeiro\/#primaryimage"},"thumbnailUrl":"https:\/\/www.casadocuidar.org.br\/website\/wp-content\/uploads\/2018\/08\/Palestra-Cuidados-Paliativos-INC.jpg","articleSection":["Not\u00edcias"],"inLanguage":"en-US","potentialAction":[{"@type":"CommentAction","name":"Comment","target":["https:\/\/www.casadocuidar.org.br\/noticias\/palestra-sobre-cuidados-paliativos-no-rio-de-janeiro\/#respond"]}]},{"@type":"WebPage","@id":"https:\/\/www.casadocuidar.org.br\/noticias\/palestra-sobre-cuidados-paliativos-no-rio-de-janeiro\/","url":"https:\/\/www.casadocuidar.org.br\/noticias\/palestra-sobre-cuidados-paliativos-no-rio-de-janeiro\/","name":"Palestra sobre Cuidados Paliativos, no Rio de Janeiro - Casa do Cuidar","isPartOf":{"@id":"https:\/\/www.casadocuidar.org.br\/#website"},"primaryImageOfPage":{"@id":"https:\/\/www.casadocuidar.org.br\/noticias\/palestra-sobre-cuidados-paliativos-no-rio-de-janeiro\/#primaryimage"},"image":{"@id":"https:\/\/www.casadocuidar.org.br\/noticias\/palestra-sobre-cuidados-paliativos-no-rio-de-janeiro\/#primaryimage"},"thumbnailUrl":"https:\/\/www.casadocuidar.org.br\/website\/wp-content\/uploads\/2018\/08\/Palestra-Cuidados-Paliativos-INC.jpg","datePublished":"2018-08-02T14:38:03+00:00","dateModified":"2018-08-02T14:38:52+00:00","breadcrumb":{"@id":"https:\/\/www.casadocuidar.org.br\/noticias\/palestra-sobre-cuidados-paliativos-no-rio-de-janeiro\/#breadcrumb"},"inLanguage":"en-US","potentialAction":[{"@type":"ReadAction","target":["https:\/\/www.casadocuidar.org.br\/noticias\/palestra-sobre-cuidados-paliativos-no-rio-de-janeiro\/"]}]},{"@type":"ImageObject","inLanguage":"en-US","@id":"https:\/\/www.casadocuidar.org.br\/noticias\/palestra-sobre-cuidados-paliativos-no-rio-de-janeiro\/#primaryimage","url":"https:\/\/www.casadocuidar.org.br\/website\/wp-content\/uploads\/2018\/08\/Palestra-Cuidados-Paliativos-INC.jpg","contentUrl":"https:\/\/www.casadocuidar.org.br\/website\/wp-content\/uploads\/2018\/08\/Palestra-Cuidados-Paliativos-INC.jpg"},{"@type":"BreadcrumbList","@id":"https:\/\/www.casadocuidar.org.br\/noticias\/palestra-sobre-cuidados-paliativos-no-rio-de-janeiro\/#breadcrumb","itemListElement":[{"@type":"ListItem","position":1,"name":"In\u00edcio","item":"https:\/\/www.casadocuidar.org.br\/en\/"},{"@type":"ListItem","position":2,"name":"Palestra sobre Cuidados Paliativos, no Rio de Janeiro"}]},{"@type":"WebSite","@id":"https:\/\/www.casadocuidar.org.br\/#website","url":"https:\/\/www.casadocuidar.org.br\/","name":"Casa do Cuidar","description":"Pr\u00e1tica e ensino em cuidados paliativos","publisher":{"@id":"https:\/\/www.casadocuidar.org.br\/#organization"},"potentialAction":[{"@type":"SearchAction","target":{"@type":"EntryPoint","urlTemplate":"https:\/\/www.casadocuidar.org.br\/?s={search_term_string}"},"query-input":{"@type":"PropertyValueSpecification","valueRequired":true,"valueName":"search_term_string"}}],"inLanguage":"en-US"},{"@type":"Organization","@id":"https:\/\/www.casadocuidar.org.br\/#organization","name":"Casa do Cuidar \u2013 Pr\u00e1tica e ensino em cuidados paliativos","url":"https:\/\/www.casadocuidar.org.br\/","logo":{"@type":"ImageObject","inLanguage":"en-US","@id":"https:\/\/www.casadocuidar.org.br\/#\/schema\/logo\/image\/","url":"https:\/\/www.casadocuidar.org.br\/website\/wp-content\/uploads\/2018\/08\/casadocuidar-logoshare.png","contentUrl":"https:\/\/www.casadocuidar.org.br\/website\/wp-content\/uploads\/2018\/08\/casadocuidar-logoshare.png","width":500,"height":500,"caption":"Casa do Cuidar \u2013 Pr\u00e1tica e ensino em cuidados paliativos"},"image":{"@id":"https:\/\/www.casadocuidar.org.br\/#\/schema\/logo\/image\/"}},{"@type":"Person","@id":"https:\/\/www.casadocuidar.org.br\/#\/schema\/person\/5d8486dbe13a88a6dd6b40aea91d2c5b","name":"Casa do Cuidar","image":{"@type":"ImageObject","inLanguage":"en-US","@id":"https:\/\/secure.gravatar.com\/avatar\/a541283949c7bab9ba4ffc45152502c19a06dfbcb0af94e6b46d94a21476ffae?s=96&d=mm&r=g","url":"https:\/\/secure.gravatar.com\/avatar\/a541283949c7bab9ba4ffc45152502c19a06dfbcb0af94e6b46d94a21476ffae?s=96&d=mm&r=g","contentUrl":"https:\/\/secure.gravatar.com\/avatar\/a541283949c7bab9ba4ffc45152502c19a06dfbcb0af94e6b46d94a21476ffae?s=96&d=mm&r=g","caption":"Casa do Cuidar"}}]}},"_links":{"self":[{"href":"https:\/\/www.casadocuidar.org.br\/en\/wp-json\/wp\/v2\/posts\/785","targetHints":{"allow":["GET"]}}],"collection":[{"href":"https:\/\/www.casadocuidar.org.br\/en\/wp-json\/wp\/v2\/posts"}],"about":[{"href":"https:\/\/www.casadocuidar.org.br\/en\/wp-json\/wp\/v2\/types\/post"}],"author":[{"embeddable":true,"href":"https:\/\/www.casadocuidar.org.br\/en\/wp-json\/wp\/v2\/users\/1"}],"replies":[{"embeddable":true,"href":"https:\/\/www.casadocuidar.org.br\/en\/wp-json\/wp\/v2\/comments?post=785"}],"version-history":[{"count":0,"href":"https:\/\/www.casadocuidar.org.br\/en\/wp-json\/wp\/v2\/posts\/785\/revisions"}],"wp:attachment":[{"href":"https:\/\/www.casadocuidar.org.br\/en\/wp-json\/wp\/v2\/media?parent=785"}],"wp:term":[{"taxonomy":"category","embeddable":true,"href":"https:\/\/www.casadocuidar.org.br\/en\/wp-json\/wp\/v2\/categories?post=785"},{"taxonomy":"post_tag","embeddable":true,"href":"https:\/\/www.casadocuidar.org.br\/en\/wp-json\/wp\/v2\/tags?post=785"}],"curies":[{"name":"wp","href":"https:\/\/api.w.org\/{rel}","templated":true}]}}