{"id":425,"date":"2012-01-18T12:04:28","date_gmt":"2012-01-18T14:04:28","guid":{"rendered":"https:\/\/www.casadocuidar.org.br\/website\/?p=425"},"modified":"2018-04-18T12:06:09","modified_gmt":"2018-04-18T15:06:09","slug":"abertas-as-inscricoes-para-os-cursos-da-casa-do-cuidar-saiba-porque-voce-deve-fazer-um-curso-com-a-gente","status":"publish","type":"post","link":"https:\/\/www.casadocuidar.org.br\/en\/blog\/abertas-as-inscricoes-para-os-cursos-da-casa-do-cuidar-saiba-porque-voce-deve-fazer-um-curso-com-a-gente\/","title":{"rendered":"Abertas as inscri\u00e7\u00f5es para os cursos da Casa do Cuidar: saiba porque voc\u00ea deve fazer um curso com a gente"},"content":{"rendered":"<p>A Casa do Cuidar iniciou seus cursos de forma\u00e7\u00e3o em cuidados paliativos em 2008.<br \/>\nV\u00e1rios alunos, profissionais de todo o Brasil,\u00a0j\u00e1 fizeram nossos cursos.<br \/>\nLeia abaixo alguns dos depoimentos que eles nos ofereceram e descubra porque voc\u00ea tamb\u00e9m deve fazer um curso com a gente:<\/p>\n<p><em>Quando recebi o e-mail do cronograma do curso, percebendo a dura\u00e7\u00e3o e carga hor\u00e1ria j\u00e1 subentendi que seria desgastante, considerando que muitos j\u00e1 vem de uma rotina agitada e estamos abrindo m\u00e3o de uma folga para estar aqui\u2026 e o curso me surpreendeu! Foi uma del\u00edcia!<\/em><\/p>\n<p><em>Fiquei muito satisfeita! Palestras e palestrantes maravilhosos. Foi uma troca muito rica, viva, funcional e de vis\u00f5es diferentes, abrindo disposi\u00e7\u00e3o ainda maior de trabalho em equipe e respeito \u00e0 todos os cargos.<\/em><\/p>\n<p><em>Profissionais est\u00e3o de parab\u00e9ns, tem viv\u00eancia e excelente conhecimento cient\u00edfico.<\/em><\/p>\n<p><em>O curso foi muito enriquecedor em meu processo pessoal e profissional. Muito obrigada por tudo!<\/em><\/p>\n<p><em>O curso permitiu grande crescimento pessoal e profissional, cada m\u00f3dulo nos intrumentalizou para a atua\u00e7\u00e3o profissional e durante as aulas criou-se um ambiente de discuss\u00e3o muito rico.<\/em><\/p>\n<p><em>O que tenho a dizer \u00e9 o seguinte: o curso foi MARAVILHOSO, superou minhas expectativas, Parab\u00e9ns!!!!<\/em><\/p>\n<p>Para saber mais da agenda de cursos em 2012 acesse o site:<br \/>\nhttp:\/\/www.casadocuidar.org.br\/<\/p>\n<p>E entre na p\u00e1gina cursos e eventos.<br \/>\nAs inscri\u00e7\u00f5es v\u00e3o at\u00e9 dia 15\/2.<\/p>\n","protected":false},"excerpt":{"rendered":"<p>A Casa do Cuidar iniciou seus cursos de forma\u00e7\u00e3o em cuidados paliativos em 2008. V\u00e1rios alunos, profissionais de todo o Brasil,\u00a0j\u00e1 fizeram nossos cursos. Leia abaixo alguns dos depoimentos que eles nos ofereceram e descubra porque voc\u00ea tamb\u00e9m deve fazer um curso com a gente: Quando recebi o e-mail do cronograma do curso, percebendo a&hellip;<\/p>\n","protected":false},"author":1,"featured_media":0,"comment_status":"open","ping_status":"closed","sticky":false,"template":"","format":"standard","meta":{"_acf_changed":false,"footnotes":""},"categories":[23],"tags":[],"class_list":["post-425","post","type-post","status-publish","format-standard","hentry","category-blog","category-23","description-off"],"acf":[],"yoast_head":"<!-- This site is optimized with the Yoast SEO plugin v27.4 - https:\/\/yoast.com\/product\/yoast-seo-wordpress\/ -->\n<title>Abertas as inscri\u00e7\u00f5es para os cursos da Casa do Cuidar: saiba porque voc\u00ea deve fazer um curso com a gente - Casa do Cuidar<\/title>\n<meta name=\"robots\" content=\"index, follow, max-snippet:-1, max-image-preview:large, max-video-preview:-1\" \/>\n<link rel=\"canonical\" href=\"https:\/\/www.casadocuidar.org.br\/blog\/abertas-as-inscricoes-para-os-cursos-da-casa-do-cuidar-saiba-porque-voce-deve-fazer-um-curso-com-a-gente\/\" \/>\n<meta property=\"og:locale\" content=\"en_US\" \/>\n<meta property=\"og:type\" content=\"article\" \/>\n<meta property=\"og:title\" content=\"Abertas as inscri\u00e7\u00f5es para os cursos da Casa do Cuidar: saiba porque voc\u00ea deve fazer um curso com a gente - Casa do Cuidar\" \/>\n<meta property=\"og:description\" content=\"A Casa do Cuidar iniciou seus cursos de forma\u00e7\u00e3o em cuidados paliativos em 2008. V\u00e1rios alunos, profissionais de todo o Brasil,\u00a0j\u00e1 fizeram nossos cursos. Leia abaixo alguns dos depoimentos que eles nos ofereceram e descubra porque voc\u00ea tamb\u00e9m deve fazer um curso com a gente: Quando recebi o e-mail do cronograma do curso, percebendo a&hellip;\" \/>\n<meta property=\"og:url\" content=\"https:\/\/www.casadocuidar.org.br\/blog\/abertas-as-inscricoes-para-os-cursos-da-casa-do-cuidar-saiba-porque-voce-deve-fazer-um-curso-com-a-gente\/\" \/>\n<meta property=\"og:site_name\" content=\"Casa do Cuidar\" \/>\n<meta property=\"article:published_time\" content=\"2012-01-18T14:04:28+00:00\" \/>\n<meta property=\"article:modified_time\" content=\"2018-04-18T15:06:09+00:00\" \/>\n<meta name=\"author\" content=\"Casa do Cuidar\" \/>\n<meta name=\"twitter:card\" content=\"summary_large_image\" \/>\n<meta name=\"twitter:label1\" content=\"Written by\" \/>\n\t<meta name=\"twitter:data1\" content=\"Casa do Cuidar\" \/>\n\t<meta name=\"twitter:label2\" content=\"Est. reading time\" \/>\n\t<meta name=\"twitter:data2\" content=\"1 minute\" \/>\n<script type=\"application\/ld+json\" class=\"yoast-schema-graph\">{\"@context\":\"https:\\\/\\\/schema.org\",\"@graph\":[{\"@type\":\"Article\",\"@id\":\"https:\\\/\\\/www.casadocuidar.org.br\\\/blog\\\/abertas-as-inscricoes-para-os-cursos-da-casa-do-cuidar-saiba-porque-voce-deve-fazer-um-curso-com-a-gente\\\/#article\",\"isPartOf\":{\"@id\":\"https:\\\/\\\/www.casadocuidar.org.br\\\/blog\\\/abertas-as-inscricoes-para-os-cursos-da-casa-do-cuidar-saiba-porque-voce-deve-fazer-um-curso-com-a-gente\\\/\"},\"author\":{\"name\":\"Casa do Cuidar\",\"@id\":\"https:\\\/\\\/www.casadocuidar.org.br\\\/#\\\/schema\\\/person\\\/5d8486dbe13a88a6dd6b40aea91d2c5b\"},\"headline\":\"Abertas as inscri\u00e7\u00f5es para os cursos da Casa do Cuidar: saiba porque voc\u00ea deve fazer um curso com a gente\",\"datePublished\":\"2012-01-18T14:04:28+00:00\",\"dateModified\":\"2018-04-18T15:06:09+00:00\",\"mainEntityOfPage\":{\"@id\":\"https:\\\/\\\/www.casadocuidar.org.br\\\/blog\\\/abertas-as-inscricoes-para-os-cursos-da-casa-do-cuidar-saiba-porque-voce-deve-fazer-um-curso-com-a-gente\\\/\"},\"wordCount\":258,\"commentCount\":0,\"publisher\":{\"@id\":\"https:\\\/\\\/www.casadocuidar.org.br\\\/#organization\"},\"articleSection\":[\"Blog\"],\"inLanguage\":\"en-US\",\"potentialAction\":[{\"@type\":\"CommentAction\",\"name\":\"Comment\",\"target\":[\"https:\\\/\\\/www.casadocuidar.org.br\\\/blog\\\/abertas-as-inscricoes-para-os-cursos-da-casa-do-cuidar-saiba-porque-voce-deve-fazer-um-curso-com-a-gente\\\/#respond\"]}]},{\"@type\":\"WebPage\",\"@id\":\"https:\\\/\\\/www.casadocuidar.org.br\\\/blog\\\/abertas-as-inscricoes-para-os-cursos-da-casa-do-cuidar-saiba-porque-voce-deve-fazer-um-curso-com-a-gente\\\/\",\"url\":\"https:\\\/\\\/www.casadocuidar.org.br\\\/blog\\\/abertas-as-inscricoes-para-os-cursos-da-casa-do-cuidar-saiba-porque-voce-deve-fazer-um-curso-com-a-gente\\\/\",\"name\":\"Abertas as inscri\u00e7\u00f5es para os cursos da Casa do Cuidar: saiba porque voc\u00ea deve fazer um curso com a gente - Casa do Cuidar\",\"isPartOf\":{\"@id\":\"https:\\\/\\\/www.casadocuidar.org.br\\\/#website\"},\"datePublished\":\"2012-01-18T14:04:28+00:00\",\"dateModified\":\"2018-04-18T15:06:09+00:00\",\"breadcrumb\":{\"@id\":\"https:\\\/\\\/www.casadocuidar.org.br\\\/blog\\\/abertas-as-inscricoes-para-os-cursos-da-casa-do-cuidar-saiba-porque-voce-deve-fazer-um-curso-com-a-gente\\\/#breadcrumb\"},\"inLanguage\":\"en-US\",\"potentialAction\":[{\"@type\":\"ReadAction\",\"target\":[\"https:\\\/\\\/www.casadocuidar.org.br\\\/blog\\\/abertas-as-inscricoes-para-os-cursos-da-casa-do-cuidar-saiba-porque-voce-deve-fazer-um-curso-com-a-gente\\\/\"]}]},{\"@type\":\"BreadcrumbList\",\"@id\":\"https:\\\/\\\/www.casadocuidar.org.br\\\/blog\\\/abertas-as-inscricoes-para-os-cursos-da-casa-do-cuidar-saiba-porque-voce-deve-fazer-um-curso-com-a-gente\\\/#breadcrumb\",\"itemListElement\":[{\"@type\":\"ListItem\",\"position\":1,\"name\":\"In\u00edcio\",\"item\":\"https:\\\/\\\/www.casadocuidar.org.br\\\/en\\\/\"},{\"@type\":\"ListItem\",\"position\":2,\"name\":\"Abertas as inscri\u00e7\u00f5es para os cursos da Casa do Cuidar: saiba porque voc\u00ea deve fazer um curso com a gente\"}]},{\"@type\":\"WebSite\",\"@id\":\"https:\\\/\\\/www.casadocuidar.org.br\\\/#website\",\"url\":\"https:\\\/\\\/www.casadocuidar.org.br\\\/\",\"name\":\"Casa do Cuidar\",\"description\":\"Pr\u00e1tica e ensino em cuidados paliativos\",\"publisher\":{\"@id\":\"https:\\\/\\\/www.casadocuidar.org.br\\\/#organization\"},\"potentialAction\":[{\"@type\":\"SearchAction\",\"target\":{\"@type\":\"EntryPoint\",\"urlTemplate\":\"https:\\\/\\\/www.casadocuidar.org.br\\\/?s={search_term_string}\"},\"query-input\":{\"@type\":\"PropertyValueSpecification\",\"valueRequired\":true,\"valueName\":\"search_term_string\"}}],\"inLanguage\":\"en-US\"},{\"@type\":\"Organization\",\"@id\":\"https:\\\/\\\/www.casadocuidar.org.br\\\/#organization\",\"name\":\"Casa do Cuidar \u2013 Pr\u00e1tica e ensino em cuidados paliativos\",\"url\":\"https:\\\/\\\/www.casadocuidar.org.br\\\/\",\"logo\":{\"@type\":\"ImageObject\",\"inLanguage\":\"en-US\",\"@id\":\"https:\\\/\\\/www.casadocuidar.org.br\\\/#\\\/schema\\\/logo\\\/image\\\/\",\"url\":\"https:\\\/\\\/www.casadocuidar.org.br\\\/website\\\/wp-content\\\/uploads\\\/2018\\\/08\\\/casadocuidar-logoshare.png\",\"contentUrl\":\"https:\\\/\\\/www.casadocuidar.org.br\\\/website\\\/wp-content\\\/uploads\\\/2018\\\/08\\\/casadocuidar-logoshare.png\",\"width\":500,\"height\":500,\"caption\":\"Casa do Cuidar \u2013 Pr\u00e1tica e ensino em cuidados paliativos\"},\"image\":{\"@id\":\"https:\\\/\\\/www.casadocuidar.org.br\\\/#\\\/schema\\\/logo\\\/image\\\/\"}},{\"@type\":\"Person\",\"@id\":\"https:\\\/\\\/www.casadocuidar.org.br\\\/#\\\/schema\\\/person\\\/5d8486dbe13a88a6dd6b40aea91d2c5b\",\"name\":\"Casa do Cuidar\",\"image\":{\"@type\":\"ImageObject\",\"inLanguage\":\"en-US\",\"@id\":\"https:\\\/\\\/secure.gravatar.com\\\/avatar\\\/a541283949c7bab9ba4ffc45152502c19a06dfbcb0af94e6b46d94a21476ffae?s=96&d=mm&r=g\",\"url\":\"https:\\\/\\\/secure.gravatar.com\\\/avatar\\\/a541283949c7bab9ba4ffc45152502c19a06dfbcb0af94e6b46d94a21476ffae?s=96&d=mm&r=g\",\"contentUrl\":\"https:\\\/\\\/secure.gravatar.com\\\/avatar\\\/a541283949c7bab9ba4ffc45152502c19a06dfbcb0af94e6b46d94a21476ffae?s=96&d=mm&r=g\",\"caption\":\"Casa do Cuidar\"}}]}<\/script>\n<!-- \/ Yoast SEO plugin. -->","yoast_head_json":{"title":"Abertas as inscri\u00e7\u00f5es para os cursos da Casa do Cuidar: saiba porque voc\u00ea deve fazer um curso com a gente - Casa do Cuidar","robots":{"index":"index","follow":"follow","max-snippet":"max-snippet:-1","max-image-preview":"max-image-preview:large","max-video-preview":"max-video-preview:-1"},"canonical":"https:\/\/www.casadocuidar.org.br\/blog\/abertas-as-inscricoes-para-os-cursos-da-casa-do-cuidar-saiba-porque-voce-deve-fazer-um-curso-com-a-gente\/","og_locale":"en_US","og_type":"article","og_title":"Abertas as inscri\u00e7\u00f5es para os cursos da Casa do Cuidar: saiba porque voc\u00ea deve fazer um curso com a gente - Casa do Cuidar","og_description":"A Casa do Cuidar iniciou seus cursos de forma\u00e7\u00e3o em cuidados paliativos em 2008. V\u00e1rios alunos, profissionais de todo o Brasil,\u00a0j\u00e1 fizeram nossos cursos. Leia abaixo alguns dos depoimentos que eles nos ofereceram e descubra porque voc\u00ea tamb\u00e9m deve fazer um curso com a gente: Quando recebi o e-mail do cronograma do curso, percebendo a&hellip;","og_url":"https:\/\/www.casadocuidar.org.br\/blog\/abertas-as-inscricoes-para-os-cursos-da-casa-do-cuidar-saiba-porque-voce-deve-fazer-um-curso-com-a-gente\/","og_site_name":"Casa do Cuidar","article_published_time":"2012-01-18T14:04:28+00:00","article_modified_time":"2018-04-18T15:06:09+00:00","author":"Casa do Cuidar","twitter_card":"summary_large_image","twitter_misc":{"Written by":"Casa do Cuidar","Est. reading time":"1 minute"},"schema":{"@context":"https:\/\/schema.org","@graph":[{"@type":"Article","@id":"https:\/\/www.casadocuidar.org.br\/blog\/abertas-as-inscricoes-para-os-cursos-da-casa-do-cuidar-saiba-porque-voce-deve-fazer-um-curso-com-a-gente\/#article","isPartOf":{"@id":"https:\/\/www.casadocuidar.org.br\/blog\/abertas-as-inscricoes-para-os-cursos-da-casa-do-cuidar-saiba-porque-voce-deve-fazer-um-curso-com-a-gente\/"},"author":{"name":"Casa do Cuidar","@id":"https:\/\/www.casadocuidar.org.br\/#\/schema\/person\/5d8486dbe13a88a6dd6b40aea91d2c5b"},"headline":"Abertas as inscri\u00e7\u00f5es para os cursos da Casa do Cuidar: saiba porque voc\u00ea deve fazer um curso com a gente","datePublished":"2012-01-18T14:04:28+00:00","dateModified":"2018-04-18T15:06:09+00:00","mainEntityOfPage":{"@id":"https:\/\/www.casadocuidar.org.br\/blog\/abertas-as-inscricoes-para-os-cursos-da-casa-do-cuidar-saiba-porque-voce-deve-fazer-um-curso-com-a-gente\/"},"wordCount":258,"commentCount":0,"publisher":{"@id":"https:\/\/www.casadocuidar.org.br\/#organization"},"articleSection":["Blog"],"inLanguage":"en-US","potentialAction":[{"@type":"CommentAction","name":"Comment","target":["https:\/\/www.casadocuidar.org.br\/blog\/abertas-as-inscricoes-para-os-cursos-da-casa-do-cuidar-saiba-porque-voce-deve-fazer-um-curso-com-a-gente\/#respond"]}]},{"@type":"WebPage","@id":"https:\/\/www.casadocuidar.org.br\/blog\/abertas-as-inscricoes-para-os-cursos-da-casa-do-cuidar-saiba-porque-voce-deve-fazer-um-curso-com-a-gente\/","url":"https:\/\/www.casadocuidar.org.br\/blog\/abertas-as-inscricoes-para-os-cursos-da-casa-do-cuidar-saiba-porque-voce-deve-fazer-um-curso-com-a-gente\/","name":"Abertas as inscri\u00e7\u00f5es para os cursos da Casa do Cuidar: saiba porque voc\u00ea deve fazer um curso com a gente - Casa do Cuidar","isPartOf":{"@id":"https:\/\/www.casadocuidar.org.br\/#website"},"datePublished":"2012-01-18T14:04:28+00:00","dateModified":"2018-04-18T15:06:09+00:00","breadcrumb":{"@id":"https:\/\/www.casadocuidar.org.br\/blog\/abertas-as-inscricoes-para-os-cursos-da-casa-do-cuidar-saiba-porque-voce-deve-fazer-um-curso-com-a-gente\/#breadcrumb"},"inLanguage":"en-US","potentialAction":[{"@type":"ReadAction","target":["https:\/\/www.casadocuidar.org.br\/blog\/abertas-as-inscricoes-para-os-cursos-da-casa-do-cuidar-saiba-porque-voce-deve-fazer-um-curso-com-a-gente\/"]}]},{"@type":"BreadcrumbList","@id":"https:\/\/www.casadocuidar.org.br\/blog\/abertas-as-inscricoes-para-os-cursos-da-casa-do-cuidar-saiba-porque-voce-deve-fazer-um-curso-com-a-gente\/#breadcrumb","itemListElement":[{"@type":"ListItem","position":1,"name":"In\u00edcio","item":"https:\/\/www.casadocuidar.org.br\/en\/"},{"@type":"ListItem","position":2,"name":"Abertas as inscri\u00e7\u00f5es para os cursos da Casa do Cuidar: saiba porque voc\u00ea deve fazer um curso com a gente"}]},{"@type":"WebSite","@id":"https:\/\/www.casadocuidar.org.br\/#website","url":"https:\/\/www.casadocuidar.org.br\/","name":"Casa do Cuidar","description":"Pr\u00e1tica e ensino em cuidados paliativos","publisher":{"@id":"https:\/\/www.casadocuidar.org.br\/#organization"},"potentialAction":[{"@type":"SearchAction","target":{"@type":"EntryPoint","urlTemplate":"https:\/\/www.casadocuidar.org.br\/?s={search_term_string}"},"query-input":{"@type":"PropertyValueSpecification","valueRequired":true,"valueName":"search_term_string"}}],"inLanguage":"en-US"},{"@type":"Organization","@id":"https:\/\/www.casadocuidar.org.br\/#organization","name":"Casa do Cuidar \u2013 Pr\u00e1tica e ensino em cuidados paliativos","url":"https:\/\/www.casadocuidar.org.br\/","logo":{"@type":"ImageObject","inLanguage":"en-US","@id":"https:\/\/www.casadocuidar.org.br\/#\/schema\/logo\/image\/","url":"https:\/\/www.casadocuidar.org.br\/website\/wp-content\/uploads\/2018\/08\/casadocuidar-logoshare.png","contentUrl":"https:\/\/www.casadocuidar.org.br\/website\/wp-content\/uploads\/2018\/08\/casadocuidar-logoshare.png","width":500,"height":500,"caption":"Casa do Cuidar \u2013 Pr\u00e1tica e ensino em cuidados paliativos"},"image":{"@id":"https:\/\/www.casadocuidar.org.br\/#\/schema\/logo\/image\/"}},{"@type":"Person","@id":"https:\/\/www.casadocuidar.org.br\/#\/schema\/person\/5d8486dbe13a88a6dd6b40aea91d2c5b","name":"Casa do Cuidar","image":{"@type":"ImageObject","inLanguage":"en-US","@id":"https:\/\/secure.gravatar.com\/avatar\/a541283949c7bab9ba4ffc45152502c19a06dfbcb0af94e6b46d94a21476ffae?s=96&d=mm&r=g","url":"https:\/\/secure.gravatar.com\/avatar\/a541283949c7bab9ba4ffc45152502c19a06dfbcb0af94e6b46d94a21476ffae?s=96&d=mm&r=g","contentUrl":"https:\/\/secure.gravatar.com\/avatar\/a541283949c7bab9ba4ffc45152502c19a06dfbcb0af94e6b46d94a21476ffae?s=96&d=mm&r=g","caption":"Casa do Cuidar"}}]}},"_links":{"self":[{"href":"https:\/\/www.casadocuidar.org.br\/en\/wp-json\/wp\/v2\/posts\/425","targetHints":{"allow":["GET"]}}],"collection":[{"href":"https:\/\/www.casadocuidar.org.br\/en\/wp-json\/wp\/v2\/posts"}],"about":[{"href":"https:\/\/www.casadocuidar.org.br\/en\/wp-json\/wp\/v2\/types\/post"}],"author":[{"embeddable":true,"href":"https:\/\/www.casadocuidar.org.br\/en\/wp-json\/wp\/v2\/users\/1"}],"replies":[{"embeddable":true,"href":"https:\/\/www.casadocuidar.org.br\/en\/wp-json\/wp\/v2\/comments?post=425"}],"version-history":[{"count":0,"href":"https:\/\/www.casadocuidar.org.br\/en\/wp-json\/wp\/v2\/posts\/425\/revisions"}],"wp:attachment":[{"href":"https:\/\/www.casadocuidar.org.br\/en\/wp-json\/wp\/v2\/media?parent=425"}],"wp:term":[{"taxonomy":"category","embeddable":true,"href":"https:\/\/www.casadocuidar.org.br\/en\/wp-json\/wp\/v2\/categories?post=425"},{"taxonomy":"post_tag","embeddable":true,"href":"https:\/\/www.casadocuidar.org.br\/en\/wp-json\/wp\/v2\/tags?post=425"}],"curies":[{"name":"wp","href":"https:\/\/api.w.org\/{rel}","templated":true}]}}