{"id":363,"date":"2011-10-08T17:15:25","date_gmt":"2011-10-08T20:15:25","guid":{"rendered":"https:\/\/www.casadocuidar.org.br\/website\/?p=363"},"modified":"2018-04-17T17:16:15","modified_gmt":"2018-04-17T20:16:15","slug":"homenagem-aos-cuidados-paliativos","status":"publish","type":"post","link":"https:\/\/www.casadocuidar.org.br\/en\/blog\/homenagem-aos-cuidados-paliativos\/","title":{"rendered":"Homenagem aos Cuidados Paliativos"},"content":{"rendered":"<p>S\u00e1bias agudezas&#8230; refinamentos&#8230;<br \/>\n&#8211; n\u00e3o!<br \/>\nNada disso encontrar\u00e1s aqui.<br \/>\nUm poema n\u00e3o \u00e9 para te distra\u00edres<br \/>\ncomo com essas imagens mutantes de caleidosc\u00f3pios.<br \/>\nUm poema n\u00e3o \u00e9 quando te det\u00e9ns para apreciar um detalhe<br \/>\nUm poema n\u00e3o \u00e9 tamb\u00e9m quando paras no fim,<br \/>\nporque um verdadeiro poema continua sempre&#8230;<br \/>\nUm poema que n\u00e3o te ajude a viver e n\u00e3o saiba preparar-te para a morte<br \/>\nn\u00e3o tem sentido: \u00e9 um pobre chocalho de palavras.<\/p>\n<div style=\"text-align: left;\">Mario Quintana<\/div>\n","protected":false},"excerpt":{"rendered":"<p>S\u00e1bias agudezas&#8230; refinamentos&#8230; &#8211; n\u00e3o! Nada disso encontrar\u00e1s aqui. Um poema n\u00e3o \u00e9 para te distra\u00edres como com essas imagens mutantes de caleidosc\u00f3pios. Um poema n\u00e3o \u00e9 quando te det\u00e9ns para apreciar um detalhe Um poema n\u00e3o \u00e9 tamb\u00e9m quando paras no fim, porque um verdadeiro poema continua sempre&#8230; Um poema que n\u00e3o te ajude&hellip;<\/p>\n","protected":false},"author":1,"featured_media":0,"comment_status":"open","ping_status":"closed","sticky":false,"template":"","format":"standard","meta":{"_acf_changed":false,"footnotes":""},"categories":[23],"tags":[],"class_list":["post-363","post","type-post","status-publish","format-standard","hentry","category-blog","category-23","description-off"],"acf":[],"yoast_head":"<!-- This site is optimized with the Yoast SEO plugin v27.4 - https:\/\/yoast.com\/product\/yoast-seo-wordpress\/ -->\n<title>Homenagem aos Cuidados Paliativos - Casa do Cuidar<\/title>\n<meta name=\"robots\" content=\"index, follow, max-snippet:-1, max-image-preview:large, max-video-preview:-1\" \/>\n<link rel=\"canonical\" href=\"https:\/\/www.casadocuidar.org.br\/blog\/homenagem-aos-cuidados-paliativos\/\" \/>\n<meta property=\"og:locale\" content=\"en_US\" \/>\n<meta property=\"og:type\" content=\"article\" \/>\n<meta property=\"og:title\" content=\"Homenagem aos Cuidados Paliativos - Casa do Cuidar\" \/>\n<meta property=\"og:description\" content=\"S\u00e1bias agudezas&#8230; refinamentos&#8230; &#8211; n\u00e3o! Nada disso encontrar\u00e1s aqui. Um poema n\u00e3o \u00e9 para te distra\u00edres como com essas imagens mutantes de caleidosc\u00f3pios. Um poema n\u00e3o \u00e9 quando te det\u00e9ns para apreciar um detalhe Um poema n\u00e3o \u00e9 tamb\u00e9m quando paras no fim, porque um verdadeiro poema continua sempre&#8230; Um poema que n\u00e3o te ajude&hellip;\" \/>\n<meta property=\"og:url\" content=\"https:\/\/www.casadocuidar.org.br\/blog\/homenagem-aos-cuidados-paliativos\/\" \/>\n<meta property=\"og:site_name\" content=\"Casa do Cuidar\" \/>\n<meta property=\"article:published_time\" content=\"2011-10-08T20:15:25+00:00\" \/>\n<meta property=\"article:modified_time\" content=\"2018-04-17T20:16:15+00:00\" \/>\n<meta name=\"author\" content=\"Casa do Cuidar\" \/>\n<meta name=\"twitter:card\" content=\"summary_large_image\" \/>\n<meta name=\"twitter:label1\" content=\"Written by\" \/>\n\t<meta name=\"twitter:data1\" content=\"Casa do Cuidar\" \/>\n<script type=\"application\/ld+json\" class=\"yoast-schema-graph\">{\"@context\":\"https:\\\/\\\/schema.org\",\"@graph\":[{\"@type\":\"Article\",\"@id\":\"https:\\\/\\\/www.casadocuidar.org.br\\\/blog\\\/homenagem-aos-cuidados-paliativos\\\/#article\",\"isPartOf\":{\"@id\":\"https:\\\/\\\/www.casadocuidar.org.br\\\/blog\\\/homenagem-aos-cuidados-paliativos\\\/\"},\"author\":{\"name\":\"Casa do Cuidar\",\"@id\":\"https:\\\/\\\/www.casadocuidar.org.br\\\/#\\\/schema\\\/person\\\/5d8486dbe13a88a6dd6b40aea91d2c5b\"},\"headline\":\"Homenagem aos Cuidados Paliativos\",\"datePublished\":\"2011-10-08T20:15:25+00:00\",\"dateModified\":\"2018-04-17T20:16:15+00:00\",\"mainEntityOfPage\":{\"@id\":\"https:\\\/\\\/www.casadocuidar.org.br\\\/blog\\\/homenagem-aos-cuidados-paliativos\\\/\"},\"wordCount\":88,\"commentCount\":0,\"publisher\":{\"@id\":\"https:\\\/\\\/www.casadocuidar.org.br\\\/#organization\"},\"articleSection\":[\"Blog\"],\"inLanguage\":\"en-US\",\"potentialAction\":[{\"@type\":\"CommentAction\",\"name\":\"Comment\",\"target\":[\"https:\\\/\\\/www.casadocuidar.org.br\\\/blog\\\/homenagem-aos-cuidados-paliativos\\\/#respond\"]}]},{\"@type\":\"WebPage\",\"@id\":\"https:\\\/\\\/www.casadocuidar.org.br\\\/blog\\\/homenagem-aos-cuidados-paliativos\\\/\",\"url\":\"https:\\\/\\\/www.casadocuidar.org.br\\\/blog\\\/homenagem-aos-cuidados-paliativos\\\/\",\"name\":\"Homenagem aos Cuidados Paliativos - Casa do Cuidar\",\"isPartOf\":{\"@id\":\"https:\\\/\\\/www.casadocuidar.org.br\\\/#website\"},\"datePublished\":\"2011-10-08T20:15:25+00:00\",\"dateModified\":\"2018-04-17T20:16:15+00:00\",\"breadcrumb\":{\"@id\":\"https:\\\/\\\/www.casadocuidar.org.br\\\/blog\\\/homenagem-aos-cuidados-paliativos\\\/#breadcrumb\"},\"inLanguage\":\"en-US\",\"potentialAction\":[{\"@type\":\"ReadAction\",\"target\":[\"https:\\\/\\\/www.casadocuidar.org.br\\\/blog\\\/homenagem-aos-cuidados-paliativos\\\/\"]}]},{\"@type\":\"BreadcrumbList\",\"@id\":\"https:\\\/\\\/www.casadocuidar.org.br\\\/blog\\\/homenagem-aos-cuidados-paliativos\\\/#breadcrumb\",\"itemListElement\":[{\"@type\":\"ListItem\",\"position\":1,\"name\":\"In\u00edcio\",\"item\":\"https:\\\/\\\/www.casadocuidar.org.br\\\/en\\\/\"},{\"@type\":\"ListItem\",\"position\":2,\"name\":\"Homenagem aos Cuidados Paliativos\"}]},{\"@type\":\"WebSite\",\"@id\":\"https:\\\/\\\/www.casadocuidar.org.br\\\/#website\",\"url\":\"https:\\\/\\\/www.casadocuidar.org.br\\\/\",\"name\":\"Casa do Cuidar\",\"description\":\"Pr\u00e1tica e ensino em cuidados paliativos\",\"publisher\":{\"@id\":\"https:\\\/\\\/www.casadocuidar.org.br\\\/#organization\"},\"potentialAction\":[{\"@type\":\"SearchAction\",\"target\":{\"@type\":\"EntryPoint\",\"urlTemplate\":\"https:\\\/\\\/www.casadocuidar.org.br\\\/?s={search_term_string}\"},\"query-input\":{\"@type\":\"PropertyValueSpecification\",\"valueRequired\":true,\"valueName\":\"search_term_string\"}}],\"inLanguage\":\"en-US\"},{\"@type\":\"Organization\",\"@id\":\"https:\\\/\\\/www.casadocuidar.org.br\\\/#organization\",\"name\":\"Casa do Cuidar \u2013 Pr\u00e1tica e ensino em cuidados paliativos\",\"url\":\"https:\\\/\\\/www.casadocuidar.org.br\\\/\",\"logo\":{\"@type\":\"ImageObject\",\"inLanguage\":\"en-US\",\"@id\":\"https:\\\/\\\/www.casadocuidar.org.br\\\/#\\\/schema\\\/logo\\\/image\\\/\",\"url\":\"https:\\\/\\\/www.casadocuidar.org.br\\\/website\\\/wp-content\\\/uploads\\\/2018\\\/08\\\/casadocuidar-logoshare.png\",\"contentUrl\":\"https:\\\/\\\/www.casadocuidar.org.br\\\/website\\\/wp-content\\\/uploads\\\/2018\\\/08\\\/casadocuidar-logoshare.png\",\"width\":500,\"height\":500,\"caption\":\"Casa do Cuidar \u2013 Pr\u00e1tica e ensino em cuidados paliativos\"},\"image\":{\"@id\":\"https:\\\/\\\/www.casadocuidar.org.br\\\/#\\\/schema\\\/logo\\\/image\\\/\"}},{\"@type\":\"Person\",\"@id\":\"https:\\\/\\\/www.casadocuidar.org.br\\\/#\\\/schema\\\/person\\\/5d8486dbe13a88a6dd6b40aea91d2c5b\",\"name\":\"Casa do Cuidar\",\"image\":{\"@type\":\"ImageObject\",\"inLanguage\":\"en-US\",\"@id\":\"https:\\\/\\\/secure.gravatar.com\\\/avatar\\\/a541283949c7bab9ba4ffc45152502c19a06dfbcb0af94e6b46d94a21476ffae?s=96&d=mm&r=g\",\"url\":\"https:\\\/\\\/secure.gravatar.com\\\/avatar\\\/a541283949c7bab9ba4ffc45152502c19a06dfbcb0af94e6b46d94a21476ffae?s=96&d=mm&r=g\",\"contentUrl\":\"https:\\\/\\\/secure.gravatar.com\\\/avatar\\\/a541283949c7bab9ba4ffc45152502c19a06dfbcb0af94e6b46d94a21476ffae?s=96&d=mm&r=g\",\"caption\":\"Casa do Cuidar\"}}]}<\/script>\n<!-- \/ Yoast SEO plugin. -->","yoast_head_json":{"title":"Homenagem aos Cuidados Paliativos - Casa do Cuidar","robots":{"index":"index","follow":"follow","max-snippet":"max-snippet:-1","max-image-preview":"max-image-preview:large","max-video-preview":"max-video-preview:-1"},"canonical":"https:\/\/www.casadocuidar.org.br\/blog\/homenagem-aos-cuidados-paliativos\/","og_locale":"en_US","og_type":"article","og_title":"Homenagem aos Cuidados Paliativos - Casa do Cuidar","og_description":"S\u00e1bias agudezas&#8230; refinamentos&#8230; &#8211; n\u00e3o! Nada disso encontrar\u00e1s aqui. Um poema n\u00e3o \u00e9 para te distra\u00edres como com essas imagens mutantes de caleidosc\u00f3pios. Um poema n\u00e3o \u00e9 quando te det\u00e9ns para apreciar um detalhe Um poema n\u00e3o \u00e9 tamb\u00e9m quando paras no fim, porque um verdadeiro poema continua sempre&#8230; Um poema que n\u00e3o te ajude&hellip;","og_url":"https:\/\/www.casadocuidar.org.br\/blog\/homenagem-aos-cuidados-paliativos\/","og_site_name":"Casa do Cuidar","article_published_time":"2011-10-08T20:15:25+00:00","article_modified_time":"2018-04-17T20:16:15+00:00","author":"Casa do Cuidar","twitter_card":"summary_large_image","twitter_misc":{"Written by":"Casa do Cuidar"},"schema":{"@context":"https:\/\/schema.org","@graph":[{"@type":"Article","@id":"https:\/\/www.casadocuidar.org.br\/blog\/homenagem-aos-cuidados-paliativos\/#article","isPartOf":{"@id":"https:\/\/www.casadocuidar.org.br\/blog\/homenagem-aos-cuidados-paliativos\/"},"author":{"name":"Casa do Cuidar","@id":"https:\/\/www.casadocuidar.org.br\/#\/schema\/person\/5d8486dbe13a88a6dd6b40aea91d2c5b"},"headline":"Homenagem aos Cuidados Paliativos","datePublished":"2011-10-08T20:15:25+00:00","dateModified":"2018-04-17T20:16:15+00:00","mainEntityOfPage":{"@id":"https:\/\/www.casadocuidar.org.br\/blog\/homenagem-aos-cuidados-paliativos\/"},"wordCount":88,"commentCount":0,"publisher":{"@id":"https:\/\/www.casadocuidar.org.br\/#organization"},"articleSection":["Blog"],"inLanguage":"en-US","potentialAction":[{"@type":"CommentAction","name":"Comment","target":["https:\/\/www.casadocuidar.org.br\/blog\/homenagem-aos-cuidados-paliativos\/#respond"]}]},{"@type":"WebPage","@id":"https:\/\/www.casadocuidar.org.br\/blog\/homenagem-aos-cuidados-paliativos\/","url":"https:\/\/www.casadocuidar.org.br\/blog\/homenagem-aos-cuidados-paliativos\/","name":"Homenagem aos Cuidados Paliativos - Casa do Cuidar","isPartOf":{"@id":"https:\/\/www.casadocuidar.org.br\/#website"},"datePublished":"2011-10-08T20:15:25+00:00","dateModified":"2018-04-17T20:16:15+00:00","breadcrumb":{"@id":"https:\/\/www.casadocuidar.org.br\/blog\/homenagem-aos-cuidados-paliativos\/#breadcrumb"},"inLanguage":"en-US","potentialAction":[{"@type":"ReadAction","target":["https:\/\/www.casadocuidar.org.br\/blog\/homenagem-aos-cuidados-paliativos\/"]}]},{"@type":"BreadcrumbList","@id":"https:\/\/www.casadocuidar.org.br\/blog\/homenagem-aos-cuidados-paliativos\/#breadcrumb","itemListElement":[{"@type":"ListItem","position":1,"name":"In\u00edcio","item":"https:\/\/www.casadocuidar.org.br\/en\/"},{"@type":"ListItem","position":2,"name":"Homenagem aos Cuidados Paliativos"}]},{"@type":"WebSite","@id":"https:\/\/www.casadocuidar.org.br\/#website","url":"https:\/\/www.casadocuidar.org.br\/","name":"Casa do Cuidar","description":"Pr\u00e1tica e ensino em cuidados paliativos","publisher":{"@id":"https:\/\/www.casadocuidar.org.br\/#organization"},"potentialAction":[{"@type":"SearchAction","target":{"@type":"EntryPoint","urlTemplate":"https:\/\/www.casadocuidar.org.br\/?s={search_term_string}"},"query-input":{"@type":"PropertyValueSpecification","valueRequired":true,"valueName":"search_term_string"}}],"inLanguage":"en-US"},{"@type":"Organization","@id":"https:\/\/www.casadocuidar.org.br\/#organization","name":"Casa do Cuidar \u2013 Pr\u00e1tica e ensino em cuidados paliativos","url":"https:\/\/www.casadocuidar.org.br\/","logo":{"@type":"ImageObject","inLanguage":"en-US","@id":"https:\/\/www.casadocuidar.org.br\/#\/schema\/logo\/image\/","url":"https:\/\/www.casadocuidar.org.br\/website\/wp-content\/uploads\/2018\/08\/casadocuidar-logoshare.png","contentUrl":"https:\/\/www.casadocuidar.org.br\/website\/wp-content\/uploads\/2018\/08\/casadocuidar-logoshare.png","width":500,"height":500,"caption":"Casa do Cuidar \u2013 Pr\u00e1tica e ensino em cuidados paliativos"},"image":{"@id":"https:\/\/www.casadocuidar.org.br\/#\/schema\/logo\/image\/"}},{"@type":"Person","@id":"https:\/\/www.casadocuidar.org.br\/#\/schema\/person\/5d8486dbe13a88a6dd6b40aea91d2c5b","name":"Casa do Cuidar","image":{"@type":"ImageObject","inLanguage":"en-US","@id":"https:\/\/secure.gravatar.com\/avatar\/a541283949c7bab9ba4ffc45152502c19a06dfbcb0af94e6b46d94a21476ffae?s=96&d=mm&r=g","url":"https:\/\/secure.gravatar.com\/avatar\/a541283949c7bab9ba4ffc45152502c19a06dfbcb0af94e6b46d94a21476ffae?s=96&d=mm&r=g","contentUrl":"https:\/\/secure.gravatar.com\/avatar\/a541283949c7bab9ba4ffc45152502c19a06dfbcb0af94e6b46d94a21476ffae?s=96&d=mm&r=g","caption":"Casa do Cuidar"}}]}},"_links":{"self":[{"href":"https:\/\/www.casadocuidar.org.br\/en\/wp-json\/wp\/v2\/posts\/363","targetHints":{"allow":["GET"]}}],"collection":[{"href":"https:\/\/www.casadocuidar.org.br\/en\/wp-json\/wp\/v2\/posts"}],"about":[{"href":"https:\/\/www.casadocuidar.org.br\/en\/wp-json\/wp\/v2\/types\/post"}],"author":[{"embeddable":true,"href":"https:\/\/www.casadocuidar.org.br\/en\/wp-json\/wp\/v2\/users\/1"}],"replies":[{"embeddable":true,"href":"https:\/\/www.casadocuidar.org.br\/en\/wp-json\/wp\/v2\/comments?post=363"}],"version-history":[{"count":0,"href":"https:\/\/www.casadocuidar.org.br\/en\/wp-json\/wp\/v2\/posts\/363\/revisions"}],"wp:attachment":[{"href":"https:\/\/www.casadocuidar.org.br\/en\/wp-json\/wp\/v2\/media?parent=363"}],"wp:term":[{"taxonomy":"category","embeddable":true,"href":"https:\/\/www.casadocuidar.org.br\/en\/wp-json\/wp\/v2\/categories?post=363"},{"taxonomy":"post_tag","embeddable":true,"href":"https:\/\/www.casadocuidar.org.br\/en\/wp-json\/wp\/v2\/tags?post=363"}],"curies":[{"name":"wp","href":"https:\/\/api.w.org\/{rel}","templated":true}]}}