{"id":307,"date":"2017-01-11T14:43:36","date_gmt":"2017-01-11T16:43:36","guid":{"rendered":"https:\/\/www.casadocuidar.org.br\/website\/?p=307"},"modified":"2018-04-17T15:03:18","modified_gmt":"2018-04-17T18:03:18","slug":"simbora","status":"publish","type":"post","link":"https:\/\/www.casadocuidar.org.br\/en\/blog\/simbora\/","title":{"rendered":"Simbora&#8230;"},"content":{"rendered":"<p>2017 est\u00e1 a\u00ed e como ainda tem muita gente de f\u00e9rias pensei que seria o momento adequado para jogar algumas dicas de leitura, videos e audios para serem apreciados nesses dias de horas livres e descanso.<\/p>\n<p>Quem aqui escreve sou eu, Cristiane (co-fundadora da Casa do Cuidar). Em 2015, sai do Brasil e vim morar em Londres. Nesse mundo cibern\u00e9tico pude continuar ligada a nossa OSCIP nas atividades a dist\u00e2ncia (blog, curso EAD e explora\u00e7\u00f5es de CP aqui no ReinoUnido). Apesar de sentir saudades da rotina dos cursos presenciais tenho curtido outras formas de aprender e compartilhar o conhecimento de cuidados paliativos. Tem sido uma aventura bastante interessante o cotidiano em fam\u00edlia em um pa\u00eds estrangeiro. E se, em um dia, cai uma nevinha de nada, os brasileirinhos saem super animados! rsrsrs<\/p>\n<p>Enfim, s\u00f3 pra contar um pouquinho de mim para voc\u00ea.\ud83d\ude0a<\/p>\n<p>Um dos desafios que me propus foi entender melhor de que forma o blog pode ser \u00fatil para quem o acessa. Quais conte\u00fados seriam interessantes publicar? Eu tenho algumas id\u00e9ias, mas seria \u00f3timo se voc\u00ea que est\u00e1 lendo me enviasse algumas dicas e\/ou sugest\u00f5es de temas que gostaria de ver aqui.<br \/>\n\u00c9 s\u00f3 enviar um email para faleconosco@casadocuidar.org.br<\/p>\n<p>Outro grande desafio que estou curtindo esse ano \u00e9 organizar um curso de atualiza\u00e7\u00e3o a dist\u00e2ncia pra profissionais e estudantes da \u00e1rea da sa\u00fade. Estar em \u00a0Londres oferece uma oportunidade de conhecer servi\u00e7os, pessoas e hist\u00f3rias interessant\u00edssimas. Visitas a hospices, conversas com profissionais de sa\u00fade e com familiares que receberam cuidados paliativos t\u00eam gerado um conte\u00fado que vale a pena compartilhar! Assim que estiver pronto, divulgaremos.<\/p>\n<p>Mas, como disse antes, ainda \u00e9 tempo de f\u00e9rias para muitos.<br \/>\nTempo bom para se reorganizar, sonhar, descansar, curtir prazeres, rever projetos, avaliar o ano que passou, planejar, etc&#8230; Em um dia relaxado, d\u00e1 uma olhadinha aqui na poesia do Fernando Pessoa e nesses links, acho que voc\u00ea pode gostar muito! Ok, ok&#8230;um dos textos \u00e9 em espanhol e o audio em ingl\u00eas&#8230; que tal estudar uma l\u00edngua diferente esse ano? Ou chamar um amigo que entende melhor a l\u00edngua pra ouvir o audio com voc\u00ea?<br \/>\n(t\u00f4 querendo muito aprender italiano&#8230;no momento, procurando um professor legal!;-)<br \/>\nO mundo est\u00e1 se tornando cada vez mais uma aldeia onde todos podem se comunicar.<br \/>\nSimbora&#8230;<\/p>\n<p>Texto do Umberto Eco : C\u00f3mo prepararse serenamente ante la muerte. Breves instrucciones a un eventual disc\u00edpulo.<br \/>\nhttp:\/\/www.ehospice.com\/americalatina\/articlepreview\/tabid\/6950\/ArticleId\/19185\/language\/es-ES\/View.aspx<\/p>\n<p>Audio do m\u00e9dico B.J. Miller, diretor-executivo do Hospice Zen na Calif\u00f3rnia, EUA.<br \/>\nReframing Our Relationship to That We Don\u2019t Control\u201cLet death be what takes us,\u201d\u00a0Dr. BJ Miller has written, \u201cnot a lack of imagination.\u201dhttp:\/\/goo.gl\/ndcWAV<\/p>\n<h3>Fernando Pessoa<br \/>\nLiberdade<\/h3>\n<p>Ai que prazer<br \/>\nN\u00e3o cumprir um dever,<br \/>\nTer um livro para ler<br \/>\nE n\u00e3o fazer!<br \/>\nLer \u00e9 ma\u00e7ada,<br \/>\nEstudar \u00e9 nada.<br \/>\nSol doira<br \/>\nSem literatura<br \/>\nO rio corre, bem ou mal,<br \/>\nSem edi\u00e7\u00e3o original.<br \/>\nE a brisa, essa,<br \/>\nDe t\u00e3o naturalmente matinal,<br \/>\nComo o tempo n\u00e3o tem pressa&#8230;<\/p>\n<p>Livros s\u00e3o pap\u00e9is pintados com tinta.<br \/>\nEstudar \u00e9 uma coisa em que est\u00e1 indistinta<br \/>\nA distin\u00e7\u00e3o entre nada e coisa nenhuma.<\/p>\n<p>Quanto \u00e9 melhor, quanto h\u00e1 bruma,<br \/>\nEsperar por D.Sebasti\u00e3o,<br \/>\nQuer venha ou n\u00e3o!<\/p>\n<p>Grande \u00e9 a poesia, a bondade e as dan\u00e7as&#8230;<br \/>\nMas o melhor do mundo s\u00e3o as crian\u00e7as,<\/p>\n<p>Flores, m\u00fasica, o luar, e o sol, que peca<br \/>\nS\u00f3 quando, em vez de criar, seca.<\/p>\n<p>Mais que isto<br \/>\n\u00c9 Jesus Cristo,<br \/>\nQue n\u00e3o sabia nada de finan\u00e7as<br \/>\nNem consta que tivesse biblioteca&#8230;<\/p>\n<p>em &#8220;Cancioneiro&#8221;<\/p>\n","protected":false},"excerpt":{"rendered":"<p>2017 est\u00e1 a\u00ed e como ainda tem muita gente de f\u00e9rias pensei que seria o momento adequado para jogar algumas dicas de leitura, videos e audios para serem apreciados nesses dias de horas livres e descanso. Quem aqui escreve sou eu, Cristiane (co-fundadora da Casa do Cuidar). Em 2015, sai do Brasil e vim morar&hellip;<\/p>\n","protected":false},"author":1,"featured_media":310,"comment_status":"open","ping_status":"closed","sticky":false,"template":"","format":"standard","meta":{"_acf_changed":false,"footnotes":""},"categories":[23],"tags":[],"class_list":["post-307","post","type-post","status-publish","format-standard","has-post-thumbnail","hentry","category-blog","category-23","description-off"],"acf":[],"yoast_head":"<!-- This site is optimized with the Yoast SEO plugin v27.4 - https:\/\/yoast.com\/product\/yoast-seo-wordpress\/ -->\n<title>Simbora... - Casa do Cuidar<\/title>\n<meta name=\"robots\" content=\"index, follow, max-snippet:-1, max-image-preview:large, max-video-preview:-1\" \/>\n<link rel=\"canonical\" href=\"https:\/\/www.casadocuidar.org.br\/blog\/simbora\/\" \/>\n<meta property=\"og:locale\" content=\"en_US\" \/>\n<meta property=\"og:type\" content=\"article\" \/>\n<meta property=\"og:title\" content=\"Simbora... - Casa do Cuidar\" \/>\n<meta property=\"og:description\" content=\"2017 est\u00e1 a\u00ed e como ainda tem muita gente de f\u00e9rias pensei que seria o momento adequado para jogar algumas dicas de leitura, videos e audios para serem apreciados nesses dias de horas livres e descanso. Quem aqui escreve sou eu, Cristiane (co-fundadora da Casa do Cuidar). Em 2015, sai do Brasil e vim morar&hellip;\" \/>\n<meta property=\"og:url\" content=\"https:\/\/www.casadocuidar.org.br\/blog\/simbora\/\" \/>\n<meta property=\"og:site_name\" content=\"Casa do Cuidar\" \/>\n<meta property=\"article:published_time\" content=\"2017-01-11T16:43:36+00:00\" \/>\n<meta property=\"article:modified_time\" content=\"2018-04-17T18:03:18+00:00\" \/>\n<meta property=\"og:image\" content=\"https:\/\/www.casadocuidar.org.br\/website\/wp-content\/uploads\/2017\/01\/foto-01.jpg\" \/>\n\t<meta property=\"og:image:width\" content=\"800\" \/>\n\t<meta property=\"og:image:height\" content=\"800\" \/>\n\t<meta property=\"og:image:type\" content=\"image\/jpeg\" \/>\n<meta name=\"author\" content=\"Casa do Cuidar\" \/>\n<meta name=\"twitter:card\" content=\"summary_large_image\" \/>\n<meta name=\"twitter:label1\" content=\"Written by\" \/>\n\t<meta name=\"twitter:data1\" content=\"Casa do Cuidar\" \/>\n\t<meta name=\"twitter:label2\" content=\"Est. reading time\" \/>\n\t<meta name=\"twitter:data2\" content=\"3 minutes\" \/>\n<script type=\"application\/ld+json\" class=\"yoast-schema-graph\">{\"@context\":\"https:\\\/\\\/schema.org\",\"@graph\":[{\"@type\":\"Article\",\"@id\":\"https:\\\/\\\/www.casadocuidar.org.br\\\/blog\\\/simbora\\\/#article\",\"isPartOf\":{\"@id\":\"https:\\\/\\\/www.casadocuidar.org.br\\\/blog\\\/simbora\\\/\"},\"author\":{\"name\":\"Casa do Cuidar\",\"@id\":\"https:\\\/\\\/www.casadocuidar.org.br\\\/#\\\/schema\\\/person\\\/5d8486dbe13a88a6dd6b40aea91d2c5b\"},\"headline\":\"Simbora&#8230;\",\"datePublished\":\"2017-01-11T16:43:36+00:00\",\"dateModified\":\"2018-04-17T18:03:18+00:00\",\"mainEntityOfPage\":{\"@id\":\"https:\\\/\\\/www.casadocuidar.org.br\\\/blog\\\/simbora\\\/\"},\"wordCount\":625,\"commentCount\":0,\"publisher\":{\"@id\":\"https:\\\/\\\/www.casadocuidar.org.br\\\/#organization\"},\"image\":{\"@id\":\"https:\\\/\\\/www.casadocuidar.org.br\\\/blog\\\/simbora\\\/#primaryimage\"},\"thumbnailUrl\":\"https:\\\/\\\/www.casadocuidar.org.br\\\/website\\\/wp-content\\\/uploads\\\/2017\\\/01\\\/foto-01.jpg\",\"articleSection\":[\"Blog\"],\"inLanguage\":\"en-US\",\"potentialAction\":[{\"@type\":\"CommentAction\",\"name\":\"Comment\",\"target\":[\"https:\\\/\\\/www.casadocuidar.org.br\\\/blog\\\/simbora\\\/#respond\"]}]},{\"@type\":\"WebPage\",\"@id\":\"https:\\\/\\\/www.casadocuidar.org.br\\\/blog\\\/simbora\\\/\",\"url\":\"https:\\\/\\\/www.casadocuidar.org.br\\\/blog\\\/simbora\\\/\",\"name\":\"Simbora... - Casa do Cuidar\",\"isPartOf\":{\"@id\":\"https:\\\/\\\/www.casadocuidar.org.br\\\/#website\"},\"primaryImageOfPage\":{\"@id\":\"https:\\\/\\\/www.casadocuidar.org.br\\\/blog\\\/simbora\\\/#primaryimage\"},\"image\":{\"@id\":\"https:\\\/\\\/www.casadocuidar.org.br\\\/blog\\\/simbora\\\/#primaryimage\"},\"thumbnailUrl\":\"https:\\\/\\\/www.casadocuidar.org.br\\\/website\\\/wp-content\\\/uploads\\\/2017\\\/01\\\/foto-01.jpg\",\"datePublished\":\"2017-01-11T16:43:36+00:00\",\"dateModified\":\"2018-04-17T18:03:18+00:00\",\"breadcrumb\":{\"@id\":\"https:\\\/\\\/www.casadocuidar.org.br\\\/blog\\\/simbora\\\/#breadcrumb\"},\"inLanguage\":\"en-US\",\"potentialAction\":[{\"@type\":\"ReadAction\",\"target\":[\"https:\\\/\\\/www.casadocuidar.org.br\\\/blog\\\/simbora\\\/\"]}]},{\"@type\":\"ImageObject\",\"inLanguage\":\"en-US\",\"@id\":\"https:\\\/\\\/www.casadocuidar.org.br\\\/blog\\\/simbora\\\/#primaryimage\",\"url\":\"https:\\\/\\\/www.casadocuidar.org.br\\\/website\\\/wp-content\\\/uploads\\\/2017\\\/01\\\/foto-01.jpg\",\"contentUrl\":\"https:\\\/\\\/www.casadocuidar.org.br\\\/website\\\/wp-content\\\/uploads\\\/2017\\\/01\\\/foto-01.jpg\",\"width\":800,\"height\":800},{\"@type\":\"BreadcrumbList\",\"@id\":\"https:\\\/\\\/www.casadocuidar.org.br\\\/blog\\\/simbora\\\/#breadcrumb\",\"itemListElement\":[{\"@type\":\"ListItem\",\"position\":1,\"name\":\"In\u00edcio\",\"item\":\"https:\\\/\\\/www.casadocuidar.org.br\\\/en\\\/\"},{\"@type\":\"ListItem\",\"position\":2,\"name\":\"Simbora&#8230;\"}]},{\"@type\":\"WebSite\",\"@id\":\"https:\\\/\\\/www.casadocuidar.org.br\\\/#website\",\"url\":\"https:\\\/\\\/www.casadocuidar.org.br\\\/\",\"name\":\"Casa do Cuidar\",\"description\":\"Pr\u00e1tica e ensino em cuidados paliativos\",\"publisher\":{\"@id\":\"https:\\\/\\\/www.casadocuidar.org.br\\\/#organization\"},\"potentialAction\":[{\"@type\":\"SearchAction\",\"target\":{\"@type\":\"EntryPoint\",\"urlTemplate\":\"https:\\\/\\\/www.casadocuidar.org.br\\\/?s={search_term_string}\"},\"query-input\":{\"@type\":\"PropertyValueSpecification\",\"valueRequired\":true,\"valueName\":\"search_term_string\"}}],\"inLanguage\":\"en-US\"},{\"@type\":\"Organization\",\"@id\":\"https:\\\/\\\/www.casadocuidar.org.br\\\/#organization\",\"name\":\"Casa do Cuidar \u2013 Pr\u00e1tica e ensino em cuidados paliativos\",\"url\":\"https:\\\/\\\/www.casadocuidar.org.br\\\/\",\"logo\":{\"@type\":\"ImageObject\",\"inLanguage\":\"en-US\",\"@id\":\"https:\\\/\\\/www.casadocuidar.org.br\\\/#\\\/schema\\\/logo\\\/image\\\/\",\"url\":\"https:\\\/\\\/www.casadocuidar.org.br\\\/website\\\/wp-content\\\/uploads\\\/2018\\\/08\\\/casadocuidar-logoshare.png\",\"contentUrl\":\"https:\\\/\\\/www.casadocuidar.org.br\\\/website\\\/wp-content\\\/uploads\\\/2018\\\/08\\\/casadocuidar-logoshare.png\",\"width\":500,\"height\":500,\"caption\":\"Casa do Cuidar \u2013 Pr\u00e1tica e ensino em cuidados paliativos\"},\"image\":{\"@id\":\"https:\\\/\\\/www.casadocuidar.org.br\\\/#\\\/schema\\\/logo\\\/image\\\/\"}},{\"@type\":\"Person\",\"@id\":\"https:\\\/\\\/www.casadocuidar.org.br\\\/#\\\/schema\\\/person\\\/5d8486dbe13a88a6dd6b40aea91d2c5b\",\"name\":\"Casa do Cuidar\",\"image\":{\"@type\":\"ImageObject\",\"inLanguage\":\"en-US\",\"@id\":\"https:\\\/\\\/secure.gravatar.com\\\/avatar\\\/a541283949c7bab9ba4ffc45152502c19a06dfbcb0af94e6b46d94a21476ffae?s=96&d=mm&r=g\",\"url\":\"https:\\\/\\\/secure.gravatar.com\\\/avatar\\\/a541283949c7bab9ba4ffc45152502c19a06dfbcb0af94e6b46d94a21476ffae?s=96&d=mm&r=g\",\"contentUrl\":\"https:\\\/\\\/secure.gravatar.com\\\/avatar\\\/a541283949c7bab9ba4ffc45152502c19a06dfbcb0af94e6b46d94a21476ffae?s=96&d=mm&r=g\",\"caption\":\"Casa do Cuidar\"}}]}<\/script>\n<!-- \/ Yoast SEO plugin. -->","yoast_head_json":{"title":"Simbora... - Casa do Cuidar","robots":{"index":"index","follow":"follow","max-snippet":"max-snippet:-1","max-image-preview":"max-image-preview:large","max-video-preview":"max-video-preview:-1"},"canonical":"https:\/\/www.casadocuidar.org.br\/blog\/simbora\/","og_locale":"en_US","og_type":"article","og_title":"Simbora... - Casa do Cuidar","og_description":"2017 est\u00e1 a\u00ed e como ainda tem muita gente de f\u00e9rias pensei que seria o momento adequado para jogar algumas dicas de leitura, videos e audios para serem apreciados nesses dias de horas livres e descanso. Quem aqui escreve sou eu, Cristiane (co-fundadora da Casa do Cuidar). Em 2015, sai do Brasil e vim morar&hellip;","og_url":"https:\/\/www.casadocuidar.org.br\/blog\/simbora\/","og_site_name":"Casa do Cuidar","article_published_time":"2017-01-11T16:43:36+00:00","article_modified_time":"2018-04-17T18:03:18+00:00","og_image":[{"width":800,"height":800,"url":"https:\/\/www.casadocuidar.org.br\/website\/wp-content\/uploads\/2017\/01\/foto-01.jpg","type":"image\/jpeg"}],"author":"Casa do Cuidar","twitter_card":"summary_large_image","twitter_misc":{"Written by":"Casa do Cuidar","Est. reading time":"3 minutes"},"schema":{"@context":"https:\/\/schema.org","@graph":[{"@type":"Article","@id":"https:\/\/www.casadocuidar.org.br\/blog\/simbora\/#article","isPartOf":{"@id":"https:\/\/www.casadocuidar.org.br\/blog\/simbora\/"},"author":{"name":"Casa do Cuidar","@id":"https:\/\/www.casadocuidar.org.br\/#\/schema\/person\/5d8486dbe13a88a6dd6b40aea91d2c5b"},"headline":"Simbora&#8230;","datePublished":"2017-01-11T16:43:36+00:00","dateModified":"2018-04-17T18:03:18+00:00","mainEntityOfPage":{"@id":"https:\/\/www.casadocuidar.org.br\/blog\/simbora\/"},"wordCount":625,"commentCount":0,"publisher":{"@id":"https:\/\/www.casadocuidar.org.br\/#organization"},"image":{"@id":"https:\/\/www.casadocuidar.org.br\/blog\/simbora\/#primaryimage"},"thumbnailUrl":"https:\/\/www.casadocuidar.org.br\/website\/wp-content\/uploads\/2017\/01\/foto-01.jpg","articleSection":["Blog"],"inLanguage":"en-US","potentialAction":[{"@type":"CommentAction","name":"Comment","target":["https:\/\/www.casadocuidar.org.br\/blog\/simbora\/#respond"]}]},{"@type":"WebPage","@id":"https:\/\/www.casadocuidar.org.br\/blog\/simbora\/","url":"https:\/\/www.casadocuidar.org.br\/blog\/simbora\/","name":"Simbora... - Casa do Cuidar","isPartOf":{"@id":"https:\/\/www.casadocuidar.org.br\/#website"},"primaryImageOfPage":{"@id":"https:\/\/www.casadocuidar.org.br\/blog\/simbora\/#primaryimage"},"image":{"@id":"https:\/\/www.casadocuidar.org.br\/blog\/simbora\/#primaryimage"},"thumbnailUrl":"https:\/\/www.casadocuidar.org.br\/website\/wp-content\/uploads\/2017\/01\/foto-01.jpg","datePublished":"2017-01-11T16:43:36+00:00","dateModified":"2018-04-17T18:03:18+00:00","breadcrumb":{"@id":"https:\/\/www.casadocuidar.org.br\/blog\/simbora\/#breadcrumb"},"inLanguage":"en-US","potentialAction":[{"@type":"ReadAction","target":["https:\/\/www.casadocuidar.org.br\/blog\/simbora\/"]}]},{"@type":"ImageObject","inLanguage":"en-US","@id":"https:\/\/www.casadocuidar.org.br\/blog\/simbora\/#primaryimage","url":"https:\/\/www.casadocuidar.org.br\/website\/wp-content\/uploads\/2017\/01\/foto-01.jpg","contentUrl":"https:\/\/www.casadocuidar.org.br\/website\/wp-content\/uploads\/2017\/01\/foto-01.jpg","width":800,"height":800},{"@type":"BreadcrumbList","@id":"https:\/\/www.casadocuidar.org.br\/blog\/simbora\/#breadcrumb","itemListElement":[{"@type":"ListItem","position":1,"name":"In\u00edcio","item":"https:\/\/www.casadocuidar.org.br\/en\/"},{"@type":"ListItem","position":2,"name":"Simbora&#8230;"}]},{"@type":"WebSite","@id":"https:\/\/www.casadocuidar.org.br\/#website","url":"https:\/\/www.casadocuidar.org.br\/","name":"Casa do Cuidar","description":"Pr\u00e1tica e ensino em cuidados paliativos","publisher":{"@id":"https:\/\/www.casadocuidar.org.br\/#organization"},"potentialAction":[{"@type":"SearchAction","target":{"@type":"EntryPoint","urlTemplate":"https:\/\/www.casadocuidar.org.br\/?s={search_term_string}"},"query-input":{"@type":"PropertyValueSpecification","valueRequired":true,"valueName":"search_term_string"}}],"inLanguage":"en-US"},{"@type":"Organization","@id":"https:\/\/www.casadocuidar.org.br\/#organization","name":"Casa do Cuidar \u2013 Pr\u00e1tica e ensino em cuidados paliativos","url":"https:\/\/www.casadocuidar.org.br\/","logo":{"@type":"ImageObject","inLanguage":"en-US","@id":"https:\/\/www.casadocuidar.org.br\/#\/schema\/logo\/image\/","url":"https:\/\/www.casadocuidar.org.br\/website\/wp-content\/uploads\/2018\/08\/casadocuidar-logoshare.png","contentUrl":"https:\/\/www.casadocuidar.org.br\/website\/wp-content\/uploads\/2018\/08\/casadocuidar-logoshare.png","width":500,"height":500,"caption":"Casa do Cuidar \u2013 Pr\u00e1tica e ensino em cuidados paliativos"},"image":{"@id":"https:\/\/www.casadocuidar.org.br\/#\/schema\/logo\/image\/"}},{"@type":"Person","@id":"https:\/\/www.casadocuidar.org.br\/#\/schema\/person\/5d8486dbe13a88a6dd6b40aea91d2c5b","name":"Casa do Cuidar","image":{"@type":"ImageObject","inLanguage":"en-US","@id":"https:\/\/secure.gravatar.com\/avatar\/a541283949c7bab9ba4ffc45152502c19a06dfbcb0af94e6b46d94a21476ffae?s=96&d=mm&r=g","url":"https:\/\/secure.gravatar.com\/avatar\/a541283949c7bab9ba4ffc45152502c19a06dfbcb0af94e6b46d94a21476ffae?s=96&d=mm&r=g","contentUrl":"https:\/\/secure.gravatar.com\/avatar\/a541283949c7bab9ba4ffc45152502c19a06dfbcb0af94e6b46d94a21476ffae?s=96&d=mm&r=g","caption":"Casa do Cuidar"}}]}},"_links":{"self":[{"href":"https:\/\/www.casadocuidar.org.br\/en\/wp-json\/wp\/v2\/posts\/307","targetHints":{"allow":["GET"]}}],"collection":[{"href":"https:\/\/www.casadocuidar.org.br\/en\/wp-json\/wp\/v2\/posts"}],"about":[{"href":"https:\/\/www.casadocuidar.org.br\/en\/wp-json\/wp\/v2\/types\/post"}],"author":[{"embeddable":true,"href":"https:\/\/www.casadocuidar.org.br\/en\/wp-json\/wp\/v2\/users\/1"}],"replies":[{"embeddable":true,"href":"https:\/\/www.casadocuidar.org.br\/en\/wp-json\/wp\/v2\/comments?post=307"}],"version-history":[{"count":0,"href":"https:\/\/www.casadocuidar.org.br\/en\/wp-json\/wp\/v2\/posts\/307\/revisions"}],"wp:featuredmedia":[{"embeddable":true,"href":"https:\/\/www.casadocuidar.org.br\/en\/wp-json\/wp\/v2\/media\/310"}],"wp:attachment":[{"href":"https:\/\/www.casadocuidar.org.br\/en\/wp-json\/wp\/v2\/media?parent=307"}],"wp:term":[{"taxonomy":"category","embeddable":true,"href":"https:\/\/www.casadocuidar.org.br\/en\/wp-json\/wp\/v2\/categories?post=307"},{"taxonomy":"post_tag","embeddable":true,"href":"https:\/\/www.casadocuidar.org.br\/en\/wp-json\/wp\/v2\/tags?post=307"}],"curies":[{"name":"wp","href":"https:\/\/api.w.org\/{rel}","templated":true}]}}