{"id":300,"date":"2017-02-03T14:25:51","date_gmt":"2017-02-03T16:25:51","guid":{"rendered":"https:\/\/www.casadocuidar.org.br\/website\/?p=300"},"modified":"2018-04-17T14:42:25","modified_gmt":"2018-04-17T17:42:25","slug":"casa-do-cuidar-na-wef-uk","status":"publish","type":"post","link":"https:\/\/www.casadocuidar.org.br\/en\/blog\/casa-do-cuidar-na-wef-uk\/","title":{"rendered":"Casa do Cuidar na WEF-UK"},"content":{"rendered":"<p>Um desses dias que a gente n\u00e3o imagina que podem acontecer na vida.<\/p>\n<p>A abertura do evento contou com uma cerim\u00f4nia de acender 4 velas e uma ora\u00e7\u00e3o para Shiva (deus hindu, o &#8220;destruidor e regenerador&#8221; da energia vital, significa &#8220;o ben\u00e9fico&#8221;, aquele que faz o bem). O fato de ter os discursos tradicionais e a import\u00e2ncia da espiritualidade em um mesmo momento j\u00e1 disse que o evento seria diferente.<\/p>\n<p>Um encontro de mulheres, de todos os lugares do planeta, comprometidas a mudar a mundo pra melhor!<br \/>\nDias de inspira\u00e7\u00e3o, entusiasmo e coragem para novos movimentos.<br \/>\nOuvi hist\u00f3rias &#8230;cria\u00e7\u00e3o de uma escola com foco em educa\u00e7\u00e3o para a paz, ativistas engajadas na educa\u00e7\u00e3o de meninas na \u00e1rea de exatas (STEM &#8211; science, technology, engineer and mathematics), um estudante universit\u00e1rio dedicado a agregar pessoas que ousam sonhar alto, import\u00e2ncia de planejamento familiar para que mulheres possam se dedicar a projetos pessoais ao mesmo tempo em que se dedicam a seus filhos, uma mulher que em 2015 criou um orfanato na \u00cdndia resgatando crian\u00e7as na rua e trabalhando para que elas tenham n\u00e3o s\u00f3 o b\u00e1sico &#8211; abrigo, comida e roupas &#8211; mas que tenham carinho e aprendam a dar valor a si pr\u00f3prias.<br \/>\nEnfim, hist\u00f3rias de mulheres que est\u00e3o de mangas arrega\u00e7adas, sonhando o que dizem ser imposs\u00edvel, comprometidas a transformar a realidade que vivem.<br \/>\nQuer mais inspira\u00e7\u00e3o do que ver nos olhos delas essa coragem?<\/p>\n<p><a class=\"dt-pswp-item\" href=\"https:\/\/www.casadocuidar.org.br\/website\/wp-content\/uploads\/2018\/04\/WEF-UK02.jpg\" data-dt-img-description=\"\" data-large_image_width=\"360\" data-large_image_height=\"640\"><img fetchpriority=\"high\" decoding=\"async\" class=\"alignnone size-medium wp-image-302\" src=\"https:\/\/www.casadocuidar.org.br\/website\/wp-content\/uploads\/2018\/04\/WEF-UK02-169x300.jpg\" alt=\"\" width=\"169\" height=\"300\" srcset=\"https:\/\/www.casadocuidar.org.br\/website\/wp-content\/uploads\/2018\/04\/WEF-UK02-169x300.jpg 169w, https:\/\/www.casadocuidar.org.br\/website\/wp-content\/uploads\/2018\/04\/WEF-UK02-350x622.jpg 350w, https:\/\/www.casadocuidar.org.br\/website\/wp-content\/uploads\/2018\/04\/WEF-UK02.jpg 360w\" sizes=\"(max-width: 169px) 100vw, 169px\" \/>\u00a0\u00a0\u00a0<\/a><a class=\"dt-pswp-item\" href=\"https:\/\/www.casadocuidar.org.br\/website\/wp-content\/uploads\/2018\/04\/WEF-UK03.jpg\" data-dt-img-description=\"\" data-large_image_width=\"480\" data-large_image_height=\"640\"><img decoding=\"async\" class=\"alignnone size-medium wp-image-303\" src=\"https:\/\/www.casadocuidar.org.br\/website\/wp-content\/uploads\/2018\/04\/WEF-UK03-225x300.jpg\" alt=\"\" width=\"225\" height=\"300\" srcset=\"https:\/\/www.casadocuidar.org.br\/website\/wp-content\/uploads\/2018\/04\/WEF-UK03-225x300.jpg 225w, https:\/\/www.casadocuidar.org.br\/website\/wp-content\/uploads\/2018\/04\/WEF-UK03-350x467.jpg 350w, https:\/\/www.casadocuidar.org.br\/website\/wp-content\/uploads\/2018\/04\/WEF-UK03.jpg 480w\" sizes=\"(max-width: 225px) 100vw, 225px\" \/><\/a><\/p>\n<p>E com humildade estava no meio dessas mulheres de l\u00ednguas diversas, mas mesmo brilho no olho. Tive a honra de compartilhar com essa turma incr\u00edvel. Contei pra elas do que fazemos na Casa do Cuidar e de como cuidado paliativo \u00e9 aten\u00e7\u00e3o a dignidade humana, cuidar de pessoas e suas biografias, validar despedidas e aliviar os sofrimento em todas as suas dimens\u00f5es: f\u00edsica, ps\u00edquica, social, familiar e espiritual. Deu vontade de contar e ouvir mais hist\u00f3rias. Deu mais vontade de continuar construindo um caminho que valoriza a vida sempre mesmo que ela seja curta. O que n\u00e3o pode \u00e9 ela ser pequena.<\/p>\n<p><a class=\"dt-pswp-item\" href=\"https:\/\/www.casadocuidar.org.br\/website\/wp-content\/uploads\/2018\/04\/WEF-UK04.jpg\" data-dt-img-description=\"\" data-large_image_width=\"960\" data-large_image_height=\"540\"><img decoding=\"async\" class=\"alignnone size-medium wp-image-304\" src=\"https:\/\/www.casadocuidar.org.br\/website\/wp-content\/uploads\/2018\/04\/WEF-UK04-300x169.jpg\" alt=\"\" width=\"300\" height=\"169\" srcset=\"https:\/\/www.casadocuidar.org.br\/website\/wp-content\/uploads\/2018\/04\/WEF-UK04-300x169.jpg 300w, https:\/\/www.casadocuidar.org.br\/website\/wp-content\/uploads\/2018\/04\/WEF-UK04-600x338.jpg 600w, https:\/\/www.casadocuidar.org.br\/website\/wp-content\/uploads\/2018\/04\/WEF-UK04-768x432.jpg 768w, https:\/\/www.casadocuidar.org.br\/website\/wp-content\/uploads\/2018\/04\/WEF-UK04.jpg 960w\" sizes=\"(max-width: 300px) 100vw, 300px\" \/><\/a><\/p>\n","protected":false},"excerpt":{"rendered":"<p>Um desses dias que a gente n\u00e3o imagina que podem acontecer na vida. A abertura do evento contou com uma cerim\u00f4nia de acender 4 velas e uma ora\u00e7\u00e3o para Shiva (deus hindu, o &#8220;destruidor e regenerador&#8221; da energia vital, significa &#8220;o ben\u00e9fico&#8221;, aquele que faz o bem). O fato de ter os discursos tradicionais e&hellip;<\/p>\n","protected":false},"author":1,"featured_media":301,"comment_status":"open","ping_status":"closed","sticky":false,"template":"","format":"standard","meta":{"_acf_changed":false,"footnotes":""},"categories":[23],"tags":[],"class_list":["post-300","post","type-post","status-publish","format-standard","has-post-thumbnail","hentry","category-blog","category-23","description-off"],"acf":[],"yoast_head":"<!-- This site is optimized with the Yoast SEO plugin v27.4 - https:\/\/yoast.com\/product\/yoast-seo-wordpress\/ -->\n<title>Casa do Cuidar na WEF-UK - Casa do Cuidar<\/title>\n<meta name=\"robots\" content=\"index, follow, max-snippet:-1, max-image-preview:large, max-video-preview:-1\" \/>\n<link rel=\"canonical\" href=\"https:\/\/www.casadocuidar.org.br\/blog\/casa-do-cuidar-na-wef-uk\/\" \/>\n<meta property=\"og:locale\" content=\"en_US\" \/>\n<meta property=\"og:type\" content=\"article\" \/>\n<meta property=\"og:title\" content=\"Casa do Cuidar na WEF-UK - Casa do Cuidar\" \/>\n<meta property=\"og:description\" content=\"Um desses dias que a gente n\u00e3o imagina que podem acontecer na vida. A abertura do evento contou com uma cerim\u00f4nia de acender 4 velas e uma ora\u00e7\u00e3o para Shiva (deus hindu, o &#8220;destruidor e regenerador&#8221; da energia vital, significa &#8220;o ben\u00e9fico&#8221;, aquele que faz o bem). O fato de ter os discursos tradicionais e&hellip;\" \/>\n<meta property=\"og:url\" content=\"https:\/\/www.casadocuidar.org.br\/blog\/casa-do-cuidar-na-wef-uk\/\" \/>\n<meta property=\"og:site_name\" content=\"Casa do Cuidar\" \/>\n<meta property=\"article:published_time\" content=\"2017-02-03T16:25:51+00:00\" \/>\n<meta property=\"article:modified_time\" content=\"2018-04-17T17:42:25+00:00\" \/>\n<meta property=\"og:image\" content=\"https:\/\/www.casadocuidar.org.br\/website\/wp-content\/uploads\/2018\/04\/WEF-UK01.jpg\" \/>\n\t<meta property=\"og:image:width\" content=\"480\" \/>\n\t<meta property=\"og:image:height\" content=\"640\" \/>\n\t<meta property=\"og:image:type\" content=\"image\/jpeg\" \/>\n<meta name=\"author\" content=\"Casa do Cuidar\" \/>\n<meta name=\"twitter:card\" content=\"summary_large_image\" \/>\n<meta name=\"twitter:label1\" content=\"Written by\" \/>\n\t<meta name=\"twitter:data1\" content=\"Casa do Cuidar\" \/>\n\t<meta name=\"twitter:label2\" content=\"Est. reading time\" \/>\n\t<meta name=\"twitter:data2\" content=\"2 minutes\" \/>\n<script type=\"application\/ld+json\" class=\"yoast-schema-graph\">{\"@context\":\"https:\\\/\\\/schema.org\",\"@graph\":[{\"@type\":\"Article\",\"@id\":\"https:\\\/\\\/www.casadocuidar.org.br\\\/blog\\\/casa-do-cuidar-na-wef-uk\\\/#article\",\"isPartOf\":{\"@id\":\"https:\\\/\\\/www.casadocuidar.org.br\\\/blog\\\/casa-do-cuidar-na-wef-uk\\\/\"},\"author\":{\"name\":\"Casa do Cuidar\",\"@id\":\"https:\\\/\\\/www.casadocuidar.org.br\\\/#\\\/schema\\\/person\\\/5d8486dbe13a88a6dd6b40aea91d2c5b\"},\"headline\":\"Casa do Cuidar na WEF-UK\",\"datePublished\":\"2017-02-03T16:25:51+00:00\",\"dateModified\":\"2018-04-17T17:42:25+00:00\",\"mainEntityOfPage\":{\"@id\":\"https:\\\/\\\/www.casadocuidar.org.br\\\/blog\\\/casa-do-cuidar-na-wef-uk\\\/\"},\"wordCount\":367,\"commentCount\":0,\"publisher\":{\"@id\":\"https:\\\/\\\/www.casadocuidar.org.br\\\/#organization\"},\"image\":{\"@id\":\"https:\\\/\\\/www.casadocuidar.org.br\\\/blog\\\/casa-do-cuidar-na-wef-uk\\\/#primaryimage\"},\"thumbnailUrl\":\"https:\\\/\\\/www.casadocuidar.org.br\\\/website\\\/wp-content\\\/uploads\\\/2018\\\/04\\\/WEF-UK01.jpg\",\"articleSection\":[\"Blog\"],\"inLanguage\":\"en-US\",\"potentialAction\":[{\"@type\":\"CommentAction\",\"name\":\"Comment\",\"target\":[\"https:\\\/\\\/www.casadocuidar.org.br\\\/blog\\\/casa-do-cuidar-na-wef-uk\\\/#respond\"]}]},{\"@type\":\"WebPage\",\"@id\":\"https:\\\/\\\/www.casadocuidar.org.br\\\/blog\\\/casa-do-cuidar-na-wef-uk\\\/\",\"url\":\"https:\\\/\\\/www.casadocuidar.org.br\\\/blog\\\/casa-do-cuidar-na-wef-uk\\\/\",\"name\":\"Casa do Cuidar na WEF-UK - Casa do Cuidar\",\"isPartOf\":{\"@id\":\"https:\\\/\\\/www.casadocuidar.org.br\\\/#website\"},\"primaryImageOfPage\":{\"@id\":\"https:\\\/\\\/www.casadocuidar.org.br\\\/blog\\\/casa-do-cuidar-na-wef-uk\\\/#primaryimage\"},\"image\":{\"@id\":\"https:\\\/\\\/www.casadocuidar.org.br\\\/blog\\\/casa-do-cuidar-na-wef-uk\\\/#primaryimage\"},\"thumbnailUrl\":\"https:\\\/\\\/www.casadocuidar.org.br\\\/website\\\/wp-content\\\/uploads\\\/2018\\\/04\\\/WEF-UK01.jpg\",\"datePublished\":\"2017-02-03T16:25:51+00:00\",\"dateModified\":\"2018-04-17T17:42:25+00:00\",\"breadcrumb\":{\"@id\":\"https:\\\/\\\/www.casadocuidar.org.br\\\/blog\\\/casa-do-cuidar-na-wef-uk\\\/#breadcrumb\"},\"inLanguage\":\"en-US\",\"potentialAction\":[{\"@type\":\"ReadAction\",\"target\":[\"https:\\\/\\\/www.casadocuidar.org.br\\\/blog\\\/casa-do-cuidar-na-wef-uk\\\/\"]}]},{\"@type\":\"ImageObject\",\"inLanguage\":\"en-US\",\"@id\":\"https:\\\/\\\/www.casadocuidar.org.br\\\/blog\\\/casa-do-cuidar-na-wef-uk\\\/#primaryimage\",\"url\":\"https:\\\/\\\/www.casadocuidar.org.br\\\/website\\\/wp-content\\\/uploads\\\/2018\\\/04\\\/WEF-UK01.jpg\",\"contentUrl\":\"https:\\\/\\\/www.casadocuidar.org.br\\\/website\\\/wp-content\\\/uploads\\\/2018\\\/04\\\/WEF-UK01.jpg\",\"width\":480,\"height\":640},{\"@type\":\"BreadcrumbList\",\"@id\":\"https:\\\/\\\/www.casadocuidar.org.br\\\/blog\\\/casa-do-cuidar-na-wef-uk\\\/#breadcrumb\",\"itemListElement\":[{\"@type\":\"ListItem\",\"position\":1,\"name\":\"In\u00edcio\",\"item\":\"https:\\\/\\\/www.casadocuidar.org.br\\\/en\\\/\"},{\"@type\":\"ListItem\",\"position\":2,\"name\":\"Casa do Cuidar na WEF-UK\"}]},{\"@type\":\"WebSite\",\"@id\":\"https:\\\/\\\/www.casadocuidar.org.br\\\/#website\",\"url\":\"https:\\\/\\\/www.casadocuidar.org.br\\\/\",\"name\":\"Casa do Cuidar\",\"description\":\"Pr\u00e1tica e ensino em cuidados paliativos\",\"publisher\":{\"@id\":\"https:\\\/\\\/www.casadocuidar.org.br\\\/#organization\"},\"potentialAction\":[{\"@type\":\"SearchAction\",\"target\":{\"@type\":\"EntryPoint\",\"urlTemplate\":\"https:\\\/\\\/www.casadocuidar.org.br\\\/?s={search_term_string}\"},\"query-input\":{\"@type\":\"PropertyValueSpecification\",\"valueRequired\":true,\"valueName\":\"search_term_string\"}}],\"inLanguage\":\"en-US\"},{\"@type\":\"Organization\",\"@id\":\"https:\\\/\\\/www.casadocuidar.org.br\\\/#organization\",\"name\":\"Casa do Cuidar \u2013 Pr\u00e1tica e ensino em cuidados paliativos\",\"url\":\"https:\\\/\\\/www.casadocuidar.org.br\\\/\",\"logo\":{\"@type\":\"ImageObject\",\"inLanguage\":\"en-US\",\"@id\":\"https:\\\/\\\/www.casadocuidar.org.br\\\/#\\\/schema\\\/logo\\\/image\\\/\",\"url\":\"https:\\\/\\\/www.casadocuidar.org.br\\\/website\\\/wp-content\\\/uploads\\\/2018\\\/08\\\/casadocuidar-logoshare.png\",\"contentUrl\":\"https:\\\/\\\/www.casadocuidar.org.br\\\/website\\\/wp-content\\\/uploads\\\/2018\\\/08\\\/casadocuidar-logoshare.png\",\"width\":500,\"height\":500,\"caption\":\"Casa do Cuidar \u2013 Pr\u00e1tica e ensino em cuidados paliativos\"},\"image\":{\"@id\":\"https:\\\/\\\/www.casadocuidar.org.br\\\/#\\\/schema\\\/logo\\\/image\\\/\"}},{\"@type\":\"Person\",\"@id\":\"https:\\\/\\\/www.casadocuidar.org.br\\\/#\\\/schema\\\/person\\\/5d8486dbe13a88a6dd6b40aea91d2c5b\",\"name\":\"Casa do Cuidar\",\"image\":{\"@type\":\"ImageObject\",\"inLanguage\":\"en-US\",\"@id\":\"https:\\\/\\\/secure.gravatar.com\\\/avatar\\\/a541283949c7bab9ba4ffc45152502c19a06dfbcb0af94e6b46d94a21476ffae?s=96&d=mm&r=g\",\"url\":\"https:\\\/\\\/secure.gravatar.com\\\/avatar\\\/a541283949c7bab9ba4ffc45152502c19a06dfbcb0af94e6b46d94a21476ffae?s=96&d=mm&r=g\",\"contentUrl\":\"https:\\\/\\\/secure.gravatar.com\\\/avatar\\\/a541283949c7bab9ba4ffc45152502c19a06dfbcb0af94e6b46d94a21476ffae?s=96&d=mm&r=g\",\"caption\":\"Casa do Cuidar\"}}]}<\/script>\n<!-- \/ Yoast SEO plugin. -->","yoast_head_json":{"title":"Casa do Cuidar na WEF-UK - Casa do Cuidar","robots":{"index":"index","follow":"follow","max-snippet":"max-snippet:-1","max-image-preview":"max-image-preview:large","max-video-preview":"max-video-preview:-1"},"canonical":"https:\/\/www.casadocuidar.org.br\/blog\/casa-do-cuidar-na-wef-uk\/","og_locale":"en_US","og_type":"article","og_title":"Casa do Cuidar na WEF-UK - Casa do Cuidar","og_description":"Um desses dias que a gente n\u00e3o imagina que podem acontecer na vida. A abertura do evento contou com uma cerim\u00f4nia de acender 4 velas e uma ora\u00e7\u00e3o para Shiva (deus hindu, o &#8220;destruidor e regenerador&#8221; da energia vital, significa &#8220;o ben\u00e9fico&#8221;, aquele que faz o bem). O fato de ter os discursos tradicionais e&hellip;","og_url":"https:\/\/www.casadocuidar.org.br\/blog\/casa-do-cuidar-na-wef-uk\/","og_site_name":"Casa do Cuidar","article_published_time":"2017-02-03T16:25:51+00:00","article_modified_time":"2018-04-17T17:42:25+00:00","og_image":[{"width":480,"height":640,"url":"https:\/\/www.casadocuidar.org.br\/website\/wp-content\/uploads\/2018\/04\/WEF-UK01.jpg","type":"image\/jpeg"}],"author":"Casa do Cuidar","twitter_card":"summary_large_image","twitter_misc":{"Written by":"Casa do Cuidar","Est. reading time":"2 minutes"},"schema":{"@context":"https:\/\/schema.org","@graph":[{"@type":"Article","@id":"https:\/\/www.casadocuidar.org.br\/blog\/casa-do-cuidar-na-wef-uk\/#article","isPartOf":{"@id":"https:\/\/www.casadocuidar.org.br\/blog\/casa-do-cuidar-na-wef-uk\/"},"author":{"name":"Casa do Cuidar","@id":"https:\/\/www.casadocuidar.org.br\/#\/schema\/person\/5d8486dbe13a88a6dd6b40aea91d2c5b"},"headline":"Casa do Cuidar na WEF-UK","datePublished":"2017-02-03T16:25:51+00:00","dateModified":"2018-04-17T17:42:25+00:00","mainEntityOfPage":{"@id":"https:\/\/www.casadocuidar.org.br\/blog\/casa-do-cuidar-na-wef-uk\/"},"wordCount":367,"commentCount":0,"publisher":{"@id":"https:\/\/www.casadocuidar.org.br\/#organization"},"image":{"@id":"https:\/\/www.casadocuidar.org.br\/blog\/casa-do-cuidar-na-wef-uk\/#primaryimage"},"thumbnailUrl":"https:\/\/www.casadocuidar.org.br\/website\/wp-content\/uploads\/2018\/04\/WEF-UK01.jpg","articleSection":["Blog"],"inLanguage":"en-US","potentialAction":[{"@type":"CommentAction","name":"Comment","target":["https:\/\/www.casadocuidar.org.br\/blog\/casa-do-cuidar-na-wef-uk\/#respond"]}]},{"@type":"WebPage","@id":"https:\/\/www.casadocuidar.org.br\/blog\/casa-do-cuidar-na-wef-uk\/","url":"https:\/\/www.casadocuidar.org.br\/blog\/casa-do-cuidar-na-wef-uk\/","name":"Casa do Cuidar na WEF-UK - Casa do Cuidar","isPartOf":{"@id":"https:\/\/www.casadocuidar.org.br\/#website"},"primaryImageOfPage":{"@id":"https:\/\/www.casadocuidar.org.br\/blog\/casa-do-cuidar-na-wef-uk\/#primaryimage"},"image":{"@id":"https:\/\/www.casadocuidar.org.br\/blog\/casa-do-cuidar-na-wef-uk\/#primaryimage"},"thumbnailUrl":"https:\/\/www.casadocuidar.org.br\/website\/wp-content\/uploads\/2018\/04\/WEF-UK01.jpg","datePublished":"2017-02-03T16:25:51+00:00","dateModified":"2018-04-17T17:42:25+00:00","breadcrumb":{"@id":"https:\/\/www.casadocuidar.org.br\/blog\/casa-do-cuidar-na-wef-uk\/#breadcrumb"},"inLanguage":"en-US","potentialAction":[{"@type":"ReadAction","target":["https:\/\/www.casadocuidar.org.br\/blog\/casa-do-cuidar-na-wef-uk\/"]}]},{"@type":"ImageObject","inLanguage":"en-US","@id":"https:\/\/www.casadocuidar.org.br\/blog\/casa-do-cuidar-na-wef-uk\/#primaryimage","url":"https:\/\/www.casadocuidar.org.br\/website\/wp-content\/uploads\/2018\/04\/WEF-UK01.jpg","contentUrl":"https:\/\/www.casadocuidar.org.br\/website\/wp-content\/uploads\/2018\/04\/WEF-UK01.jpg","width":480,"height":640},{"@type":"BreadcrumbList","@id":"https:\/\/www.casadocuidar.org.br\/blog\/casa-do-cuidar-na-wef-uk\/#breadcrumb","itemListElement":[{"@type":"ListItem","position":1,"name":"In\u00edcio","item":"https:\/\/www.casadocuidar.org.br\/en\/"},{"@type":"ListItem","position":2,"name":"Casa do Cuidar na WEF-UK"}]},{"@type":"WebSite","@id":"https:\/\/www.casadocuidar.org.br\/#website","url":"https:\/\/www.casadocuidar.org.br\/","name":"Casa do Cuidar","description":"Pr\u00e1tica e ensino em cuidados paliativos","publisher":{"@id":"https:\/\/www.casadocuidar.org.br\/#organization"},"potentialAction":[{"@type":"SearchAction","target":{"@type":"EntryPoint","urlTemplate":"https:\/\/www.casadocuidar.org.br\/?s={search_term_string}"},"query-input":{"@type":"PropertyValueSpecification","valueRequired":true,"valueName":"search_term_string"}}],"inLanguage":"en-US"},{"@type":"Organization","@id":"https:\/\/www.casadocuidar.org.br\/#organization","name":"Casa do Cuidar \u2013 Pr\u00e1tica e ensino em cuidados paliativos","url":"https:\/\/www.casadocuidar.org.br\/","logo":{"@type":"ImageObject","inLanguage":"en-US","@id":"https:\/\/www.casadocuidar.org.br\/#\/schema\/logo\/image\/","url":"https:\/\/www.casadocuidar.org.br\/website\/wp-content\/uploads\/2018\/08\/casadocuidar-logoshare.png","contentUrl":"https:\/\/www.casadocuidar.org.br\/website\/wp-content\/uploads\/2018\/08\/casadocuidar-logoshare.png","width":500,"height":500,"caption":"Casa do Cuidar \u2013 Pr\u00e1tica e ensino em cuidados paliativos"},"image":{"@id":"https:\/\/www.casadocuidar.org.br\/#\/schema\/logo\/image\/"}},{"@type":"Person","@id":"https:\/\/www.casadocuidar.org.br\/#\/schema\/person\/5d8486dbe13a88a6dd6b40aea91d2c5b","name":"Casa do Cuidar","image":{"@type":"ImageObject","inLanguage":"en-US","@id":"https:\/\/secure.gravatar.com\/avatar\/a541283949c7bab9ba4ffc45152502c19a06dfbcb0af94e6b46d94a21476ffae?s=96&d=mm&r=g","url":"https:\/\/secure.gravatar.com\/avatar\/a541283949c7bab9ba4ffc45152502c19a06dfbcb0af94e6b46d94a21476ffae?s=96&d=mm&r=g","contentUrl":"https:\/\/secure.gravatar.com\/avatar\/a541283949c7bab9ba4ffc45152502c19a06dfbcb0af94e6b46d94a21476ffae?s=96&d=mm&r=g","caption":"Casa do Cuidar"}}]}},"_links":{"self":[{"href":"https:\/\/www.casadocuidar.org.br\/en\/wp-json\/wp\/v2\/posts\/300","targetHints":{"allow":["GET"]}}],"collection":[{"href":"https:\/\/www.casadocuidar.org.br\/en\/wp-json\/wp\/v2\/posts"}],"about":[{"href":"https:\/\/www.casadocuidar.org.br\/en\/wp-json\/wp\/v2\/types\/post"}],"author":[{"embeddable":true,"href":"https:\/\/www.casadocuidar.org.br\/en\/wp-json\/wp\/v2\/users\/1"}],"replies":[{"embeddable":true,"href":"https:\/\/www.casadocuidar.org.br\/en\/wp-json\/wp\/v2\/comments?post=300"}],"version-history":[{"count":0,"href":"https:\/\/www.casadocuidar.org.br\/en\/wp-json\/wp\/v2\/posts\/300\/revisions"}],"wp:featuredmedia":[{"embeddable":true,"href":"https:\/\/www.casadocuidar.org.br\/en\/wp-json\/wp\/v2\/media\/301"}],"wp:attachment":[{"href":"https:\/\/www.casadocuidar.org.br\/en\/wp-json\/wp\/v2\/media?parent=300"}],"wp:term":[{"taxonomy":"category","embeddable":true,"href":"https:\/\/www.casadocuidar.org.br\/en\/wp-json\/wp\/v2\/categories?post=300"},{"taxonomy":"post_tag","embeddable":true,"href":"https:\/\/www.casadocuidar.org.br\/en\/wp-json\/wp\/v2\/tags?post=300"}],"curies":[{"name":"wp","href":"https:\/\/api.w.org\/{rel}","templated":true}]}}