{"id":250,"date":"2017-03-20T09:58:54","date_gmt":"2017-03-20T12:58:54","guid":{"rendered":"https:\/\/www.casadocuidar.org.br\/website\/?p=250"},"modified":"2018-04-17T12:04:59","modified_gmt":"2018-04-17T15:04:59","slug":"direto-do-tunel-do-tempo-comemorando-10-anos-da-casa-do-cuidar","status":"publish","type":"post","link":"https:\/\/www.casadocuidar.org.br\/en\/blog\/direto-do-tunel-do-tempo-comemorando-10-anos-da-casa-do-cuidar\/","title":{"rendered":"Direto do T\u00fanel do tempo&#8230; comemorando 10 anos da Casa do Cuidar"},"content":{"rendered":"<p>Seguimos lembrando e compartilhando lembran\u00e7as&#8230;<\/p>\n<p>Cada turma cria uma din\u00e2mica diferente e cada um traz um olhar que enriquece o aprendizado.<\/p>\n<p><a href=\"https:\/\/www.casadocuidar.org.br\/website\/wp-content\/uploads\/2018\/04\/10anos-1.jpg\"><img fetchpriority=\"high\" decoding=\"async\" class=\"alignnone wp-image-251 size-medium\" src=\"https:\/\/www.casadocuidar.org.br\/website\/wp-content\/uploads\/2018\/04\/10anos-1-300x225.jpg\" alt=\"\" width=\"300\" height=\"225\" srcset=\"https:\/\/www.casadocuidar.org.br\/website\/wp-content\/uploads\/2018\/04\/10anos-1-300x225.jpg 300w, https:\/\/www.casadocuidar.org.br\/website\/wp-content\/uploads\/2018\/04\/10anos-1-600x450.jpg 600w, https:\/\/www.casadocuidar.org.br\/website\/wp-content\/uploads\/2018\/04\/10anos-1-768x576.jpg 768w, https:\/\/www.casadocuidar.org.br\/website\/wp-content\/uploads\/2018\/04\/10anos-1-1024x768.jpg 1024w, https:\/\/www.casadocuidar.org.br\/website\/wp-content\/uploads\/2018\/04\/10anos-1.jpg 1600w\" sizes=\"(max-width: 300px) 100vw, 300px\" \/><\/a><\/p>\n<p><a href=\"https:\/\/www.casadocuidar.org.br\/website\/wp-content\/uploads\/2018\/04\/10anos-2.jpg\"><img decoding=\"async\" class=\"alignnone wp-image-252 size-medium\" src=\"https:\/\/www.casadocuidar.org.br\/website\/wp-content\/uploads\/2018\/04\/10anos-2-300x225.jpg\" alt=\"\" width=\"300\" height=\"225\" srcset=\"https:\/\/www.casadocuidar.org.br\/website\/wp-content\/uploads\/2018\/04\/10anos-2-300x225.jpg 300w, https:\/\/www.casadocuidar.org.br\/website\/wp-content\/uploads\/2018\/04\/10anos-2-600x450.jpg 600w, https:\/\/www.casadocuidar.org.br\/website\/wp-content\/uploads\/2018\/04\/10anos-2-768x576.jpg 768w, https:\/\/www.casadocuidar.org.br\/website\/wp-content\/uploads\/2018\/04\/10anos-2-1024x768.jpg 1024w, https:\/\/www.casadocuidar.org.br\/website\/wp-content\/uploads\/2018\/04\/10anos-2.jpg 1600w\" sizes=\"(max-width: 300px) 100vw, 300px\" \/><\/a><\/p>\n<p>A oportunidade de fazer uma turma do Curso Avan\u00e7ado Multiprofissional durante a semana aconteceu no ano de 2012, quando o Hospice do HC do Ja\u00e7ana fez uma parceria conosco. Ter\u00e7as-feiras de tarde era o dia de encontrar o pessoal. Foi o ano que tivemos mais enfermeiras em nosso curso. Nessa foto acima voc\u00ea pode ver o Jo\u00e3o Signorelli cercado da mulherada!! rsrs<br \/>\nChi Kung, Cuidando de Quem Cuida.<\/p>\n<p>Abaixo a turma de 2014 em aula da M\u00f4nica sobre comunica\u00e7\u00e3o. E o pessoal com o maior cuidado com o p\u00e9 imobilizado da Beth! \ud83d\ude42<\/p>\n<p><a class=\"dt-pswp-item\" href=\"https:\/\/www.casadocuidar.org.br\/website\/wp-content\/uploads\/2018\/04\/10anos-3.jpg\" data-dt-img-description=\"\" data-large_image_width=\"1600\" data-large_image_height=\"900\"><img decoding=\"async\" class=\"alignnone size-medium wp-image-253\" src=\"https:\/\/www.casadocuidar.org.br\/website\/wp-content\/uploads\/2018\/04\/10anos-3-300x169.jpg\" alt=\"\" width=\"300\" height=\"169\" srcset=\"https:\/\/www.casadocuidar.org.br\/website\/wp-content\/uploads\/2018\/04\/10anos-3-300x169.jpg 300w, https:\/\/www.casadocuidar.org.br\/website\/wp-content\/uploads\/2018\/04\/10anos-3-600x338.jpg 600w, https:\/\/www.casadocuidar.org.br\/website\/wp-content\/uploads\/2018\/04\/10anos-3-768x432.jpg 768w, https:\/\/www.casadocuidar.org.br\/website\/wp-content\/uploads\/2018\/04\/10anos-3-1024x576.jpg 1024w, https:\/\/www.casadocuidar.org.br\/website\/wp-content\/uploads\/2018\/04\/10anos-3.jpg 1600w\" sizes=\"(max-width: 300px) 100vw, 300px\" \/><\/a><\/p>\n<p><a class=\"dt-pswp-item\" href=\"https:\/\/www.casadocuidar.org.br\/website\/wp-content\/uploads\/2018\/04\/10anos-4.jpg\" data-dt-img-description=\"\" data-large_image_width=\"1600\" data-large_image_height=\"900\"><img loading=\"lazy\" decoding=\"async\" class=\"alignnone size-medium wp-image-254\" src=\"https:\/\/www.casadocuidar.org.br\/website\/wp-content\/uploads\/2018\/04\/10anos-4-300x169.jpg\" alt=\"\" width=\"300\" height=\"169\" srcset=\"https:\/\/www.casadocuidar.org.br\/website\/wp-content\/uploads\/2018\/04\/10anos-4-300x169.jpg 300w, https:\/\/www.casadocuidar.org.br\/website\/wp-content\/uploads\/2018\/04\/10anos-4-600x338.jpg 600w, https:\/\/www.casadocuidar.org.br\/website\/wp-content\/uploads\/2018\/04\/10anos-4-768x432.jpg 768w, https:\/\/www.casadocuidar.org.br\/website\/wp-content\/uploads\/2018\/04\/10anos-4-1024x576.jpg 1024w, https:\/\/www.casadocuidar.org.br\/website\/wp-content\/uploads\/2018\/04\/10anos-4.jpg 1600w\" sizes=\"(max-width: 300px) 100vw, 300px\" \/><\/a><\/p>\n<p><a class=\"dt-pswp-item\" href=\"https:\/\/www.casadocuidar.org.br\/website\/wp-content\/uploads\/2018\/04\/10nos-5.jpg\" data-dt-img-description=\"\" data-large_image_width=\"1600\" data-large_image_height=\"900\"><img loading=\"lazy\" decoding=\"async\" class=\"alignnone size-medium wp-image-255\" src=\"https:\/\/www.casadocuidar.org.br\/website\/wp-content\/uploads\/2018\/04\/10nos-5-300x169.jpg\" alt=\"\" width=\"300\" height=\"169\" srcset=\"https:\/\/www.casadocuidar.org.br\/website\/wp-content\/uploads\/2018\/04\/10nos-5-300x169.jpg 300w, https:\/\/www.casadocuidar.org.br\/website\/wp-content\/uploads\/2018\/04\/10nos-5-600x338.jpg 600w, https:\/\/www.casadocuidar.org.br\/website\/wp-content\/uploads\/2018\/04\/10nos-5-768x432.jpg 768w, https:\/\/www.casadocuidar.org.br\/website\/wp-content\/uploads\/2018\/04\/10nos-5-1024x576.jpg 1024w, https:\/\/www.casadocuidar.org.br\/website\/wp-content\/uploads\/2018\/04\/10nos-5.jpg 1600w\" sizes=\"(max-width: 300px) 100vw, 300px\" \/><\/a><\/p>\n<p>Ah! Que del\u00edcia foi esse dia com a Gra\u00e7a!!! \u00daltimo m\u00f3dulo e convidamos alguns dos pioneiros brasileiros para contarem suas hist\u00f3rias.<\/p>\n<p><a class=\"dt-pswp-item\" href=\"https:\/\/www.casadocuidar.org.br\/website\/wp-content\/uploads\/2018\/04\/10anos-6.jpg\" data-dt-img-description=\"\" data-large_image_width=\"1600\" data-large_image_height=\"900\"><img loading=\"lazy\" decoding=\"async\" class=\"alignnone size-medium wp-image-256\" src=\"https:\/\/www.casadocuidar.org.br\/website\/wp-content\/uploads\/2018\/04\/10anos-6-300x169.jpg\" alt=\"\" width=\"300\" height=\"169\" srcset=\"https:\/\/www.casadocuidar.org.br\/website\/wp-content\/uploads\/2018\/04\/10anos-6-300x169.jpg 300w, https:\/\/www.casadocuidar.org.br\/website\/wp-content\/uploads\/2018\/04\/10anos-6-600x338.jpg 600w, https:\/\/www.casadocuidar.org.br\/website\/wp-content\/uploads\/2018\/04\/10anos-6-768x432.jpg 768w, https:\/\/www.casadocuidar.org.br\/website\/wp-content\/uploads\/2018\/04\/10anos-6-1024x576.jpg 1024w, https:\/\/www.casadocuidar.org.br\/website\/wp-content\/uploads\/2018\/04\/10anos-6.jpg 1600w\" sizes=\"(max-width: 300px) 100vw, 300px\" \/><\/a><\/p>\n<p>Eu conheci a Patricia Pecoraro (respons\u00e1vel pelo voluntariado) em 1994 quando estava fazendo trabalho volunt\u00e1rio no GRAACC. Passou um tempo at\u00e9 a gente se reencontrar em 2013!<\/p>\n<p>Nesse dia a Fernanda Di Lione palestrou sobre luto do profissional de sa\u00fade. Abaixo o pessoal do GRAACC com a Carlota (respons\u00e1vel pelos Cuidados paliativos). Foi com ela que a gente conversou para levar o CDQC pra l\u00e1, e foi uma experi\u00eancia maravilhosa!<\/p>\n<p>&nbsp;<\/p>\n<p><a class=\"dt-pswp-item\" href=\"https:\/\/www.casadocuidar.org.br\/website\/wp-content\/uploads\/2018\/04\/10nos-7.jpg\" data-dt-img-description=\"\" data-large_image_width=\"1600\" data-large_image_height=\"900\"><img loading=\"lazy\" decoding=\"async\" class=\"alignnone wp-image-257 size-medium\" src=\"https:\/\/www.casadocuidar.org.br\/website\/wp-content\/uploads\/2018\/04\/10nos-7-300x169.jpg\" alt=\"\" width=\"300\" height=\"169\" srcset=\"https:\/\/www.casadocuidar.org.br\/website\/wp-content\/uploads\/2018\/04\/10nos-7-300x169.jpg 300w, https:\/\/www.casadocuidar.org.br\/website\/wp-content\/uploads\/2018\/04\/10nos-7-600x338.jpg 600w, https:\/\/www.casadocuidar.org.br\/website\/wp-content\/uploads\/2018\/04\/10nos-7-768x432.jpg 768w, https:\/\/www.casadocuidar.org.br\/website\/wp-content\/uploads\/2018\/04\/10nos-7-1024x576.jpg 1024w, https:\/\/www.casadocuidar.org.br\/website\/wp-content\/uploads\/2018\/04\/10nos-7.jpg 1600w\" sizes=\"(max-width: 300px) 100vw, 300px\" \/><\/a><\/p>\n<p><a class=\"dt-pswp-item\" href=\"https:\/\/www.casadocuidar.org.br\/website\/wp-content\/uploads\/2018\/04\/10anos-8.jpg\" data-dt-img-description=\"\" data-large_image_width=\"1600\" data-large_image_height=\"900\"><img loading=\"lazy\" decoding=\"async\" class=\"alignnone size-medium wp-image-258\" src=\"https:\/\/www.casadocuidar.org.br\/website\/wp-content\/uploads\/2018\/04\/10anos-8-300x169.jpg\" alt=\"\" width=\"300\" height=\"169\" srcset=\"https:\/\/www.casadocuidar.org.br\/website\/wp-content\/uploads\/2018\/04\/10anos-8-300x169.jpg 300w, https:\/\/www.casadocuidar.org.br\/website\/wp-content\/uploads\/2018\/04\/10anos-8-600x338.jpg 600w, https:\/\/www.casadocuidar.org.br\/website\/wp-content\/uploads\/2018\/04\/10anos-8-768x432.jpg 768w, https:\/\/www.casadocuidar.org.br\/website\/wp-content\/uploads\/2018\/04\/10anos-8-1024x576.jpg 1024w, https:\/\/www.casadocuidar.org.br\/website\/wp-content\/uploads\/2018\/04\/10anos-8.jpg 1600w\" sizes=\"(max-width: 300px) 100vw, 300px\" \/><\/a><\/p>\n<p>Bom demais ter gente boa na nossa Casa!!! Queridos Daniel e Sandra!!<\/p>\n","protected":false},"excerpt":{"rendered":"<p>Seguimos lembrando e compartilhando lembran\u00e7as&#8230; Cada turma cria uma din\u00e2mica diferente e cada um traz um olhar que enriquece o aprendizado. A oportunidade de fazer uma turma do Curso Avan\u00e7ado Multiprofissional durante a semana aconteceu no ano de 2012, quando o Hospice do HC do Ja\u00e7ana fez uma parceria conosco. Ter\u00e7as-feiras de tarde era o&hellip;<\/p>\n","protected":false},"author":1,"featured_media":257,"comment_status":"open","ping_status":"closed","sticky":false,"template":"","format":"standard","meta":{"_acf_changed":false,"footnotes":""},"categories":[23],"tags":[],"class_list":["post-250","post","type-post","status-publish","format-standard","has-post-thumbnail","hentry","category-blog","category-23","description-off"],"acf":[],"yoast_head":"<!-- This site is optimized with the Yoast SEO plugin v27.5 - https:\/\/yoast.com\/product\/yoast-seo-wordpress\/ -->\n<title>Direto do T\u00fanel do tempo... comemorando 10 anos da Casa do Cuidar - Casa do Cuidar<\/title>\n<meta name=\"robots\" content=\"index, follow, max-snippet:-1, max-image-preview:large, max-video-preview:-1\" \/>\n<link rel=\"canonical\" href=\"https:\/\/www.casadocuidar.org.br\/blog\/direto-do-tunel-do-tempo-comemorando-10-anos-da-casa-do-cuidar\/\" \/>\n<meta property=\"og:locale\" content=\"en_US\" \/>\n<meta property=\"og:type\" content=\"article\" \/>\n<meta property=\"og:title\" content=\"Direto do T\u00fanel do tempo... comemorando 10 anos da Casa do Cuidar - Casa do Cuidar\" \/>\n<meta property=\"og:description\" content=\"Seguimos lembrando e compartilhando lembran\u00e7as&#8230; Cada turma cria uma din\u00e2mica diferente e cada um traz um olhar que enriquece o aprendizado. A oportunidade de fazer uma turma do Curso Avan\u00e7ado Multiprofissional durante a semana aconteceu no ano de 2012, quando o Hospice do HC do Ja\u00e7ana fez uma parceria conosco. Ter\u00e7as-feiras de tarde era o&hellip;\" \/>\n<meta property=\"og:url\" content=\"https:\/\/www.casadocuidar.org.br\/blog\/direto-do-tunel-do-tempo-comemorando-10-anos-da-casa-do-cuidar\/\" \/>\n<meta property=\"og:site_name\" content=\"Casa do Cuidar\" \/>\n<meta property=\"article:published_time\" content=\"2017-03-20T12:58:54+00:00\" \/>\n<meta property=\"article:modified_time\" content=\"2018-04-17T15:04:59+00:00\" \/>\n<meta property=\"og:image\" content=\"https:\/\/www.casadocuidar.org.br\/website\/wp-content\/uploads\/2018\/04\/10nos-7.jpg\" \/>\n\t<meta property=\"og:image:width\" content=\"1600\" \/>\n\t<meta property=\"og:image:height\" content=\"900\" \/>\n\t<meta property=\"og:image:type\" content=\"image\/jpeg\" \/>\n<meta name=\"author\" content=\"Casa do Cuidar\" \/>\n<meta name=\"twitter:card\" content=\"summary_large_image\" \/>\n<meta name=\"twitter:label1\" content=\"Written by\" \/>\n\t<meta name=\"twitter:data1\" content=\"Casa do Cuidar\" \/>\n\t<meta name=\"twitter:label2\" content=\"Est. reading time\" \/>\n\t<meta name=\"twitter:data2\" content=\"1 minute\" \/>\n<script type=\"application\/ld+json\" class=\"yoast-schema-graph\">{\"@context\":\"https:\\\/\\\/schema.org\",\"@graph\":[{\"@type\":\"Article\",\"@id\":\"https:\\\/\\\/www.casadocuidar.org.br\\\/blog\\\/direto-do-tunel-do-tempo-comemorando-10-anos-da-casa-do-cuidar\\\/#article\",\"isPartOf\":{\"@id\":\"https:\\\/\\\/www.casadocuidar.org.br\\\/blog\\\/direto-do-tunel-do-tempo-comemorando-10-anos-da-casa-do-cuidar\\\/\"},\"author\":{\"name\":\"Casa do Cuidar\",\"@id\":\"https:\\\/\\\/www.casadocuidar.org.br\\\/#\\\/schema\\\/person\\\/5d8486dbe13a88a6dd6b40aea91d2c5b\"},\"headline\":\"Direto do T\u00fanel do tempo&#8230; comemorando 10 anos da Casa do Cuidar\",\"datePublished\":\"2017-03-20T12:58:54+00:00\",\"dateModified\":\"2018-04-17T15:04:59+00:00\",\"mainEntityOfPage\":{\"@id\":\"https:\\\/\\\/www.casadocuidar.org.br\\\/blog\\\/direto-do-tunel-do-tempo-comemorando-10-anos-da-casa-do-cuidar\\\/\"},\"wordCount\":243,\"commentCount\":0,\"publisher\":{\"@id\":\"https:\\\/\\\/www.casadocuidar.org.br\\\/#organization\"},\"image\":{\"@id\":\"https:\\\/\\\/www.casadocuidar.org.br\\\/blog\\\/direto-do-tunel-do-tempo-comemorando-10-anos-da-casa-do-cuidar\\\/#primaryimage\"},\"thumbnailUrl\":\"https:\\\/\\\/www.casadocuidar.org.br\\\/website\\\/wp-content\\\/uploads\\\/2018\\\/04\\\/10nos-7.jpg\",\"articleSection\":[\"Blog\"],\"inLanguage\":\"en-US\",\"potentialAction\":[{\"@type\":\"CommentAction\",\"name\":\"Comment\",\"target\":[\"https:\\\/\\\/www.casadocuidar.org.br\\\/blog\\\/direto-do-tunel-do-tempo-comemorando-10-anos-da-casa-do-cuidar\\\/#respond\"]}]},{\"@type\":\"WebPage\",\"@id\":\"https:\\\/\\\/www.casadocuidar.org.br\\\/blog\\\/direto-do-tunel-do-tempo-comemorando-10-anos-da-casa-do-cuidar\\\/\",\"url\":\"https:\\\/\\\/www.casadocuidar.org.br\\\/blog\\\/direto-do-tunel-do-tempo-comemorando-10-anos-da-casa-do-cuidar\\\/\",\"name\":\"Direto do T\u00fanel do tempo... comemorando 10 anos da Casa do Cuidar - Casa do Cuidar\",\"isPartOf\":{\"@id\":\"https:\\\/\\\/www.casadocuidar.org.br\\\/#website\"},\"primaryImageOfPage\":{\"@id\":\"https:\\\/\\\/www.casadocuidar.org.br\\\/blog\\\/direto-do-tunel-do-tempo-comemorando-10-anos-da-casa-do-cuidar\\\/#primaryimage\"},\"image\":{\"@id\":\"https:\\\/\\\/www.casadocuidar.org.br\\\/blog\\\/direto-do-tunel-do-tempo-comemorando-10-anos-da-casa-do-cuidar\\\/#primaryimage\"},\"thumbnailUrl\":\"https:\\\/\\\/www.casadocuidar.org.br\\\/website\\\/wp-content\\\/uploads\\\/2018\\\/04\\\/10nos-7.jpg\",\"datePublished\":\"2017-03-20T12:58:54+00:00\",\"dateModified\":\"2018-04-17T15:04:59+00:00\",\"breadcrumb\":{\"@id\":\"https:\\\/\\\/www.casadocuidar.org.br\\\/blog\\\/direto-do-tunel-do-tempo-comemorando-10-anos-da-casa-do-cuidar\\\/#breadcrumb\"},\"inLanguage\":\"en-US\",\"potentialAction\":[{\"@type\":\"ReadAction\",\"target\":[\"https:\\\/\\\/www.casadocuidar.org.br\\\/blog\\\/direto-do-tunel-do-tempo-comemorando-10-anos-da-casa-do-cuidar\\\/\"]}]},{\"@type\":\"ImageObject\",\"inLanguage\":\"en-US\",\"@id\":\"https:\\\/\\\/www.casadocuidar.org.br\\\/blog\\\/direto-do-tunel-do-tempo-comemorando-10-anos-da-casa-do-cuidar\\\/#primaryimage\",\"url\":\"https:\\\/\\\/www.casadocuidar.org.br\\\/website\\\/wp-content\\\/uploads\\\/2018\\\/04\\\/10nos-7.jpg\",\"contentUrl\":\"https:\\\/\\\/www.casadocuidar.org.br\\\/website\\\/wp-content\\\/uploads\\\/2018\\\/04\\\/10nos-7.jpg\",\"width\":1600,\"height\":900},{\"@type\":\"BreadcrumbList\",\"@id\":\"https:\\\/\\\/www.casadocuidar.org.br\\\/blog\\\/direto-do-tunel-do-tempo-comemorando-10-anos-da-casa-do-cuidar\\\/#breadcrumb\",\"itemListElement\":[{\"@type\":\"ListItem\",\"position\":1,\"name\":\"In\u00edcio\",\"item\":\"https:\\\/\\\/www.casadocuidar.org.br\\\/en\\\/\"},{\"@type\":\"ListItem\",\"position\":2,\"name\":\"Direto do T\u00fanel do tempo&#8230; comemorando 10 anos da Casa do Cuidar\"}]},{\"@type\":\"WebSite\",\"@id\":\"https:\\\/\\\/www.casadocuidar.org.br\\\/#website\",\"url\":\"https:\\\/\\\/www.casadocuidar.org.br\\\/\",\"name\":\"Casa do Cuidar\",\"description\":\"Pr\u00e1tica e ensino em cuidados paliativos\",\"publisher\":{\"@id\":\"https:\\\/\\\/www.casadocuidar.org.br\\\/#organization\"},\"potentialAction\":[{\"@type\":\"SearchAction\",\"target\":{\"@type\":\"EntryPoint\",\"urlTemplate\":\"https:\\\/\\\/www.casadocuidar.org.br\\\/?s={search_term_string}\"},\"query-input\":{\"@type\":\"PropertyValueSpecification\",\"valueRequired\":true,\"valueName\":\"search_term_string\"}}],\"inLanguage\":\"en-US\"},{\"@type\":\"Organization\",\"@id\":\"https:\\\/\\\/www.casadocuidar.org.br\\\/#organization\",\"name\":\"Casa do Cuidar \u2013 Pr\u00e1tica e ensino em cuidados paliativos\",\"url\":\"https:\\\/\\\/www.casadocuidar.org.br\\\/\",\"logo\":{\"@type\":\"ImageObject\",\"inLanguage\":\"en-US\",\"@id\":\"https:\\\/\\\/www.casadocuidar.org.br\\\/#\\\/schema\\\/logo\\\/image\\\/\",\"url\":\"https:\\\/\\\/www.casadocuidar.org.br\\\/website\\\/wp-content\\\/uploads\\\/2018\\\/08\\\/casadocuidar-logoshare.png\",\"contentUrl\":\"https:\\\/\\\/www.casadocuidar.org.br\\\/website\\\/wp-content\\\/uploads\\\/2018\\\/08\\\/casadocuidar-logoshare.png\",\"width\":500,\"height\":500,\"caption\":\"Casa do Cuidar \u2013 Pr\u00e1tica e ensino em cuidados paliativos\"},\"image\":{\"@id\":\"https:\\\/\\\/www.casadocuidar.org.br\\\/#\\\/schema\\\/logo\\\/image\\\/\"}},{\"@type\":\"Person\",\"@id\":\"https:\\\/\\\/www.casadocuidar.org.br\\\/#\\\/schema\\\/person\\\/5d8486dbe13a88a6dd6b40aea91d2c5b\",\"name\":\"Casa do Cuidar\",\"image\":{\"@type\":\"ImageObject\",\"inLanguage\":\"en-US\",\"@id\":\"https:\\\/\\\/secure.gravatar.com\\\/avatar\\\/a541283949c7bab9ba4ffc45152502c19a06dfbcb0af94e6b46d94a21476ffae?s=96&d=mm&r=g\",\"url\":\"https:\\\/\\\/secure.gravatar.com\\\/avatar\\\/a541283949c7bab9ba4ffc45152502c19a06dfbcb0af94e6b46d94a21476ffae?s=96&d=mm&r=g\",\"contentUrl\":\"https:\\\/\\\/secure.gravatar.com\\\/avatar\\\/a541283949c7bab9ba4ffc45152502c19a06dfbcb0af94e6b46d94a21476ffae?s=96&d=mm&r=g\",\"caption\":\"Casa do Cuidar\"}}]}<\/script>\n<!-- \/ Yoast SEO plugin. -->","yoast_head_json":{"title":"Direto do T\u00fanel do tempo... comemorando 10 anos da Casa do Cuidar - Casa do Cuidar","robots":{"index":"index","follow":"follow","max-snippet":"max-snippet:-1","max-image-preview":"max-image-preview:large","max-video-preview":"max-video-preview:-1"},"canonical":"https:\/\/www.casadocuidar.org.br\/blog\/direto-do-tunel-do-tempo-comemorando-10-anos-da-casa-do-cuidar\/","og_locale":"en_US","og_type":"article","og_title":"Direto do T\u00fanel do tempo... comemorando 10 anos da Casa do Cuidar - Casa do Cuidar","og_description":"Seguimos lembrando e compartilhando lembran\u00e7as&#8230; Cada turma cria uma din\u00e2mica diferente e cada um traz um olhar que enriquece o aprendizado. A oportunidade de fazer uma turma do Curso Avan\u00e7ado Multiprofissional durante a semana aconteceu no ano de 2012, quando o Hospice do HC do Ja\u00e7ana fez uma parceria conosco. Ter\u00e7as-feiras de tarde era o&hellip;","og_url":"https:\/\/www.casadocuidar.org.br\/blog\/direto-do-tunel-do-tempo-comemorando-10-anos-da-casa-do-cuidar\/","og_site_name":"Casa do Cuidar","article_published_time":"2017-03-20T12:58:54+00:00","article_modified_time":"2018-04-17T15:04:59+00:00","og_image":[{"width":1600,"height":900,"url":"https:\/\/www.casadocuidar.org.br\/website\/wp-content\/uploads\/2018\/04\/10nos-7.jpg","type":"image\/jpeg"}],"author":"Casa do Cuidar","twitter_card":"summary_large_image","twitter_misc":{"Written by":"Casa do Cuidar","Est. reading time":"1 minute"},"schema":{"@context":"https:\/\/schema.org","@graph":[{"@type":"Article","@id":"https:\/\/www.casadocuidar.org.br\/blog\/direto-do-tunel-do-tempo-comemorando-10-anos-da-casa-do-cuidar\/#article","isPartOf":{"@id":"https:\/\/www.casadocuidar.org.br\/blog\/direto-do-tunel-do-tempo-comemorando-10-anos-da-casa-do-cuidar\/"},"author":{"name":"Casa do Cuidar","@id":"https:\/\/www.casadocuidar.org.br\/#\/schema\/person\/5d8486dbe13a88a6dd6b40aea91d2c5b"},"headline":"Direto do T\u00fanel do tempo&#8230; comemorando 10 anos da Casa do Cuidar","datePublished":"2017-03-20T12:58:54+00:00","dateModified":"2018-04-17T15:04:59+00:00","mainEntityOfPage":{"@id":"https:\/\/www.casadocuidar.org.br\/blog\/direto-do-tunel-do-tempo-comemorando-10-anos-da-casa-do-cuidar\/"},"wordCount":243,"commentCount":0,"publisher":{"@id":"https:\/\/www.casadocuidar.org.br\/#organization"},"image":{"@id":"https:\/\/www.casadocuidar.org.br\/blog\/direto-do-tunel-do-tempo-comemorando-10-anos-da-casa-do-cuidar\/#primaryimage"},"thumbnailUrl":"https:\/\/www.casadocuidar.org.br\/website\/wp-content\/uploads\/2018\/04\/10nos-7.jpg","articleSection":["Blog"],"inLanguage":"en-US","potentialAction":[{"@type":"CommentAction","name":"Comment","target":["https:\/\/www.casadocuidar.org.br\/blog\/direto-do-tunel-do-tempo-comemorando-10-anos-da-casa-do-cuidar\/#respond"]}]},{"@type":"WebPage","@id":"https:\/\/www.casadocuidar.org.br\/blog\/direto-do-tunel-do-tempo-comemorando-10-anos-da-casa-do-cuidar\/","url":"https:\/\/www.casadocuidar.org.br\/blog\/direto-do-tunel-do-tempo-comemorando-10-anos-da-casa-do-cuidar\/","name":"Direto do T\u00fanel do tempo... comemorando 10 anos da Casa do Cuidar - Casa do Cuidar","isPartOf":{"@id":"https:\/\/www.casadocuidar.org.br\/#website"},"primaryImageOfPage":{"@id":"https:\/\/www.casadocuidar.org.br\/blog\/direto-do-tunel-do-tempo-comemorando-10-anos-da-casa-do-cuidar\/#primaryimage"},"image":{"@id":"https:\/\/www.casadocuidar.org.br\/blog\/direto-do-tunel-do-tempo-comemorando-10-anos-da-casa-do-cuidar\/#primaryimage"},"thumbnailUrl":"https:\/\/www.casadocuidar.org.br\/website\/wp-content\/uploads\/2018\/04\/10nos-7.jpg","datePublished":"2017-03-20T12:58:54+00:00","dateModified":"2018-04-17T15:04:59+00:00","breadcrumb":{"@id":"https:\/\/www.casadocuidar.org.br\/blog\/direto-do-tunel-do-tempo-comemorando-10-anos-da-casa-do-cuidar\/#breadcrumb"},"inLanguage":"en-US","potentialAction":[{"@type":"ReadAction","target":["https:\/\/www.casadocuidar.org.br\/blog\/direto-do-tunel-do-tempo-comemorando-10-anos-da-casa-do-cuidar\/"]}]},{"@type":"ImageObject","inLanguage":"en-US","@id":"https:\/\/www.casadocuidar.org.br\/blog\/direto-do-tunel-do-tempo-comemorando-10-anos-da-casa-do-cuidar\/#primaryimage","url":"https:\/\/www.casadocuidar.org.br\/website\/wp-content\/uploads\/2018\/04\/10nos-7.jpg","contentUrl":"https:\/\/www.casadocuidar.org.br\/website\/wp-content\/uploads\/2018\/04\/10nos-7.jpg","width":1600,"height":900},{"@type":"BreadcrumbList","@id":"https:\/\/www.casadocuidar.org.br\/blog\/direto-do-tunel-do-tempo-comemorando-10-anos-da-casa-do-cuidar\/#breadcrumb","itemListElement":[{"@type":"ListItem","position":1,"name":"In\u00edcio","item":"https:\/\/www.casadocuidar.org.br\/en\/"},{"@type":"ListItem","position":2,"name":"Direto do T\u00fanel do tempo&#8230; comemorando 10 anos da Casa do Cuidar"}]},{"@type":"WebSite","@id":"https:\/\/www.casadocuidar.org.br\/#website","url":"https:\/\/www.casadocuidar.org.br\/","name":"Casa do Cuidar","description":"Pr\u00e1tica e ensino em cuidados paliativos","publisher":{"@id":"https:\/\/www.casadocuidar.org.br\/#organization"},"potentialAction":[{"@type":"SearchAction","target":{"@type":"EntryPoint","urlTemplate":"https:\/\/www.casadocuidar.org.br\/?s={search_term_string}"},"query-input":{"@type":"PropertyValueSpecification","valueRequired":true,"valueName":"search_term_string"}}],"inLanguage":"en-US"},{"@type":"Organization","@id":"https:\/\/www.casadocuidar.org.br\/#organization","name":"Casa do Cuidar \u2013 Pr\u00e1tica e ensino em cuidados paliativos","url":"https:\/\/www.casadocuidar.org.br\/","logo":{"@type":"ImageObject","inLanguage":"en-US","@id":"https:\/\/www.casadocuidar.org.br\/#\/schema\/logo\/image\/","url":"https:\/\/www.casadocuidar.org.br\/website\/wp-content\/uploads\/2018\/08\/casadocuidar-logoshare.png","contentUrl":"https:\/\/www.casadocuidar.org.br\/website\/wp-content\/uploads\/2018\/08\/casadocuidar-logoshare.png","width":500,"height":500,"caption":"Casa do Cuidar \u2013 Pr\u00e1tica e ensino em cuidados paliativos"},"image":{"@id":"https:\/\/www.casadocuidar.org.br\/#\/schema\/logo\/image\/"}},{"@type":"Person","@id":"https:\/\/www.casadocuidar.org.br\/#\/schema\/person\/5d8486dbe13a88a6dd6b40aea91d2c5b","name":"Casa do Cuidar","image":{"@type":"ImageObject","inLanguage":"en-US","@id":"https:\/\/secure.gravatar.com\/avatar\/a541283949c7bab9ba4ffc45152502c19a06dfbcb0af94e6b46d94a21476ffae?s=96&d=mm&r=g","url":"https:\/\/secure.gravatar.com\/avatar\/a541283949c7bab9ba4ffc45152502c19a06dfbcb0af94e6b46d94a21476ffae?s=96&d=mm&r=g","contentUrl":"https:\/\/secure.gravatar.com\/avatar\/a541283949c7bab9ba4ffc45152502c19a06dfbcb0af94e6b46d94a21476ffae?s=96&d=mm&r=g","caption":"Casa do Cuidar"}}]}},"_links":{"self":[{"href":"https:\/\/www.casadocuidar.org.br\/en\/wp-json\/wp\/v2\/posts\/250","targetHints":{"allow":["GET"]}}],"collection":[{"href":"https:\/\/www.casadocuidar.org.br\/en\/wp-json\/wp\/v2\/posts"}],"about":[{"href":"https:\/\/www.casadocuidar.org.br\/en\/wp-json\/wp\/v2\/types\/post"}],"author":[{"embeddable":true,"href":"https:\/\/www.casadocuidar.org.br\/en\/wp-json\/wp\/v2\/users\/1"}],"replies":[{"embeddable":true,"href":"https:\/\/www.casadocuidar.org.br\/en\/wp-json\/wp\/v2\/comments?post=250"}],"version-history":[{"count":0,"href":"https:\/\/www.casadocuidar.org.br\/en\/wp-json\/wp\/v2\/posts\/250\/revisions"}],"wp:featuredmedia":[{"embeddable":true,"href":"https:\/\/www.casadocuidar.org.br\/en\/wp-json\/wp\/v2\/media\/257"}],"wp:attachment":[{"href":"https:\/\/www.casadocuidar.org.br\/en\/wp-json\/wp\/v2\/media?parent=250"}],"wp:term":[{"taxonomy":"category","embeddable":true,"href":"https:\/\/www.casadocuidar.org.br\/en\/wp-json\/wp\/v2\/categories?post=250"},{"taxonomy":"post_tag","embeddable":true,"href":"https:\/\/www.casadocuidar.org.br\/en\/wp-json\/wp\/v2\/tags?post=250"}],"curies":[{"name":"wp","href":"https:\/\/api.w.org\/{rel}","templated":true}]}}