{"id":19085,"date":"2024-02-27T17:12:27","date_gmt":"2024-02-27T20:12:27","guid":{"rendered":"https:\/\/www.casadocuidar.org.br\/?p=19085"},"modified":"2024-02-27T17:12:27","modified_gmt":"2024-02-27T20:12:27","slug":"informacao-de-saude-em-2023-e-alem-confrontando-as-realidades-emergentes-com-a-ciencia-da-comunicacao-de-saude","status":"publish","type":"post","link":"https:\/\/www.casadocuidar.org.br\/en\/blog\/informacao-de-saude-em-2023-e-alem-confrontando-as-realidades-emergentes-com-a-ciencia-da-comunicacao-de-saude\/","title":{"rendered":"Informa\u00e7\u00e3o de sa\u00fade em 2023 (e al\u00e9m): Confrontando as realidades emergentes com a ci\u00eancia da comunica\u00e7\u00e3o de sa\u00fade"},"content":{"rendered":"<p><em>Via: Health Information in 2023 (and Beyond) Confronting Emergent Realities With Health Communication Science. William M. P. Klein, PhD; Wen-Ying Sylvia Chou, PhD; Robin C. Vanderpool, DrPH<\/em>****<\/p>\n<p><em>JAMA. 2023;330(12):11311132.doi:10.1001\/jama.2023.15817.<\/em><\/p>\n<p>O artigo destaca a import\u00e2ncia da comunica\u00e7\u00e3o de sa\u00fade cr\u00edvel e impactante na sa\u00fade p\u00fablica e na pr\u00e1tica cl\u00ednica, enfocando as mudan\u00e7as no ecossistema da informa\u00e7\u00e3o que afetam a comunica\u00e7\u00e3o de sa\u00fade. Mensagens eficazes sobre riscos \u00e0 sa\u00fade e recomenda\u00e7\u00f5es para reduzir esses riscos s\u00e3o muito importantes para motivar a mudan\u00e7a de comportamento desejada entre pacientes e o p\u00fablico em geral.<\/p>\n<p>Atualmente, vivemos mudan\u00e7as profundas na maneira como consumimos informa\u00e7\u00e3o, incluindo o surgimento de plataformas de m\u00eddia social, ciclo de not\u00edcias global 24 horas, publicidade microdirecionada e a ampla ado\u00e7\u00e3o de registros de sa\u00fade eletr\u00f4nicos e portais de pacientes. Al\u00e9m disso, o avan\u00e7o tecnol\u00f3gico, especialmente o uso de intelig\u00eancia artificial (IA) e a conectividade sem precedentes, est\u00e3o transformando a maneira como o p\u00fablico consome e avalia informa\u00e7\u00f5es de sa\u00fade.<\/p>\n<p>Por exemplo, os jovens est\u00e3o cada vez mais usando a plataforma de v\u00eddeos curtos TikTok para obter informa\u00e7\u00f5es sobre sa\u00fade, em vez de usarem fontes mais tradicionais, com profissionais da \u00e1rea. Esse fato levanta preocupa\u00e7\u00f5es sobre a precis\u00e3o e qualidade das informa\u00e7\u00f5es e conhecimentos em sa\u00fade. Essas mudan\u00e7as no cen\u00e1rio da comunica\u00e7\u00e3o tecnol\u00f3gica tornam a comunica\u00e7\u00e3o de sa\u00fade eficaz um desafio ainda maior.<\/p>\n<p>Felizmente, a ci\u00eancia da comunica\u00e7\u00e3o de sa\u00fade est\u00e1 bem preparada para responder a essas novas realidades, envolvendo especialistas de diversos campos, como comunica\u00e7\u00e3o, medicina, ci\u00eancia de dados, bio\u00e9tica, direito, epidemiologia, ci\u00eancia pol\u00edtica, psicologia e sociologia. Os pesquisadores em comunica\u00e7\u00e3o de sa\u00fade adotam metodologias inovadoras para entender a tomada de decis\u00f5es em sa\u00fade, desenvolver e testar interven\u00e7\u00f5es para melhorar os conhecimentos e a avalia\u00e7\u00e3o de informa\u00e7\u00f5es de sa\u00fade, al\u00e9m de compreender o papel da comunica\u00e7\u00e3o em diferentes n\u00edveis de influ\u00eancia.<\/p>\n<p>As descobertas da ci\u00eancia da comunica\u00e7\u00e3o de sa\u00fade oferecem orienta\u00e7\u00f5es pr\u00e1ticas que podem ser aplicadas para enfrentar desafios de sa\u00fade p\u00fablica emergentes, como foi a pandemia de COVID-19. O artigo enfatiza tamb\u00e9m a import\u00e2ncia de incluir a ci\u00eancia da comunica\u00e7\u00e3o de sa\u00fade no planejamento de interven\u00e7\u00f5es e programas de sa\u00fade, apoiar a inclus\u00e3o de praticantes de comunica\u00e7\u00e3o de sa\u00fade na pesquisa e promover a vigil\u00e2ncia da comunica\u00e7\u00e3o para identificar tend\u00eancias na maneira como as pessoas compartilham e recebem essas informa\u00e7\u00f5es.<\/p>\n<p>Al\u00e9m disso, os autores tamb\u00e9m falam sobre a import\u00e2ncia de apoiar os profissionais na abordagem das informa\u00e7\u00f5es de sa\u00fade que os pacientes encontram em suas vidas di\u00e1rias e de enfrentar desigualdades na comunica\u00e7\u00e3o de sa\u00fade. Tamb\u00e9m mencionam a necessidade de adaptar m\u00e9todos de pesquisa para lidar com os desafios do ambiente social e tecnol\u00f3gico atual.<\/p>\n<p>Com base nisso, 6 recomenda\u00e7\u00f5es s\u00e3o oferecidas pelos autores:<\/p>\n<ol>\n<li>Incluir a ci\u00eancia da comunica\u00e7\u00e3o em sa\u00fade desde o in\u00edcio da interven\u00e7\u00e3o, como no design e planejamento do programa. A colabora\u00e7\u00e3o com cientistas de implementa\u00e7\u00e3o pode ajudar a otimizar a aplica\u00e7\u00e3o e dissemina\u00e7\u00e3o de programas de sa\u00fade em pesquisa de comunica\u00e7\u00e3o, usados para informar a comunica\u00e7\u00e3o de sa\u00fade local em ambientes cl\u00ednicos, de sa\u00fade p\u00fablica e comunit\u00e1rios.<\/li>\n<li>Apoiar a inclus\u00e3o de profissionais de comunica\u00e7\u00e3o em sa\u00fade na pesquisa, com o objetivo de apoiar pesquisas \u00e1geis, interativas, translacionais e centradas no relacionamento.<\/li>\n<li>Avan\u00e7ar na vigil\u00e2ncia das comunica\u00e7\u00f5es para avaliar rotineiramente como e onde as pessoas partilham e recebem a sua informa\u00e7\u00e3o sobre sa\u00fade num cen\u00e1rio midi\u00e1tico em constante mudan\u00e7a. Pesquisas e outras ferramentas metodol\u00f3gicas podem ajudar a identificar tend\u00eancias de comunica\u00e7\u00e3o que podem informar as melhores pr\u00e1ticas em campanhas de sa\u00fade p\u00fablica, bem como a utiliza\u00e7\u00e3o eficaz das tecnologias digitais de sa\u00fade.<\/li>\n<li>Apoiar os m\u00e9dicos na abordagem das informa\u00e7\u00f5es de sa\u00fade que os pacientes encontram na sua vida cotidiana (por exemplo, atrav\u00e9s das redes sociais e divulga\u00e7\u00e3o de informa\u00e7\u00f5es na m\u00eddia tradicional) por meio de uma comunica\u00e7\u00e3o eficaz entre m\u00e9dico e paciente e de um cuidado centrado no relacionamento. As trocas de informa\u00e7\u00f5es de sa\u00fade agora acontecem em grande parte fora dos ambientes de cuidados cl\u00ednicos e, por isso, \u00e9 fundamental compreender onde os pacientes recebem essas informa\u00e7\u00f5es e apoi\u00e1-los na navega\u00e7\u00e3o por esse complexo ambiente.<\/li>\n<li>Atender \u00e0s diferen\u00e7as persistentes na sa\u00fade e, em particular, \u00e0s desigualdades de comunica\u00e7\u00e3o. Embora a tecnologia tenha potencial para democratizar a informa\u00e7\u00e3o, persistem disparidades na capacidade dos indiv\u00edduos de concordar, processar e agir com base em informa\u00e7\u00e3o de qualidade. \u00c9 fundamental envolver e construir parcerias com fontes confi\u00e1veis de comunidades desfavorecidas e vulner\u00e1veis, utilizando os canais de comunica\u00e7\u00e3o existentes, adotando assim uma abordagem multin\u00edvel na qual s\u00e3o considerados fatores a n\u00edvel individual e de sistema.<\/li>\n<li>Adaptar m\u00e9todos de investiga\u00e7\u00e3o para superar novos desafios no atual ambiente social e tecnol\u00f3gico &#8211; melhores abordagens s\u00e3o necess\u00e1rias para avaliar e falar sobre o impacto das m\u00eddias sociais.<\/li>\n<\/ol>\n<p>Em resumo, imensas mudan\u00e7as nas informa\u00e7\u00f5es tornaram a comunica\u00e7\u00e3o em sa\u00fade mais desafiadora, considerando que as amea\u00e7as globais para a sa\u00fade p\u00fablica &#8211; como as altera\u00e7\u00f5es clim\u00e1ticas e os surtos de doen\u00e7as infecciosas &#8211; n\u00e3o podem ser interpretados de forma adequada sem abordagens de comunica\u00e7\u00e3o de alta qualidade. Os avan\u00e7os na ci\u00eancia da comunica\u00e7\u00e3o em sa\u00fade precisar\u00e3o ser apoiadas e utilizadas, e ser\u00e1 necess\u00e1rio garantir o igual acesso a informa\u00e7\u00f5es precisas e baseadas em evid\u00eancias. A sa\u00fade \u00f3tima da popula\u00e7\u00e3o depende de uma comunica\u00e7\u00e3o \u00f3tima sobre a sa\u00fade.<\/p>\n<p>A conclus\u00e3o do artigo \u00e9 que a comunica\u00e7\u00e3o de sa\u00fade \u00e9 essencial para abordar os desafios de sa\u00fade p\u00fablica, especialmente em um cen\u00e1rio de mudan\u00e7as r\u00e1pidas na tecnologia da informa\u00e7\u00e3o.<\/p>\n<h3>A ci\u00eancia da comunica\u00e7\u00e3o de sa\u00fade desempenha um papel vital na melhoria dos conhecimentos em sa\u00fade e no fornecimento de informa\u00e7\u00f5es precisas e baseadas em evid\u00eancias \u00e0 popula\u00e7\u00e3o. O alcance da sa\u00fade p\u00fablica ideal s\u00f3 \u00e9 poss\u00edvel com a comunica\u00e7\u00e3o de sa\u00fade ideal.<\/h3>\n<p><!-- notionvc: 957f21f9-e66e-44d7-9390-762825d3d292 --><\/p>\n","protected":false},"excerpt":{"rendered":"<p>Via: Health Information in 2023 (and Beyond) Confronting Emergent Realities With Health Communication Science. William M. P. Klein, PhD; Wen-Ying Sylvia Chou, PhD; Robin C. Vanderpool, DrPH**** JAMA. 2023;330(12):11311132.doi:10.1001\/jama.2023.15817. O artigo destaca a import\u00e2ncia da comunica\u00e7\u00e3o de sa\u00fade cr\u00edvel e impactante na sa\u00fade p\u00fablica e na pr\u00e1tica cl\u00ednica, enfocando as mudan\u00e7as no ecossistema da informa\u00e7\u00e3o&hellip;<\/p>\n","protected":false},"author":2618,"featured_media":19086,"comment_status":"open","ping_status":"closed","sticky":false,"template":"","format":"standard","meta":{"_acf_changed":false,"footnotes":""},"categories":[23],"tags":[],"class_list":["post-19085","post","type-post","status-publish","format-standard","has-post-thumbnail","hentry","category-blog","category-23","description-off"],"acf":[],"yoast_head":"<!-- This site is optimized with the Yoast SEO plugin v27.4 - https:\/\/yoast.com\/product\/yoast-seo-wordpress\/ -->\n<title>Informa\u00e7\u00e3o de sa\u00fade em 2023 (e al\u00e9m): Confrontando as realidades emergentes com a ci\u00eancia da comunica\u00e7\u00e3o de sa\u00fade - Casa do Cuidar<\/title>\n<meta name=\"robots\" content=\"index, follow, max-snippet:-1, max-image-preview:large, max-video-preview:-1\" \/>\n<link rel=\"canonical\" href=\"https:\/\/www.casadocuidar.org.br\/blog\/informacao-de-saude-em-2023-e-alem-confrontando-as-realidades-emergentes-com-a-ciencia-da-comunicacao-de-saude\/\" \/>\n<meta property=\"og:locale\" content=\"en_US\" \/>\n<meta property=\"og:type\" content=\"article\" \/>\n<meta property=\"og:title\" content=\"Informa\u00e7\u00e3o de sa\u00fade em 2023 (e al\u00e9m): Confrontando as realidades emergentes com a ci\u00eancia da comunica\u00e7\u00e3o de sa\u00fade - Casa do Cuidar\" \/>\n<meta property=\"og:description\" content=\"Via: Health Information in 2023 (and Beyond) Confronting Emergent Realities With Health Communication Science. William M. P. Klein, PhD; Wen-Ying Sylvia Chou, PhD; Robin C. Vanderpool, DrPH**** JAMA. 2023;330(12):11311132.doi:10.1001\/jama.2023.15817. O artigo destaca a import\u00e2ncia da comunica\u00e7\u00e3o de sa\u00fade cr\u00edvel e impactante na sa\u00fade p\u00fablica e na pr\u00e1tica cl\u00ednica, enfocando as mudan\u00e7as no ecossistema da informa\u00e7\u00e3o&hellip;\" \/>\n<meta property=\"og:url\" content=\"https:\/\/www.casadocuidar.org.br\/blog\/informacao-de-saude-em-2023-e-alem-confrontando-as-realidades-emergentes-com-a-ciencia-da-comunicacao-de-saude\/\" \/>\n<meta property=\"og:site_name\" content=\"Casa do Cuidar\" \/>\n<meta property=\"article:published_time\" content=\"2024-02-27T20:12:27+00:00\" \/>\n<meta property=\"og:image\" content=\"https:\/\/www.casadocuidar.org.br\/website\/wp-content\/uploads\/2024\/02\/Thumbs-blog.png\" \/>\n\t<meta property=\"og:image:width\" content=\"680\" \/>\n\t<meta property=\"og:image:height\" content=\"453\" \/>\n\t<meta property=\"og:image:type\" content=\"image\/png\" \/>\n<meta name=\"twitter:card\" content=\"summary_large_image\" \/>\n<meta name=\"twitter:label1\" content=\"Written by\" \/>\n\t<meta name=\"twitter:data1\" content=\"\" \/>\n\t<meta name=\"twitter:label2\" content=\"Est. reading time\" \/>\n\t<meta name=\"twitter:data2\" content=\"6 minutes\" \/>\n<script type=\"application\/ld+json\" class=\"yoast-schema-graph\">{\"@context\":\"https:\\\/\\\/schema.org\",\"@graph\":[{\"@type\":\"Article\",\"@id\":\"https:\\\/\\\/www.casadocuidar.org.br\\\/blog\\\/informacao-de-saude-em-2023-e-alem-confrontando-as-realidades-emergentes-com-a-ciencia-da-comunicacao-de-saude\\\/#article\",\"isPartOf\":{\"@id\":\"https:\\\/\\\/www.casadocuidar.org.br\\\/blog\\\/informacao-de-saude-em-2023-e-alem-confrontando-as-realidades-emergentes-com-a-ciencia-da-comunicacao-de-saude\\\/\"},\"author\":{\"name\":\"\",\"@id\":\"https:\\\/\\\/www.casadocuidar.org.br\\\/#\\\/schema\\\/person\\\/01d4bdf3952ec17e7ecb2a10adcd5c41\"},\"headline\":\"Informa\u00e7\u00e3o de sa\u00fade em 2023 (e al\u00e9m): Confrontando as realidades emergentes com a ci\u00eancia da comunica\u00e7\u00e3o de sa\u00fade\",\"datePublished\":\"2024-02-27T20:12:27+00:00\",\"mainEntityOfPage\":{\"@id\":\"https:\\\/\\\/www.casadocuidar.org.br\\\/blog\\\/informacao-de-saude-em-2023-e-alem-confrontando-as-realidades-emergentes-com-a-ciencia-da-comunicacao-de-saude\\\/\"},\"wordCount\":1162,\"commentCount\":3,\"publisher\":{\"@id\":\"https:\\\/\\\/www.casadocuidar.org.br\\\/#organization\"},\"image\":{\"@id\":\"https:\\\/\\\/www.casadocuidar.org.br\\\/blog\\\/informacao-de-saude-em-2023-e-alem-confrontando-as-realidades-emergentes-com-a-ciencia-da-comunicacao-de-saude\\\/#primaryimage\"},\"thumbnailUrl\":\"https:\\\/\\\/www.casadocuidar.org.br\\\/website\\\/wp-content\\\/uploads\\\/2024\\\/02\\\/Thumbs-blog.png\",\"articleSection\":[\"Blog\"],\"inLanguage\":\"en-US\",\"potentialAction\":[{\"@type\":\"CommentAction\",\"name\":\"Comment\",\"target\":[\"https:\\\/\\\/www.casadocuidar.org.br\\\/blog\\\/informacao-de-saude-em-2023-e-alem-confrontando-as-realidades-emergentes-com-a-ciencia-da-comunicacao-de-saude\\\/#respond\"]}]},{\"@type\":\"WebPage\",\"@id\":\"https:\\\/\\\/www.casadocuidar.org.br\\\/blog\\\/informacao-de-saude-em-2023-e-alem-confrontando-as-realidades-emergentes-com-a-ciencia-da-comunicacao-de-saude\\\/\",\"url\":\"https:\\\/\\\/www.casadocuidar.org.br\\\/blog\\\/informacao-de-saude-em-2023-e-alem-confrontando-as-realidades-emergentes-com-a-ciencia-da-comunicacao-de-saude\\\/\",\"name\":\"Informa\u00e7\u00e3o de sa\u00fade em 2023 (e al\u00e9m): Confrontando as realidades emergentes com a ci\u00eancia da comunica\u00e7\u00e3o de sa\u00fade - Casa do Cuidar\",\"isPartOf\":{\"@id\":\"https:\\\/\\\/www.casadocuidar.org.br\\\/#website\"},\"primaryImageOfPage\":{\"@id\":\"https:\\\/\\\/www.casadocuidar.org.br\\\/blog\\\/informacao-de-saude-em-2023-e-alem-confrontando-as-realidades-emergentes-com-a-ciencia-da-comunicacao-de-saude\\\/#primaryimage\"},\"image\":{\"@id\":\"https:\\\/\\\/www.casadocuidar.org.br\\\/blog\\\/informacao-de-saude-em-2023-e-alem-confrontando-as-realidades-emergentes-com-a-ciencia-da-comunicacao-de-saude\\\/#primaryimage\"},\"thumbnailUrl\":\"https:\\\/\\\/www.casadocuidar.org.br\\\/website\\\/wp-content\\\/uploads\\\/2024\\\/02\\\/Thumbs-blog.png\",\"datePublished\":\"2024-02-27T20:12:27+00:00\",\"breadcrumb\":{\"@id\":\"https:\\\/\\\/www.casadocuidar.org.br\\\/blog\\\/informacao-de-saude-em-2023-e-alem-confrontando-as-realidades-emergentes-com-a-ciencia-da-comunicacao-de-saude\\\/#breadcrumb\"},\"inLanguage\":\"en-US\",\"potentialAction\":[{\"@type\":\"ReadAction\",\"target\":[\"https:\\\/\\\/www.casadocuidar.org.br\\\/blog\\\/informacao-de-saude-em-2023-e-alem-confrontando-as-realidades-emergentes-com-a-ciencia-da-comunicacao-de-saude\\\/\"]}]},{\"@type\":\"ImageObject\",\"inLanguage\":\"en-US\",\"@id\":\"https:\\\/\\\/www.casadocuidar.org.br\\\/blog\\\/informacao-de-saude-em-2023-e-alem-confrontando-as-realidades-emergentes-com-a-ciencia-da-comunicacao-de-saude\\\/#primaryimage\",\"url\":\"https:\\\/\\\/www.casadocuidar.org.br\\\/website\\\/wp-content\\\/uploads\\\/2024\\\/02\\\/Thumbs-blog.png\",\"contentUrl\":\"https:\\\/\\\/www.casadocuidar.org.br\\\/website\\\/wp-content\\\/uploads\\\/2024\\\/02\\\/Thumbs-blog.png\",\"width\":680,\"height\":453},{\"@type\":\"BreadcrumbList\",\"@id\":\"https:\\\/\\\/www.casadocuidar.org.br\\\/blog\\\/informacao-de-saude-em-2023-e-alem-confrontando-as-realidades-emergentes-com-a-ciencia-da-comunicacao-de-saude\\\/#breadcrumb\",\"itemListElement\":[{\"@type\":\"ListItem\",\"position\":1,\"name\":\"In\u00edcio\",\"item\":\"https:\\\/\\\/www.casadocuidar.org.br\\\/en\\\/\"},{\"@type\":\"ListItem\",\"position\":2,\"name\":\"Informa\u00e7\u00e3o de sa\u00fade em 2023 (e al\u00e9m): Confrontando as realidades emergentes com a ci\u00eancia da comunica\u00e7\u00e3o de sa\u00fade\"}]},{\"@type\":\"WebSite\",\"@id\":\"https:\\\/\\\/www.casadocuidar.org.br\\\/#website\",\"url\":\"https:\\\/\\\/www.casadocuidar.org.br\\\/\",\"name\":\"Casa do Cuidar\",\"description\":\"Pr\u00e1tica e ensino em cuidados paliativos\",\"publisher\":{\"@id\":\"https:\\\/\\\/www.casadocuidar.org.br\\\/#organization\"},\"potentialAction\":[{\"@type\":\"SearchAction\",\"target\":{\"@type\":\"EntryPoint\",\"urlTemplate\":\"https:\\\/\\\/www.casadocuidar.org.br\\\/?s={search_term_string}\"},\"query-input\":{\"@type\":\"PropertyValueSpecification\",\"valueRequired\":true,\"valueName\":\"search_term_string\"}}],\"inLanguage\":\"en-US\"},{\"@type\":\"Organization\",\"@id\":\"https:\\\/\\\/www.casadocuidar.org.br\\\/#organization\",\"name\":\"Casa do Cuidar \u2013 Pr\u00e1tica e ensino em cuidados paliativos\",\"url\":\"https:\\\/\\\/www.casadocuidar.org.br\\\/\",\"logo\":{\"@type\":\"ImageObject\",\"inLanguage\":\"en-US\",\"@id\":\"https:\\\/\\\/www.casadocuidar.org.br\\\/#\\\/schema\\\/logo\\\/image\\\/\",\"url\":\"https:\\\/\\\/www.casadocuidar.org.br\\\/website\\\/wp-content\\\/uploads\\\/2018\\\/08\\\/casadocuidar-logoshare.png\",\"contentUrl\":\"https:\\\/\\\/www.casadocuidar.org.br\\\/website\\\/wp-content\\\/uploads\\\/2018\\\/08\\\/casadocuidar-logoshare.png\",\"width\":500,\"height\":500,\"caption\":\"Casa do Cuidar \u2013 Pr\u00e1tica e ensino em cuidados paliativos\"},\"image\":{\"@id\":\"https:\\\/\\\/www.casadocuidar.org.br\\\/#\\\/schema\\\/logo\\\/image\\\/\"}},{\"@type\":\"Person\",\"@id\":\"https:\\\/\\\/www.casadocuidar.org.br\\\/#\\\/schema\\\/person\\\/01d4bdf3952ec17e7ecb2a10adcd5c41\",\"name\":\"\",\"image\":{\"@type\":\"ImageObject\",\"inLanguage\":\"en-US\",\"@id\":\"https:\\\/\\\/secure.gravatar.com\\\/avatar\\\/54bf5c5ca2b83b94318a0626ecf653d87df4460a1922eec7711d0f3cdf9a801e?s=96&d=mm&r=g\",\"url\":\"https:\\\/\\\/secure.gravatar.com\\\/avatar\\\/54bf5c5ca2b83b94318a0626ecf653d87df4460a1922eec7711d0f3cdf9a801e?s=96&d=mm&r=g\",\"contentUrl\":\"https:\\\/\\\/secure.gravatar.com\\\/avatar\\\/54bf5c5ca2b83b94318a0626ecf653d87df4460a1922eec7711d0f3cdf9a801e?s=96&d=mm&r=g\"}}]}<\/script>\n<!-- \/ Yoast SEO plugin. -->","yoast_head_json":{"title":"Informa\u00e7\u00e3o de sa\u00fade em 2023 (e al\u00e9m): Confrontando as realidades emergentes com a ci\u00eancia da comunica\u00e7\u00e3o de sa\u00fade - Casa do Cuidar","robots":{"index":"index","follow":"follow","max-snippet":"max-snippet:-1","max-image-preview":"max-image-preview:large","max-video-preview":"max-video-preview:-1"},"canonical":"https:\/\/www.casadocuidar.org.br\/blog\/informacao-de-saude-em-2023-e-alem-confrontando-as-realidades-emergentes-com-a-ciencia-da-comunicacao-de-saude\/","og_locale":"en_US","og_type":"article","og_title":"Informa\u00e7\u00e3o de sa\u00fade em 2023 (e al\u00e9m): Confrontando as realidades emergentes com a ci\u00eancia da comunica\u00e7\u00e3o de sa\u00fade - Casa do Cuidar","og_description":"Via: Health Information in 2023 (and Beyond) Confronting Emergent Realities With Health Communication Science. William M. P. Klein, PhD; Wen-Ying Sylvia Chou, PhD; Robin C. Vanderpool, DrPH**** JAMA. 2023;330(12):11311132.doi:10.1001\/jama.2023.15817. O artigo destaca a import\u00e2ncia da comunica\u00e7\u00e3o de sa\u00fade cr\u00edvel e impactante na sa\u00fade p\u00fablica e na pr\u00e1tica cl\u00ednica, enfocando as mudan\u00e7as no ecossistema da informa\u00e7\u00e3o&hellip;","og_url":"https:\/\/www.casadocuidar.org.br\/blog\/informacao-de-saude-em-2023-e-alem-confrontando-as-realidades-emergentes-com-a-ciencia-da-comunicacao-de-saude\/","og_site_name":"Casa do Cuidar","article_published_time":"2024-02-27T20:12:27+00:00","og_image":[{"width":680,"height":453,"url":"https:\/\/www.casadocuidar.org.br\/website\/wp-content\/uploads\/2024\/02\/Thumbs-blog.png","type":"image\/png"}],"twitter_card":"summary_large_image","twitter_misc":{"Written by":"","Est. reading time":"6 minutes"},"schema":{"@context":"https:\/\/schema.org","@graph":[{"@type":"Article","@id":"https:\/\/www.casadocuidar.org.br\/blog\/informacao-de-saude-em-2023-e-alem-confrontando-as-realidades-emergentes-com-a-ciencia-da-comunicacao-de-saude\/#article","isPartOf":{"@id":"https:\/\/www.casadocuidar.org.br\/blog\/informacao-de-saude-em-2023-e-alem-confrontando-as-realidades-emergentes-com-a-ciencia-da-comunicacao-de-saude\/"},"author":{"name":"","@id":"https:\/\/www.casadocuidar.org.br\/#\/schema\/person\/01d4bdf3952ec17e7ecb2a10adcd5c41"},"headline":"Informa\u00e7\u00e3o de sa\u00fade em 2023 (e al\u00e9m): Confrontando as realidades emergentes com a ci\u00eancia da comunica\u00e7\u00e3o de sa\u00fade","datePublished":"2024-02-27T20:12:27+00:00","mainEntityOfPage":{"@id":"https:\/\/www.casadocuidar.org.br\/blog\/informacao-de-saude-em-2023-e-alem-confrontando-as-realidades-emergentes-com-a-ciencia-da-comunicacao-de-saude\/"},"wordCount":1162,"commentCount":3,"publisher":{"@id":"https:\/\/www.casadocuidar.org.br\/#organization"},"image":{"@id":"https:\/\/www.casadocuidar.org.br\/blog\/informacao-de-saude-em-2023-e-alem-confrontando-as-realidades-emergentes-com-a-ciencia-da-comunicacao-de-saude\/#primaryimage"},"thumbnailUrl":"https:\/\/www.casadocuidar.org.br\/website\/wp-content\/uploads\/2024\/02\/Thumbs-blog.png","articleSection":["Blog"],"inLanguage":"en-US","potentialAction":[{"@type":"CommentAction","name":"Comment","target":["https:\/\/www.casadocuidar.org.br\/blog\/informacao-de-saude-em-2023-e-alem-confrontando-as-realidades-emergentes-com-a-ciencia-da-comunicacao-de-saude\/#respond"]}]},{"@type":"WebPage","@id":"https:\/\/www.casadocuidar.org.br\/blog\/informacao-de-saude-em-2023-e-alem-confrontando-as-realidades-emergentes-com-a-ciencia-da-comunicacao-de-saude\/","url":"https:\/\/www.casadocuidar.org.br\/blog\/informacao-de-saude-em-2023-e-alem-confrontando-as-realidades-emergentes-com-a-ciencia-da-comunicacao-de-saude\/","name":"Informa\u00e7\u00e3o de sa\u00fade em 2023 (e al\u00e9m): Confrontando as realidades emergentes com a ci\u00eancia da comunica\u00e7\u00e3o de sa\u00fade - Casa do Cuidar","isPartOf":{"@id":"https:\/\/www.casadocuidar.org.br\/#website"},"primaryImageOfPage":{"@id":"https:\/\/www.casadocuidar.org.br\/blog\/informacao-de-saude-em-2023-e-alem-confrontando-as-realidades-emergentes-com-a-ciencia-da-comunicacao-de-saude\/#primaryimage"},"image":{"@id":"https:\/\/www.casadocuidar.org.br\/blog\/informacao-de-saude-em-2023-e-alem-confrontando-as-realidades-emergentes-com-a-ciencia-da-comunicacao-de-saude\/#primaryimage"},"thumbnailUrl":"https:\/\/www.casadocuidar.org.br\/website\/wp-content\/uploads\/2024\/02\/Thumbs-blog.png","datePublished":"2024-02-27T20:12:27+00:00","breadcrumb":{"@id":"https:\/\/www.casadocuidar.org.br\/blog\/informacao-de-saude-em-2023-e-alem-confrontando-as-realidades-emergentes-com-a-ciencia-da-comunicacao-de-saude\/#breadcrumb"},"inLanguage":"en-US","potentialAction":[{"@type":"ReadAction","target":["https:\/\/www.casadocuidar.org.br\/blog\/informacao-de-saude-em-2023-e-alem-confrontando-as-realidades-emergentes-com-a-ciencia-da-comunicacao-de-saude\/"]}]},{"@type":"ImageObject","inLanguage":"en-US","@id":"https:\/\/www.casadocuidar.org.br\/blog\/informacao-de-saude-em-2023-e-alem-confrontando-as-realidades-emergentes-com-a-ciencia-da-comunicacao-de-saude\/#primaryimage","url":"https:\/\/www.casadocuidar.org.br\/website\/wp-content\/uploads\/2024\/02\/Thumbs-blog.png","contentUrl":"https:\/\/www.casadocuidar.org.br\/website\/wp-content\/uploads\/2024\/02\/Thumbs-blog.png","width":680,"height":453},{"@type":"BreadcrumbList","@id":"https:\/\/www.casadocuidar.org.br\/blog\/informacao-de-saude-em-2023-e-alem-confrontando-as-realidades-emergentes-com-a-ciencia-da-comunicacao-de-saude\/#breadcrumb","itemListElement":[{"@type":"ListItem","position":1,"name":"In\u00edcio","item":"https:\/\/www.casadocuidar.org.br\/en\/"},{"@type":"ListItem","position":2,"name":"Informa\u00e7\u00e3o de sa\u00fade em 2023 (e al\u00e9m): Confrontando as realidades emergentes com a ci\u00eancia da comunica\u00e7\u00e3o de sa\u00fade"}]},{"@type":"WebSite","@id":"https:\/\/www.casadocuidar.org.br\/#website","url":"https:\/\/www.casadocuidar.org.br\/","name":"Casa do Cuidar","description":"Pr\u00e1tica e ensino em cuidados paliativos","publisher":{"@id":"https:\/\/www.casadocuidar.org.br\/#organization"},"potentialAction":[{"@type":"SearchAction","target":{"@type":"EntryPoint","urlTemplate":"https:\/\/www.casadocuidar.org.br\/?s={search_term_string}"},"query-input":{"@type":"PropertyValueSpecification","valueRequired":true,"valueName":"search_term_string"}}],"inLanguage":"en-US"},{"@type":"Organization","@id":"https:\/\/www.casadocuidar.org.br\/#organization","name":"Casa do Cuidar \u2013 Pr\u00e1tica e ensino em cuidados paliativos","url":"https:\/\/www.casadocuidar.org.br\/","logo":{"@type":"ImageObject","inLanguage":"en-US","@id":"https:\/\/www.casadocuidar.org.br\/#\/schema\/logo\/image\/","url":"https:\/\/www.casadocuidar.org.br\/website\/wp-content\/uploads\/2018\/08\/casadocuidar-logoshare.png","contentUrl":"https:\/\/www.casadocuidar.org.br\/website\/wp-content\/uploads\/2018\/08\/casadocuidar-logoshare.png","width":500,"height":500,"caption":"Casa do Cuidar \u2013 Pr\u00e1tica e ensino em cuidados paliativos"},"image":{"@id":"https:\/\/www.casadocuidar.org.br\/#\/schema\/logo\/image\/"}},{"@type":"Person","@id":"https:\/\/www.casadocuidar.org.br\/#\/schema\/person\/01d4bdf3952ec17e7ecb2a10adcd5c41","name":"","image":{"@type":"ImageObject","inLanguage":"en-US","@id":"https:\/\/secure.gravatar.com\/avatar\/54bf5c5ca2b83b94318a0626ecf653d87df4460a1922eec7711d0f3cdf9a801e?s=96&d=mm&r=g","url":"https:\/\/secure.gravatar.com\/avatar\/54bf5c5ca2b83b94318a0626ecf653d87df4460a1922eec7711d0f3cdf9a801e?s=96&d=mm&r=g","contentUrl":"https:\/\/secure.gravatar.com\/avatar\/54bf5c5ca2b83b94318a0626ecf653d87df4460a1922eec7711d0f3cdf9a801e?s=96&d=mm&r=g"}}]}},"_links":{"self":[{"href":"https:\/\/www.casadocuidar.org.br\/en\/wp-json\/wp\/v2\/posts\/19085","targetHints":{"allow":["GET"]}}],"collection":[{"href":"https:\/\/www.casadocuidar.org.br\/en\/wp-json\/wp\/v2\/posts"}],"about":[{"href":"https:\/\/www.casadocuidar.org.br\/en\/wp-json\/wp\/v2\/types\/post"}],"author":[{"embeddable":true,"href":"https:\/\/www.casadocuidar.org.br\/en\/wp-json\/wp\/v2\/users\/2618"}],"replies":[{"embeddable":true,"href":"https:\/\/www.casadocuidar.org.br\/en\/wp-json\/wp\/v2\/comments?post=19085"}],"version-history":[{"count":1,"href":"https:\/\/www.casadocuidar.org.br\/en\/wp-json\/wp\/v2\/posts\/19085\/revisions"}],"predecessor-version":[{"id":19088,"href":"https:\/\/www.casadocuidar.org.br\/en\/wp-json\/wp\/v2\/posts\/19085\/revisions\/19088"}],"wp:featuredmedia":[{"embeddable":true,"href":"https:\/\/www.casadocuidar.org.br\/en\/wp-json\/wp\/v2\/media\/19086"}],"wp:attachment":[{"href":"https:\/\/www.casadocuidar.org.br\/en\/wp-json\/wp\/v2\/media?parent=19085"}],"wp:term":[{"taxonomy":"category","embeddable":true,"href":"https:\/\/www.casadocuidar.org.br\/en\/wp-json\/wp\/v2\/categories?post=19085"},{"taxonomy":"post_tag","embeddable":true,"href":"https:\/\/www.casadocuidar.org.br\/en\/wp-json\/wp\/v2\/tags?post=19085"}],"curies":[{"name":"wp","href":"https:\/\/api.w.org\/{rel}","templated":true}]}}