{"id":18519,"date":"2023-12-27T16:02:09","date_gmt":"2023-12-27T19:02:09","guid":{"rendered":"https:\/\/www.casadocuidar.org.br\/?p=18519"},"modified":"2023-12-27T16:02:09","modified_gmt":"2023-12-27T19:02:09","slug":"doe-o-seu-imposto-de-renda-e-nos-ajude-a-levar-arte-e-cultura-para-pacientes-em-cuidados-paliativos","status":"publish","type":"post","link":"https:\/\/www.casadocuidar.org.br\/en\/blog\/doe-o-seu-imposto-de-renda-e-nos-ajude-a-levar-arte-e-cultura-para-pacientes-em-cuidados-paliativos\/","title":{"rendered":"Doe o seu imposto de renda e nos ajude a levar arte e cultura para pacientes em Cuidados Paliativos!"},"content":{"rendered":"<p>A miss\u00e3o da Casa do Cuidar Brasil \u00e9 promover a excel\u00eancia da pr\u00e1tica e do ensino em Cuidados Paliativos no Brasil, bem como a divulga\u00e7\u00e3o desse conhecimento para a sociedade e aos profissionais de sa\u00fade. O objetivo \u00e9 que o atendimento eficaz do al\u00edvio do sofrimento em todas as suas dimens\u00f5es relacionados \u00e0 experi\u00eancia de uma doen\u00e7a que ameace a continuidade da vida sejam tratados de maneira adequada e satisfat\u00f3ria.<\/p>\n<p>Na nossa viv\u00eancia em Cuidados Paliativos, vemos que muitos pacientes em tratamento n\u00e3o t\u00eam acesso \u00e0 arte e \u00e0 cultura por conta das suas condi\u00e7\u00f5es de sa\u00fade. Mas queremos mudar essa realidade.<\/p>\n<h3><strong>Por isso, o nosso projeto para 2024 \u00e9 focado em promover atividades art\u00edsticas e culturais para pacientes que est\u00e3o em tratamento paliativo e seus familiares.\u00a0<\/strong><\/h3>\n<p>Este projeto est\u00e1 voltado para atividades socioculturais com a finalidade de criar um fluxo de atendimento totalmente permeado pela cultura nacional, propondo uma imers\u00e3o do paciente em tratamento paliativo e seus acompanhantes. Entre as principais atividades teremos oficinas de arte e tamb\u00e9m a\u00e7\u00f5es externas em escolas p\u00fablicas, voltadas \u00e0 arte e cultura que oferecer\u00e1 renova\u00e7\u00e3o art\u00edstica nos espa\u00e7os propostos pelo projeto.<\/p>\n<h3><strong>De acordo com a Lei Federal n\u00ba 8.313, de 25\/12\/1991, tanto pessoas f\u00edsicas quanto pessoas jur\u00eddicas podem doar.\u00a0<\/strong><\/h3>\n<p><strong>PESSOA F\u00cdSICA<\/strong>: Indiv\u00edduos que declaram o Imposto de Renda por formul\u00e1rio completo\/dedu\u00e7\u00e3o legal podem doar at\u00e9 6% do imposto devido.<\/p>\n<p><strong>PESSOA JUR\u00cdDICA:<\/strong> Empresas tributadas com base no Lucro Real podem destinar at\u00e9 4% de seu imposto de renda devido<\/p>\n<p>&nbsp;<\/p>\n<h3><strong>Como posso ajudar?<\/strong><\/h3>\n<p>Destine a sua doa\u00e7\u00e3o para o nosso projeto atrav\u00e9s dos dados:<\/p>\n<p>PRONAC 2311013<\/p>\n<p>Publica\u00e7\u00e3o Portaria de Capta\u00e7\u00e3o de Recursos &#8211; DOU: 06\/12\/2023<\/p>\n<p>Valor aprovado: R$ 986.436,00<\/p>\n<p>Dados Banc\u00e1rios:<\/p>\n<p>Banco do Brasil<\/p>\n<p>AG: 3323-5 | CC: 26078-9<\/p>\n<p>CNPJ: 08.765.286\/0001-08<\/p>\n<p>Ap\u00f3s dep\u00f3sito em conta para o projeto, envie comprovante para e-mail <strong><a href=\"http:\/\/faleconosco.org.br\/\">faleconosco@casadocuidar.org.br<\/a>.<\/strong><\/p>\n<p><strong>PESSOA F\u00cdSICA:<\/strong> Envie nome completo, CPF e telefone para contato.<\/p>\n<p><strong>PESSOA JUR\u00cdDICA:<\/strong> Envie dados da empresa tais como CNPJ, endere\u00e7o, pessoa de contato da empresa, telefone, comercial e celular e o logotipo que ser\u00e1 inclu\u00eddo como patrocinador em nossas publica\u00e7\u00f5es de empresas patrocinadoras neste projeto de empresa apoiadora para Casa do Cuidar.<\/p>\n<p>Empresas de Lucro Real fazem apura\u00e7\u00e3o dos seus resultados at\u00e9 31\/12, havendo imposto a pagar podem aportar at\u00e9 6% do IR devido para o projeto de Lei Rouanet, Art 18, obtendo 100% de dedu\u00e7\u00e3o do valor aportado.<\/p>\n<h3><strong>Nos ajude a dar continuidade a este projeto? Fa\u00e7a a sua contribui\u00e7\u00e3o e espalhe a mensagem para mais pessoas! Juntos, podemos levar mais conforto, dignidade e acolhimento para pacientes em Cuidados Paliativos.<\/strong><\/h3>\n<p><!-- notionvc: 70ed1f44-a56f-4394-9cb2-801cceace2c8 --><\/p>\n","protected":false},"excerpt":{"rendered":"<p>A miss\u00e3o da Casa do Cuidar Brasil \u00e9 promover a excel\u00eancia da pr\u00e1tica e do ensino em Cuidados Paliativos no Brasil, bem como a divulga\u00e7\u00e3o desse conhecimento para a sociedade e aos profissionais de sa\u00fade. O objetivo \u00e9 que o atendimento eficaz do al\u00edvio do sofrimento em todas as suas dimens\u00f5es relacionados \u00e0 experi\u00eancia de&hellip;<\/p>\n","protected":false},"author":2618,"featured_media":18521,"comment_status":"open","ping_status":"closed","sticky":false,"template":"","format":"standard","meta":{"_acf_changed":false,"footnotes":""},"categories":[23],"tags":[],"class_list":["post-18519","post","type-post","status-publish","format-standard","has-post-thumbnail","hentry","category-blog","category-23","description-off"],"acf":[],"yoast_head":"<!-- This site is optimized with the Yoast SEO plugin v27.5 - https:\/\/yoast.com\/product\/yoast-seo-wordpress\/ -->\n<title>Doe o seu imposto de renda e nos ajude a levar arte e cultura para pacientes em Cuidados Paliativos! - Casa do Cuidar<\/title>\n<meta name=\"robots\" content=\"index, follow, max-snippet:-1, max-image-preview:large, max-video-preview:-1\" \/>\n<link rel=\"canonical\" href=\"https:\/\/www.casadocuidar.org.br\/blog\/doe-o-seu-imposto-de-renda-e-nos-ajude-a-levar-arte-e-cultura-para-pacientes-em-cuidados-paliativos\/\" \/>\n<meta property=\"og:locale\" content=\"en_US\" \/>\n<meta property=\"og:type\" content=\"article\" \/>\n<meta property=\"og:title\" content=\"Doe o seu imposto de renda e nos ajude a levar arte e cultura para pacientes em Cuidados Paliativos! - Casa do Cuidar\" \/>\n<meta property=\"og:description\" content=\"A miss\u00e3o da Casa do Cuidar Brasil \u00e9 promover a excel\u00eancia da pr\u00e1tica e do ensino em Cuidados Paliativos no Brasil, bem como a divulga\u00e7\u00e3o desse conhecimento para a sociedade e aos profissionais de sa\u00fade. O objetivo \u00e9 que o atendimento eficaz do al\u00edvio do sofrimento em todas as suas dimens\u00f5es relacionados \u00e0 experi\u00eancia de&hellip;\" \/>\n<meta property=\"og:url\" content=\"https:\/\/www.casadocuidar.org.br\/blog\/doe-o-seu-imposto-de-renda-e-nos-ajude-a-levar-arte-e-cultura-para-pacientes-em-cuidados-paliativos\/\" \/>\n<meta property=\"og:site_name\" content=\"Casa do Cuidar\" \/>\n<meta property=\"article:published_time\" content=\"2023-12-27T19:02:09+00:00\" \/>\n<meta property=\"og:image\" content=\"https:\/\/www.casadocuidar.org.br\/website\/wp-content\/uploads\/2023\/12\/Thumbs-blog.png\" \/>\n\t<meta property=\"og:image:width\" content=\"680\" \/>\n\t<meta property=\"og:image:height\" content=\"453\" \/>\n\t<meta property=\"og:image:type\" content=\"image\/png\" \/>\n<meta name=\"twitter:card\" content=\"summary_large_image\" \/>\n<meta name=\"twitter:label1\" content=\"Written by\" \/>\n\t<meta name=\"twitter:data1\" content=\"\" \/>\n\t<meta name=\"twitter:label2\" content=\"Est. reading time\" \/>\n\t<meta name=\"twitter:data2\" content=\"3 minutes\" \/>\n<script type=\"application\/ld+json\" class=\"yoast-schema-graph\">{\"@context\":\"https:\\\/\\\/schema.org\",\"@graph\":[{\"@type\":\"Article\",\"@id\":\"https:\\\/\\\/www.casadocuidar.org.br\\\/blog\\\/doe-o-seu-imposto-de-renda-e-nos-ajude-a-levar-arte-e-cultura-para-pacientes-em-cuidados-paliativos\\\/#article\",\"isPartOf\":{\"@id\":\"https:\\\/\\\/www.casadocuidar.org.br\\\/blog\\\/doe-o-seu-imposto-de-renda-e-nos-ajude-a-levar-arte-e-cultura-para-pacientes-em-cuidados-paliativos\\\/\"},\"author\":{\"name\":\"\",\"@id\":\"https:\\\/\\\/www.casadocuidar.org.br\\\/#\\\/schema\\\/person\\\/01d4bdf3952ec17e7ecb2a10adcd5c41\"},\"headline\":\"Doe o seu imposto de renda e nos ajude a levar arte e cultura para pacientes em Cuidados Paliativos!\",\"datePublished\":\"2023-12-27T19:02:09+00:00\",\"mainEntityOfPage\":{\"@id\":\"https:\\\/\\\/www.casadocuidar.org.br\\\/blog\\\/doe-o-seu-imposto-de-renda-e-nos-ajude-a-levar-arte-e-cultura-para-pacientes-em-cuidados-paliativos\\\/\"},\"wordCount\":470,\"commentCount\":0,\"publisher\":{\"@id\":\"https:\\\/\\\/www.casadocuidar.org.br\\\/#organization\"},\"image\":{\"@id\":\"https:\\\/\\\/www.casadocuidar.org.br\\\/blog\\\/doe-o-seu-imposto-de-renda-e-nos-ajude-a-levar-arte-e-cultura-para-pacientes-em-cuidados-paliativos\\\/#primaryimage\"},\"thumbnailUrl\":\"https:\\\/\\\/www.casadocuidar.org.br\\\/website\\\/wp-content\\\/uploads\\\/2023\\\/12\\\/Thumbs-blog.png\",\"articleSection\":[\"Blog\"],\"inLanguage\":\"en-US\",\"potentialAction\":[{\"@type\":\"CommentAction\",\"name\":\"Comment\",\"target\":[\"https:\\\/\\\/www.casadocuidar.org.br\\\/blog\\\/doe-o-seu-imposto-de-renda-e-nos-ajude-a-levar-arte-e-cultura-para-pacientes-em-cuidados-paliativos\\\/#respond\"]}]},{\"@type\":\"WebPage\",\"@id\":\"https:\\\/\\\/www.casadocuidar.org.br\\\/blog\\\/doe-o-seu-imposto-de-renda-e-nos-ajude-a-levar-arte-e-cultura-para-pacientes-em-cuidados-paliativos\\\/\",\"url\":\"https:\\\/\\\/www.casadocuidar.org.br\\\/blog\\\/doe-o-seu-imposto-de-renda-e-nos-ajude-a-levar-arte-e-cultura-para-pacientes-em-cuidados-paliativos\\\/\",\"name\":\"Doe o seu imposto de renda e nos ajude a levar arte e cultura para pacientes em Cuidados Paliativos! - Casa do Cuidar\",\"isPartOf\":{\"@id\":\"https:\\\/\\\/www.casadocuidar.org.br\\\/#website\"},\"primaryImageOfPage\":{\"@id\":\"https:\\\/\\\/www.casadocuidar.org.br\\\/blog\\\/doe-o-seu-imposto-de-renda-e-nos-ajude-a-levar-arte-e-cultura-para-pacientes-em-cuidados-paliativos\\\/#primaryimage\"},\"image\":{\"@id\":\"https:\\\/\\\/www.casadocuidar.org.br\\\/blog\\\/doe-o-seu-imposto-de-renda-e-nos-ajude-a-levar-arte-e-cultura-para-pacientes-em-cuidados-paliativos\\\/#primaryimage\"},\"thumbnailUrl\":\"https:\\\/\\\/www.casadocuidar.org.br\\\/website\\\/wp-content\\\/uploads\\\/2023\\\/12\\\/Thumbs-blog.png\",\"datePublished\":\"2023-12-27T19:02:09+00:00\",\"breadcrumb\":{\"@id\":\"https:\\\/\\\/www.casadocuidar.org.br\\\/blog\\\/doe-o-seu-imposto-de-renda-e-nos-ajude-a-levar-arte-e-cultura-para-pacientes-em-cuidados-paliativos\\\/#breadcrumb\"},\"inLanguage\":\"en-US\",\"potentialAction\":[{\"@type\":\"ReadAction\",\"target\":[\"https:\\\/\\\/www.casadocuidar.org.br\\\/blog\\\/doe-o-seu-imposto-de-renda-e-nos-ajude-a-levar-arte-e-cultura-para-pacientes-em-cuidados-paliativos\\\/\"]}]},{\"@type\":\"ImageObject\",\"inLanguage\":\"en-US\",\"@id\":\"https:\\\/\\\/www.casadocuidar.org.br\\\/blog\\\/doe-o-seu-imposto-de-renda-e-nos-ajude-a-levar-arte-e-cultura-para-pacientes-em-cuidados-paliativos\\\/#primaryimage\",\"url\":\"https:\\\/\\\/www.casadocuidar.org.br\\\/website\\\/wp-content\\\/uploads\\\/2023\\\/12\\\/Thumbs-blog.png\",\"contentUrl\":\"https:\\\/\\\/www.casadocuidar.org.br\\\/website\\\/wp-content\\\/uploads\\\/2023\\\/12\\\/Thumbs-blog.png\",\"width\":680,\"height\":453},{\"@type\":\"BreadcrumbList\",\"@id\":\"https:\\\/\\\/www.casadocuidar.org.br\\\/blog\\\/doe-o-seu-imposto-de-renda-e-nos-ajude-a-levar-arte-e-cultura-para-pacientes-em-cuidados-paliativos\\\/#breadcrumb\",\"itemListElement\":[{\"@type\":\"ListItem\",\"position\":1,\"name\":\"In\u00edcio\",\"item\":\"https:\\\/\\\/www.casadocuidar.org.br\\\/en\\\/\"},{\"@type\":\"ListItem\",\"position\":2,\"name\":\"Doe o seu imposto de renda e nos ajude a levar arte e cultura para pacientes em Cuidados Paliativos!\"}]},{\"@type\":\"WebSite\",\"@id\":\"https:\\\/\\\/www.casadocuidar.org.br\\\/#website\",\"url\":\"https:\\\/\\\/www.casadocuidar.org.br\\\/\",\"name\":\"Casa do Cuidar\",\"description\":\"Pr\u00e1tica e ensino em cuidados paliativos\",\"publisher\":{\"@id\":\"https:\\\/\\\/www.casadocuidar.org.br\\\/#organization\"},\"potentialAction\":[{\"@type\":\"SearchAction\",\"target\":{\"@type\":\"EntryPoint\",\"urlTemplate\":\"https:\\\/\\\/www.casadocuidar.org.br\\\/?s={search_term_string}\"},\"query-input\":{\"@type\":\"PropertyValueSpecification\",\"valueRequired\":true,\"valueName\":\"search_term_string\"}}],\"inLanguage\":\"en-US\"},{\"@type\":\"Organization\",\"@id\":\"https:\\\/\\\/www.casadocuidar.org.br\\\/#organization\",\"name\":\"Casa do Cuidar \u2013 Pr\u00e1tica e ensino em cuidados paliativos\",\"url\":\"https:\\\/\\\/www.casadocuidar.org.br\\\/\",\"logo\":{\"@type\":\"ImageObject\",\"inLanguage\":\"en-US\",\"@id\":\"https:\\\/\\\/www.casadocuidar.org.br\\\/#\\\/schema\\\/logo\\\/image\\\/\",\"url\":\"https:\\\/\\\/www.casadocuidar.org.br\\\/website\\\/wp-content\\\/uploads\\\/2018\\\/08\\\/casadocuidar-logoshare.png\",\"contentUrl\":\"https:\\\/\\\/www.casadocuidar.org.br\\\/website\\\/wp-content\\\/uploads\\\/2018\\\/08\\\/casadocuidar-logoshare.png\",\"width\":500,\"height\":500,\"caption\":\"Casa do Cuidar \u2013 Pr\u00e1tica e ensino em cuidados paliativos\"},\"image\":{\"@id\":\"https:\\\/\\\/www.casadocuidar.org.br\\\/#\\\/schema\\\/logo\\\/image\\\/\"}},{\"@type\":\"Person\",\"@id\":\"https:\\\/\\\/www.casadocuidar.org.br\\\/#\\\/schema\\\/person\\\/01d4bdf3952ec17e7ecb2a10adcd5c41\",\"name\":\"\",\"image\":{\"@type\":\"ImageObject\",\"inLanguage\":\"en-US\",\"@id\":\"https:\\\/\\\/secure.gravatar.com\\\/avatar\\\/54bf5c5ca2b83b94318a0626ecf653d87df4460a1922eec7711d0f3cdf9a801e?s=96&d=mm&r=g\",\"url\":\"https:\\\/\\\/secure.gravatar.com\\\/avatar\\\/54bf5c5ca2b83b94318a0626ecf653d87df4460a1922eec7711d0f3cdf9a801e?s=96&d=mm&r=g\",\"contentUrl\":\"https:\\\/\\\/secure.gravatar.com\\\/avatar\\\/54bf5c5ca2b83b94318a0626ecf653d87df4460a1922eec7711d0f3cdf9a801e?s=96&d=mm&r=g\"}}]}<\/script>\n<!-- \/ Yoast SEO plugin. -->","yoast_head_json":{"title":"Doe o seu imposto de renda e nos ajude a levar arte e cultura para pacientes em Cuidados Paliativos! - Casa do Cuidar","robots":{"index":"index","follow":"follow","max-snippet":"max-snippet:-1","max-image-preview":"max-image-preview:large","max-video-preview":"max-video-preview:-1"},"canonical":"https:\/\/www.casadocuidar.org.br\/blog\/doe-o-seu-imposto-de-renda-e-nos-ajude-a-levar-arte-e-cultura-para-pacientes-em-cuidados-paliativos\/","og_locale":"en_US","og_type":"article","og_title":"Doe o seu imposto de renda e nos ajude a levar arte e cultura para pacientes em Cuidados Paliativos! - Casa do Cuidar","og_description":"A miss\u00e3o da Casa do Cuidar Brasil \u00e9 promover a excel\u00eancia da pr\u00e1tica e do ensino em Cuidados Paliativos no Brasil, bem como a divulga\u00e7\u00e3o desse conhecimento para a sociedade e aos profissionais de sa\u00fade. O objetivo \u00e9 que o atendimento eficaz do al\u00edvio do sofrimento em todas as suas dimens\u00f5es relacionados \u00e0 experi\u00eancia de&hellip;","og_url":"https:\/\/www.casadocuidar.org.br\/blog\/doe-o-seu-imposto-de-renda-e-nos-ajude-a-levar-arte-e-cultura-para-pacientes-em-cuidados-paliativos\/","og_site_name":"Casa do Cuidar","article_published_time":"2023-12-27T19:02:09+00:00","og_image":[{"width":680,"height":453,"url":"https:\/\/www.casadocuidar.org.br\/website\/wp-content\/uploads\/2023\/12\/Thumbs-blog.png","type":"image\/png"}],"twitter_card":"summary_large_image","twitter_misc":{"Written by":"","Est. reading time":"3 minutes"},"schema":{"@context":"https:\/\/schema.org","@graph":[{"@type":"Article","@id":"https:\/\/www.casadocuidar.org.br\/blog\/doe-o-seu-imposto-de-renda-e-nos-ajude-a-levar-arte-e-cultura-para-pacientes-em-cuidados-paliativos\/#article","isPartOf":{"@id":"https:\/\/www.casadocuidar.org.br\/blog\/doe-o-seu-imposto-de-renda-e-nos-ajude-a-levar-arte-e-cultura-para-pacientes-em-cuidados-paliativos\/"},"author":{"name":"","@id":"https:\/\/www.casadocuidar.org.br\/#\/schema\/person\/01d4bdf3952ec17e7ecb2a10adcd5c41"},"headline":"Doe o seu imposto de renda e nos ajude a levar arte e cultura para pacientes em Cuidados Paliativos!","datePublished":"2023-12-27T19:02:09+00:00","mainEntityOfPage":{"@id":"https:\/\/www.casadocuidar.org.br\/blog\/doe-o-seu-imposto-de-renda-e-nos-ajude-a-levar-arte-e-cultura-para-pacientes-em-cuidados-paliativos\/"},"wordCount":470,"commentCount":0,"publisher":{"@id":"https:\/\/www.casadocuidar.org.br\/#organization"},"image":{"@id":"https:\/\/www.casadocuidar.org.br\/blog\/doe-o-seu-imposto-de-renda-e-nos-ajude-a-levar-arte-e-cultura-para-pacientes-em-cuidados-paliativos\/#primaryimage"},"thumbnailUrl":"https:\/\/www.casadocuidar.org.br\/website\/wp-content\/uploads\/2023\/12\/Thumbs-blog.png","articleSection":["Blog"],"inLanguage":"en-US","potentialAction":[{"@type":"CommentAction","name":"Comment","target":["https:\/\/www.casadocuidar.org.br\/blog\/doe-o-seu-imposto-de-renda-e-nos-ajude-a-levar-arte-e-cultura-para-pacientes-em-cuidados-paliativos\/#respond"]}]},{"@type":"WebPage","@id":"https:\/\/www.casadocuidar.org.br\/blog\/doe-o-seu-imposto-de-renda-e-nos-ajude-a-levar-arte-e-cultura-para-pacientes-em-cuidados-paliativos\/","url":"https:\/\/www.casadocuidar.org.br\/blog\/doe-o-seu-imposto-de-renda-e-nos-ajude-a-levar-arte-e-cultura-para-pacientes-em-cuidados-paliativos\/","name":"Doe o seu imposto de renda e nos ajude a levar arte e cultura para pacientes em Cuidados Paliativos! - Casa do Cuidar","isPartOf":{"@id":"https:\/\/www.casadocuidar.org.br\/#website"},"primaryImageOfPage":{"@id":"https:\/\/www.casadocuidar.org.br\/blog\/doe-o-seu-imposto-de-renda-e-nos-ajude-a-levar-arte-e-cultura-para-pacientes-em-cuidados-paliativos\/#primaryimage"},"image":{"@id":"https:\/\/www.casadocuidar.org.br\/blog\/doe-o-seu-imposto-de-renda-e-nos-ajude-a-levar-arte-e-cultura-para-pacientes-em-cuidados-paliativos\/#primaryimage"},"thumbnailUrl":"https:\/\/www.casadocuidar.org.br\/website\/wp-content\/uploads\/2023\/12\/Thumbs-blog.png","datePublished":"2023-12-27T19:02:09+00:00","breadcrumb":{"@id":"https:\/\/www.casadocuidar.org.br\/blog\/doe-o-seu-imposto-de-renda-e-nos-ajude-a-levar-arte-e-cultura-para-pacientes-em-cuidados-paliativos\/#breadcrumb"},"inLanguage":"en-US","potentialAction":[{"@type":"ReadAction","target":["https:\/\/www.casadocuidar.org.br\/blog\/doe-o-seu-imposto-de-renda-e-nos-ajude-a-levar-arte-e-cultura-para-pacientes-em-cuidados-paliativos\/"]}]},{"@type":"ImageObject","inLanguage":"en-US","@id":"https:\/\/www.casadocuidar.org.br\/blog\/doe-o-seu-imposto-de-renda-e-nos-ajude-a-levar-arte-e-cultura-para-pacientes-em-cuidados-paliativos\/#primaryimage","url":"https:\/\/www.casadocuidar.org.br\/website\/wp-content\/uploads\/2023\/12\/Thumbs-blog.png","contentUrl":"https:\/\/www.casadocuidar.org.br\/website\/wp-content\/uploads\/2023\/12\/Thumbs-blog.png","width":680,"height":453},{"@type":"BreadcrumbList","@id":"https:\/\/www.casadocuidar.org.br\/blog\/doe-o-seu-imposto-de-renda-e-nos-ajude-a-levar-arte-e-cultura-para-pacientes-em-cuidados-paliativos\/#breadcrumb","itemListElement":[{"@type":"ListItem","position":1,"name":"In\u00edcio","item":"https:\/\/www.casadocuidar.org.br\/en\/"},{"@type":"ListItem","position":2,"name":"Doe o seu imposto de renda e nos ajude a levar arte e cultura para pacientes em Cuidados Paliativos!"}]},{"@type":"WebSite","@id":"https:\/\/www.casadocuidar.org.br\/#website","url":"https:\/\/www.casadocuidar.org.br\/","name":"Casa do Cuidar","description":"Pr\u00e1tica e ensino em cuidados paliativos","publisher":{"@id":"https:\/\/www.casadocuidar.org.br\/#organization"},"potentialAction":[{"@type":"SearchAction","target":{"@type":"EntryPoint","urlTemplate":"https:\/\/www.casadocuidar.org.br\/?s={search_term_string}"},"query-input":{"@type":"PropertyValueSpecification","valueRequired":true,"valueName":"search_term_string"}}],"inLanguage":"en-US"},{"@type":"Organization","@id":"https:\/\/www.casadocuidar.org.br\/#organization","name":"Casa do Cuidar \u2013 Pr\u00e1tica e ensino em cuidados paliativos","url":"https:\/\/www.casadocuidar.org.br\/","logo":{"@type":"ImageObject","inLanguage":"en-US","@id":"https:\/\/www.casadocuidar.org.br\/#\/schema\/logo\/image\/","url":"https:\/\/www.casadocuidar.org.br\/website\/wp-content\/uploads\/2018\/08\/casadocuidar-logoshare.png","contentUrl":"https:\/\/www.casadocuidar.org.br\/website\/wp-content\/uploads\/2018\/08\/casadocuidar-logoshare.png","width":500,"height":500,"caption":"Casa do Cuidar \u2013 Pr\u00e1tica e ensino em cuidados paliativos"},"image":{"@id":"https:\/\/www.casadocuidar.org.br\/#\/schema\/logo\/image\/"}},{"@type":"Person","@id":"https:\/\/www.casadocuidar.org.br\/#\/schema\/person\/01d4bdf3952ec17e7ecb2a10adcd5c41","name":"","image":{"@type":"ImageObject","inLanguage":"en-US","@id":"https:\/\/secure.gravatar.com\/avatar\/54bf5c5ca2b83b94318a0626ecf653d87df4460a1922eec7711d0f3cdf9a801e?s=96&d=mm&r=g","url":"https:\/\/secure.gravatar.com\/avatar\/54bf5c5ca2b83b94318a0626ecf653d87df4460a1922eec7711d0f3cdf9a801e?s=96&d=mm&r=g","contentUrl":"https:\/\/secure.gravatar.com\/avatar\/54bf5c5ca2b83b94318a0626ecf653d87df4460a1922eec7711d0f3cdf9a801e?s=96&d=mm&r=g"}}]}},"_links":{"self":[{"href":"https:\/\/www.casadocuidar.org.br\/en\/wp-json\/wp\/v2\/posts\/18519","targetHints":{"allow":["GET"]}}],"collection":[{"href":"https:\/\/www.casadocuidar.org.br\/en\/wp-json\/wp\/v2\/posts"}],"about":[{"href":"https:\/\/www.casadocuidar.org.br\/en\/wp-json\/wp\/v2\/types\/post"}],"author":[{"embeddable":true,"href":"https:\/\/www.casadocuidar.org.br\/en\/wp-json\/wp\/v2\/users\/2618"}],"replies":[{"embeddable":true,"href":"https:\/\/www.casadocuidar.org.br\/en\/wp-json\/wp\/v2\/comments?post=18519"}],"version-history":[{"count":1,"href":"https:\/\/www.casadocuidar.org.br\/en\/wp-json\/wp\/v2\/posts\/18519\/revisions"}],"predecessor-version":[{"id":18523,"href":"https:\/\/www.casadocuidar.org.br\/en\/wp-json\/wp\/v2\/posts\/18519\/revisions\/18523"}],"wp:featuredmedia":[{"embeddable":true,"href":"https:\/\/www.casadocuidar.org.br\/en\/wp-json\/wp\/v2\/media\/18521"}],"wp:attachment":[{"href":"https:\/\/www.casadocuidar.org.br\/en\/wp-json\/wp\/v2\/media?parent=18519"}],"wp:term":[{"taxonomy":"category","embeddable":true,"href":"https:\/\/www.casadocuidar.org.br\/en\/wp-json\/wp\/v2\/categories?post=18519"},{"taxonomy":"post_tag","embeddable":true,"href":"https:\/\/www.casadocuidar.org.br\/en\/wp-json\/wp\/v2\/tags?post=18519"}],"curies":[{"name":"wp","href":"https:\/\/api.w.org\/{rel}","templated":true}]}}