{"id":18272,"date":"2023-12-12T08:45:13","date_gmt":"2023-12-12T11:45:13","guid":{"rendered":"https:\/\/www.casadocuidar.org.br\/?p=18272"},"modified":"2023-12-12T08:45:13","modified_gmt":"2023-12-12T11:45:13","slug":"como-melhorar-a-comunicacao-com-pacientes-em-cuidados-paliativos","status":"publish","type":"post","link":"https:\/\/www.casadocuidar.org.br\/en\/blog\/como-melhorar-a-comunicacao-com-pacientes-em-cuidados-paliativos\/","title":{"rendered":"Como melhorar a comunica\u00e7\u00e3o com pacientes em Cuidados Paliativos?"},"content":{"rendered":"<p>\u00c9 natural que, com o passar dos anos, apresentemos algumas mudan\u00e7as em nossa comunica\u00e7\u00e3o. E, quando h\u00e1 um diagn\u00f3stico de uma <strong>doen\u00e7a amea\u00e7adora da vida<\/strong>, a comunica\u00e7\u00e3o pode ser um desafio (em decorr\u00eancia da doen\u00e7a, condi\u00e7\u00f5es neurol\u00f3gicas ou diminui\u00e7\u00e3o da capacidade f\u00edsica), tanto para o paciente, quanto para seus familiares e profissionais de sa\u00fade.<\/p>\n<p>Dessa maneira, tendo em vista que a comunica\u00e7\u00e3o \u00e9 um dos pilares dos<strong> Cuidados Paliativos<\/strong> e tamb\u00e9m um aspecto imprescind\u00edvel para o <strong>bem-estar<\/strong> e a <strong>dignidade<\/strong> do ser humano, faz-se necess\u00e1rias algumas adapta\u00e7\u00f5es para uma melhor <strong>qualidade de vida<\/strong>.<\/p>\n<p>\u00c9 preciso avaliar o paciente para al\u00e9m da doen\u00e7a. Faz-se necess\u00e1rio conversar com o paciente e os familiares para identificar quais s\u00e3o suas limita\u00e7\u00f5es em rela\u00e7\u00e3o \u00e0 <strong>comunica\u00e7\u00e3o<\/strong> e quais s\u00e3o as quest\u00f5es que comprometem o bom entendimento da fala.<\/p>\n<p>Feito isso, \u00e9 desenvolvido um plano com poss\u00edveis <strong>alternativas<\/strong> de acordo com a demanda do paciente. Em muitos casos, a comunica\u00e7\u00e3o alternativa se torna uma ferramenta fundamental, oferecendo <strong>novas maneiras de se comunicar<\/strong> por meio de sinais manuais, gestos, escrita, objetos tang\u00edveis, desenhos, placas de comunica\u00e7\u00e3o de imagem, placas com palavras e frases e at\u00e9 dispositivos geradores de fala.<br \/>\nSendo assim, a comunica\u00e7\u00e3o em Cuidados Paliativos tem por objetivo:<br \/>\n&#8211;<strong>Ouvir<\/strong> e <strong>acolher<\/strong> as necessidades do paciente e de seus familiares;<br \/>\n-Permitir que o paciente manifeste e participe das <strong>decis\u00f5es<\/strong> e cuidados relacionados em rela\u00e7\u00e3o ao seu diagn\u00f3stico;<br \/>\n-Promover a viv\u00eancia da <strong>finitude<\/strong> de forma mais saud\u00e1vel;<br \/>\n&#8211;<strong>Fortalecer v\u00ednculos<\/strong> afetivos dos pacientes com os familiares e profissionais de sa\u00fade;<br \/>\n-Contribuir para que o paciente tenha consci\u00eancia do seu <strong>tratamento<\/strong> e progn\u00f3stico;<br \/>\n-Possibilitar um espa\u00e7o seguro para que o paciente e seus familiares compartilhem seus <strong>medos e desejos<\/strong>;<br \/>\n-Garantir o bem-estar e a sensa\u00e7\u00e3o de <strong>seguran\u00e7a<\/strong> dos pacientes e familiares;<br \/>\n-Resgatar e valorizar as <strong>rela\u00e7\u00f5es<\/strong> de todos os envolvidos.<\/p>\n<p>De maneira geral, algumas recomenda\u00e7\u00f5es devem ser levadas em conta pelos profissionais de sa\u00fade ao se comunicarem com os pacientes e familiares &#8211; principalmente no caso de not\u00edcias dif\u00edceis:<br \/>\n-O <strong>ambiente<\/strong> deve ser <strong>seguro<\/strong> e livre de ru\u00eddos para que a comunica\u00e7\u00e3o seja clara;<br \/>\n-Fazer uso de uma <strong>linguagem clara e simples<\/strong>;<br \/>\n-Nunca assumir uma posi\u00e7\u00e3o f\u00edsica superior, fique no mesmo n\u00edvel do paciente\/familiar;<br \/>\n-Estabelecer <strong>contato visual<\/strong>;<br \/>\n&#8211;<strong>Gestos<\/strong> s\u00e3o bem-vindos;<br \/>\n&#8211;<strong>Tocar<\/strong> na pessoa, se ela assim o permitir (pe\u00e7a licen\u00e7a).<\/p>\n<p>\u00c9 importante criar uma rela\u00e7\u00e3o de confian\u00e7a para que o paciente possa se abrir e seus desejos e valores sejam respeitados. Se poss\u00edvel, discutir os sentimentos em rela\u00e7\u00e3o \u00e0 doen\u00e7a, sem esconder o que est\u00e1 acontecendo e qual \u00e9 o progn\u00f3stico.<br \/>\nLembre-se: ou\u00e7a mais do que fale.<\/p>\n<h3>\nA escuta ativa \u00e9 uma habilidade essencial para todos os profissionais envolvidos em Cuidados Paliativos, promovendo o cuidado integral e humanizado at\u00e9 o fim da vida.<\/h3>\n","protected":false},"excerpt":{"rendered":"<p>\u00c9 natural que, com o passar dos anos, apresentemos algumas mudan\u00e7as em nossa comunica\u00e7\u00e3o. E, quando h\u00e1 um diagn\u00f3stico de uma doen\u00e7a amea\u00e7adora da vida, a comunica\u00e7\u00e3o pode ser um desafio (em decorr\u00eancia da doen\u00e7a, condi\u00e7\u00f5es neurol\u00f3gicas ou diminui\u00e7\u00e3o da capacidade f\u00edsica), tanto para o paciente, quanto para seus familiares e profissionais de sa\u00fade. Dessa&hellip;<\/p>\n","protected":false},"author":2618,"featured_media":18273,"comment_status":"open","ping_status":"closed","sticky":false,"template":"","format":"standard","meta":{"_acf_changed":false,"footnotes":""},"categories":[23],"tags":[],"class_list":["post-18272","post","type-post","status-publish","format-standard","has-post-thumbnail","hentry","category-blog","category-23","description-off"],"acf":[],"yoast_head":"<!-- This site is optimized with the Yoast SEO plugin v27.5 - https:\/\/yoast.com\/product\/yoast-seo-wordpress\/ -->\n<title>Como melhorar a comunica\u00e7\u00e3o com pacientes em Cuidados Paliativos? - Casa do Cuidar<\/title>\n<meta name=\"robots\" content=\"index, follow, max-snippet:-1, max-image-preview:large, max-video-preview:-1\" \/>\n<link rel=\"canonical\" href=\"https:\/\/www.casadocuidar.org.br\/blog\/como-melhorar-a-comunicacao-com-pacientes-em-cuidados-paliativos\/\" \/>\n<meta property=\"og:locale\" content=\"en_US\" \/>\n<meta property=\"og:type\" content=\"article\" \/>\n<meta property=\"og:title\" content=\"Como melhorar a comunica\u00e7\u00e3o com pacientes em Cuidados Paliativos? - Casa do Cuidar\" \/>\n<meta property=\"og:description\" content=\"\u00c9 natural que, com o passar dos anos, apresentemos algumas mudan\u00e7as em nossa comunica\u00e7\u00e3o. E, quando h\u00e1 um diagn\u00f3stico de uma doen\u00e7a amea\u00e7adora da vida, a comunica\u00e7\u00e3o pode ser um desafio (em decorr\u00eancia da doen\u00e7a, condi\u00e7\u00f5es neurol\u00f3gicas ou diminui\u00e7\u00e3o da capacidade f\u00edsica), tanto para o paciente, quanto para seus familiares e profissionais de sa\u00fade. Dessa&hellip;\" \/>\n<meta property=\"og:url\" content=\"https:\/\/www.casadocuidar.org.br\/blog\/como-melhorar-a-comunicacao-com-pacientes-em-cuidados-paliativos\/\" \/>\n<meta property=\"og:site_name\" content=\"Casa do Cuidar\" \/>\n<meta property=\"article:published_time\" content=\"2023-12-12T11:45:13+00:00\" \/>\n<meta property=\"og:image\" content=\"https:\/\/www.casadocuidar.org.br\/website\/wp-content\/uploads\/2023\/12\/Thumbs-COMUNICACAO-COM-PACIENTES-EM-CUIDADOS-PALIATIVOS.png\" \/>\n\t<meta property=\"og:image:width\" content=\"680\" \/>\n\t<meta property=\"og:image:height\" content=\"453\" \/>\n\t<meta property=\"og:image:type\" content=\"image\/png\" \/>\n<meta name=\"twitter:card\" content=\"summary_large_image\" \/>\n<meta name=\"twitter:label1\" content=\"Written by\" \/>\n\t<meta name=\"twitter:data1\" content=\"\" \/>\n\t<meta name=\"twitter:label2\" content=\"Est. reading time\" \/>\n\t<meta name=\"twitter:data2\" content=\"3 minutes\" \/>\n<script type=\"application\/ld+json\" class=\"yoast-schema-graph\">{\"@context\":\"https:\\\/\\\/schema.org\",\"@graph\":[{\"@type\":\"Article\",\"@id\":\"https:\\\/\\\/www.casadocuidar.org.br\\\/blog\\\/como-melhorar-a-comunicacao-com-pacientes-em-cuidados-paliativos\\\/#article\",\"isPartOf\":{\"@id\":\"https:\\\/\\\/www.casadocuidar.org.br\\\/blog\\\/como-melhorar-a-comunicacao-com-pacientes-em-cuidados-paliativos\\\/\"},\"author\":{\"name\":\"\",\"@id\":\"https:\\\/\\\/www.casadocuidar.org.br\\\/#\\\/schema\\\/person\\\/01d4bdf3952ec17e7ecb2a10adcd5c41\"},\"headline\":\"Como melhorar a comunica\u00e7\u00e3o com pacientes em Cuidados Paliativos?\",\"datePublished\":\"2023-12-12T11:45:13+00:00\",\"mainEntityOfPage\":{\"@id\":\"https:\\\/\\\/www.casadocuidar.org.br\\\/blog\\\/como-melhorar-a-comunicacao-com-pacientes-em-cuidados-paliativos\\\/\"},\"wordCount\":519,\"commentCount\":2,\"publisher\":{\"@id\":\"https:\\\/\\\/www.casadocuidar.org.br\\\/#organization\"},\"image\":{\"@id\":\"https:\\\/\\\/www.casadocuidar.org.br\\\/blog\\\/como-melhorar-a-comunicacao-com-pacientes-em-cuidados-paliativos\\\/#primaryimage\"},\"thumbnailUrl\":\"https:\\\/\\\/www.casadocuidar.org.br\\\/website\\\/wp-content\\\/uploads\\\/2023\\\/12\\\/Thumbs-COMUNICACAO-COM-PACIENTES-EM-CUIDADOS-PALIATIVOS.png\",\"articleSection\":[\"Blog\"],\"inLanguage\":\"en-US\",\"potentialAction\":[{\"@type\":\"CommentAction\",\"name\":\"Comment\",\"target\":[\"https:\\\/\\\/www.casadocuidar.org.br\\\/blog\\\/como-melhorar-a-comunicacao-com-pacientes-em-cuidados-paliativos\\\/#respond\"]}]},{\"@type\":\"WebPage\",\"@id\":\"https:\\\/\\\/www.casadocuidar.org.br\\\/blog\\\/como-melhorar-a-comunicacao-com-pacientes-em-cuidados-paliativos\\\/\",\"url\":\"https:\\\/\\\/www.casadocuidar.org.br\\\/blog\\\/como-melhorar-a-comunicacao-com-pacientes-em-cuidados-paliativos\\\/\",\"name\":\"Como melhorar a comunica\u00e7\u00e3o com pacientes em Cuidados Paliativos? - Casa do Cuidar\",\"isPartOf\":{\"@id\":\"https:\\\/\\\/www.casadocuidar.org.br\\\/#website\"},\"primaryImageOfPage\":{\"@id\":\"https:\\\/\\\/www.casadocuidar.org.br\\\/blog\\\/como-melhorar-a-comunicacao-com-pacientes-em-cuidados-paliativos\\\/#primaryimage\"},\"image\":{\"@id\":\"https:\\\/\\\/www.casadocuidar.org.br\\\/blog\\\/como-melhorar-a-comunicacao-com-pacientes-em-cuidados-paliativos\\\/#primaryimage\"},\"thumbnailUrl\":\"https:\\\/\\\/www.casadocuidar.org.br\\\/website\\\/wp-content\\\/uploads\\\/2023\\\/12\\\/Thumbs-COMUNICACAO-COM-PACIENTES-EM-CUIDADOS-PALIATIVOS.png\",\"datePublished\":\"2023-12-12T11:45:13+00:00\",\"breadcrumb\":{\"@id\":\"https:\\\/\\\/www.casadocuidar.org.br\\\/blog\\\/como-melhorar-a-comunicacao-com-pacientes-em-cuidados-paliativos\\\/#breadcrumb\"},\"inLanguage\":\"en-US\",\"potentialAction\":[{\"@type\":\"ReadAction\",\"target\":[\"https:\\\/\\\/www.casadocuidar.org.br\\\/blog\\\/como-melhorar-a-comunicacao-com-pacientes-em-cuidados-paliativos\\\/\"]}]},{\"@type\":\"ImageObject\",\"inLanguage\":\"en-US\",\"@id\":\"https:\\\/\\\/www.casadocuidar.org.br\\\/blog\\\/como-melhorar-a-comunicacao-com-pacientes-em-cuidados-paliativos\\\/#primaryimage\",\"url\":\"https:\\\/\\\/www.casadocuidar.org.br\\\/website\\\/wp-content\\\/uploads\\\/2023\\\/12\\\/Thumbs-COMUNICACAO-COM-PACIENTES-EM-CUIDADOS-PALIATIVOS.png\",\"contentUrl\":\"https:\\\/\\\/www.casadocuidar.org.br\\\/website\\\/wp-content\\\/uploads\\\/2023\\\/12\\\/Thumbs-COMUNICACAO-COM-PACIENTES-EM-CUIDADOS-PALIATIVOS.png\",\"width\":680,\"height\":453},{\"@type\":\"BreadcrumbList\",\"@id\":\"https:\\\/\\\/www.casadocuidar.org.br\\\/blog\\\/como-melhorar-a-comunicacao-com-pacientes-em-cuidados-paliativos\\\/#breadcrumb\",\"itemListElement\":[{\"@type\":\"ListItem\",\"position\":1,\"name\":\"In\u00edcio\",\"item\":\"https:\\\/\\\/www.casadocuidar.org.br\\\/en\\\/\"},{\"@type\":\"ListItem\",\"position\":2,\"name\":\"Como melhorar a comunica\u00e7\u00e3o com pacientes em Cuidados Paliativos?\"}]},{\"@type\":\"WebSite\",\"@id\":\"https:\\\/\\\/www.casadocuidar.org.br\\\/#website\",\"url\":\"https:\\\/\\\/www.casadocuidar.org.br\\\/\",\"name\":\"Casa do Cuidar\",\"description\":\"Pr\u00e1tica e ensino em cuidados paliativos\",\"publisher\":{\"@id\":\"https:\\\/\\\/www.casadocuidar.org.br\\\/#organization\"},\"potentialAction\":[{\"@type\":\"SearchAction\",\"target\":{\"@type\":\"EntryPoint\",\"urlTemplate\":\"https:\\\/\\\/www.casadocuidar.org.br\\\/?s={search_term_string}\"},\"query-input\":{\"@type\":\"PropertyValueSpecification\",\"valueRequired\":true,\"valueName\":\"search_term_string\"}}],\"inLanguage\":\"en-US\"},{\"@type\":\"Organization\",\"@id\":\"https:\\\/\\\/www.casadocuidar.org.br\\\/#organization\",\"name\":\"Casa do Cuidar \u2013 Pr\u00e1tica e ensino em cuidados paliativos\",\"url\":\"https:\\\/\\\/www.casadocuidar.org.br\\\/\",\"logo\":{\"@type\":\"ImageObject\",\"inLanguage\":\"en-US\",\"@id\":\"https:\\\/\\\/www.casadocuidar.org.br\\\/#\\\/schema\\\/logo\\\/image\\\/\",\"url\":\"https:\\\/\\\/www.casadocuidar.org.br\\\/website\\\/wp-content\\\/uploads\\\/2018\\\/08\\\/casadocuidar-logoshare.png\",\"contentUrl\":\"https:\\\/\\\/www.casadocuidar.org.br\\\/website\\\/wp-content\\\/uploads\\\/2018\\\/08\\\/casadocuidar-logoshare.png\",\"width\":500,\"height\":500,\"caption\":\"Casa do Cuidar \u2013 Pr\u00e1tica e ensino em cuidados paliativos\"},\"image\":{\"@id\":\"https:\\\/\\\/www.casadocuidar.org.br\\\/#\\\/schema\\\/logo\\\/image\\\/\"}},{\"@type\":\"Person\",\"@id\":\"https:\\\/\\\/www.casadocuidar.org.br\\\/#\\\/schema\\\/person\\\/01d4bdf3952ec17e7ecb2a10adcd5c41\",\"name\":\"\",\"image\":{\"@type\":\"ImageObject\",\"inLanguage\":\"en-US\",\"@id\":\"https:\\\/\\\/secure.gravatar.com\\\/avatar\\\/54bf5c5ca2b83b94318a0626ecf653d87df4460a1922eec7711d0f3cdf9a801e?s=96&d=mm&r=g\",\"url\":\"https:\\\/\\\/secure.gravatar.com\\\/avatar\\\/54bf5c5ca2b83b94318a0626ecf653d87df4460a1922eec7711d0f3cdf9a801e?s=96&d=mm&r=g\",\"contentUrl\":\"https:\\\/\\\/secure.gravatar.com\\\/avatar\\\/54bf5c5ca2b83b94318a0626ecf653d87df4460a1922eec7711d0f3cdf9a801e?s=96&d=mm&r=g\"}}]}<\/script>\n<!-- \/ Yoast SEO plugin. -->","yoast_head_json":{"title":"Como melhorar a comunica\u00e7\u00e3o com pacientes em Cuidados Paliativos? - Casa do Cuidar","robots":{"index":"index","follow":"follow","max-snippet":"max-snippet:-1","max-image-preview":"max-image-preview:large","max-video-preview":"max-video-preview:-1"},"canonical":"https:\/\/www.casadocuidar.org.br\/blog\/como-melhorar-a-comunicacao-com-pacientes-em-cuidados-paliativos\/","og_locale":"en_US","og_type":"article","og_title":"Como melhorar a comunica\u00e7\u00e3o com pacientes em Cuidados Paliativos? - Casa do Cuidar","og_description":"\u00c9 natural que, com o passar dos anos, apresentemos algumas mudan\u00e7as em nossa comunica\u00e7\u00e3o. E, quando h\u00e1 um diagn\u00f3stico de uma doen\u00e7a amea\u00e7adora da vida, a comunica\u00e7\u00e3o pode ser um desafio (em decorr\u00eancia da doen\u00e7a, condi\u00e7\u00f5es neurol\u00f3gicas ou diminui\u00e7\u00e3o da capacidade f\u00edsica), tanto para o paciente, quanto para seus familiares e profissionais de sa\u00fade. Dessa&hellip;","og_url":"https:\/\/www.casadocuidar.org.br\/blog\/como-melhorar-a-comunicacao-com-pacientes-em-cuidados-paliativos\/","og_site_name":"Casa do Cuidar","article_published_time":"2023-12-12T11:45:13+00:00","og_image":[{"width":680,"height":453,"url":"https:\/\/www.casadocuidar.org.br\/website\/wp-content\/uploads\/2023\/12\/Thumbs-COMUNICACAO-COM-PACIENTES-EM-CUIDADOS-PALIATIVOS.png","type":"image\/png"}],"twitter_card":"summary_large_image","twitter_misc":{"Written by":"","Est. reading time":"3 minutes"},"schema":{"@context":"https:\/\/schema.org","@graph":[{"@type":"Article","@id":"https:\/\/www.casadocuidar.org.br\/blog\/como-melhorar-a-comunicacao-com-pacientes-em-cuidados-paliativos\/#article","isPartOf":{"@id":"https:\/\/www.casadocuidar.org.br\/blog\/como-melhorar-a-comunicacao-com-pacientes-em-cuidados-paliativos\/"},"author":{"name":"","@id":"https:\/\/www.casadocuidar.org.br\/#\/schema\/person\/01d4bdf3952ec17e7ecb2a10adcd5c41"},"headline":"Como melhorar a comunica\u00e7\u00e3o com pacientes em Cuidados Paliativos?","datePublished":"2023-12-12T11:45:13+00:00","mainEntityOfPage":{"@id":"https:\/\/www.casadocuidar.org.br\/blog\/como-melhorar-a-comunicacao-com-pacientes-em-cuidados-paliativos\/"},"wordCount":519,"commentCount":2,"publisher":{"@id":"https:\/\/www.casadocuidar.org.br\/#organization"},"image":{"@id":"https:\/\/www.casadocuidar.org.br\/blog\/como-melhorar-a-comunicacao-com-pacientes-em-cuidados-paliativos\/#primaryimage"},"thumbnailUrl":"https:\/\/www.casadocuidar.org.br\/website\/wp-content\/uploads\/2023\/12\/Thumbs-COMUNICACAO-COM-PACIENTES-EM-CUIDADOS-PALIATIVOS.png","articleSection":["Blog"],"inLanguage":"en-US","potentialAction":[{"@type":"CommentAction","name":"Comment","target":["https:\/\/www.casadocuidar.org.br\/blog\/como-melhorar-a-comunicacao-com-pacientes-em-cuidados-paliativos\/#respond"]}]},{"@type":"WebPage","@id":"https:\/\/www.casadocuidar.org.br\/blog\/como-melhorar-a-comunicacao-com-pacientes-em-cuidados-paliativos\/","url":"https:\/\/www.casadocuidar.org.br\/blog\/como-melhorar-a-comunicacao-com-pacientes-em-cuidados-paliativos\/","name":"Como melhorar a comunica\u00e7\u00e3o com pacientes em Cuidados Paliativos? - Casa do Cuidar","isPartOf":{"@id":"https:\/\/www.casadocuidar.org.br\/#website"},"primaryImageOfPage":{"@id":"https:\/\/www.casadocuidar.org.br\/blog\/como-melhorar-a-comunicacao-com-pacientes-em-cuidados-paliativos\/#primaryimage"},"image":{"@id":"https:\/\/www.casadocuidar.org.br\/blog\/como-melhorar-a-comunicacao-com-pacientes-em-cuidados-paliativos\/#primaryimage"},"thumbnailUrl":"https:\/\/www.casadocuidar.org.br\/website\/wp-content\/uploads\/2023\/12\/Thumbs-COMUNICACAO-COM-PACIENTES-EM-CUIDADOS-PALIATIVOS.png","datePublished":"2023-12-12T11:45:13+00:00","breadcrumb":{"@id":"https:\/\/www.casadocuidar.org.br\/blog\/como-melhorar-a-comunicacao-com-pacientes-em-cuidados-paliativos\/#breadcrumb"},"inLanguage":"en-US","potentialAction":[{"@type":"ReadAction","target":["https:\/\/www.casadocuidar.org.br\/blog\/como-melhorar-a-comunicacao-com-pacientes-em-cuidados-paliativos\/"]}]},{"@type":"ImageObject","inLanguage":"en-US","@id":"https:\/\/www.casadocuidar.org.br\/blog\/como-melhorar-a-comunicacao-com-pacientes-em-cuidados-paliativos\/#primaryimage","url":"https:\/\/www.casadocuidar.org.br\/website\/wp-content\/uploads\/2023\/12\/Thumbs-COMUNICACAO-COM-PACIENTES-EM-CUIDADOS-PALIATIVOS.png","contentUrl":"https:\/\/www.casadocuidar.org.br\/website\/wp-content\/uploads\/2023\/12\/Thumbs-COMUNICACAO-COM-PACIENTES-EM-CUIDADOS-PALIATIVOS.png","width":680,"height":453},{"@type":"BreadcrumbList","@id":"https:\/\/www.casadocuidar.org.br\/blog\/como-melhorar-a-comunicacao-com-pacientes-em-cuidados-paliativos\/#breadcrumb","itemListElement":[{"@type":"ListItem","position":1,"name":"In\u00edcio","item":"https:\/\/www.casadocuidar.org.br\/en\/"},{"@type":"ListItem","position":2,"name":"Como melhorar a comunica\u00e7\u00e3o com pacientes em Cuidados Paliativos?"}]},{"@type":"WebSite","@id":"https:\/\/www.casadocuidar.org.br\/#website","url":"https:\/\/www.casadocuidar.org.br\/","name":"Casa do Cuidar","description":"Pr\u00e1tica e ensino em cuidados paliativos","publisher":{"@id":"https:\/\/www.casadocuidar.org.br\/#organization"},"potentialAction":[{"@type":"SearchAction","target":{"@type":"EntryPoint","urlTemplate":"https:\/\/www.casadocuidar.org.br\/?s={search_term_string}"},"query-input":{"@type":"PropertyValueSpecification","valueRequired":true,"valueName":"search_term_string"}}],"inLanguage":"en-US"},{"@type":"Organization","@id":"https:\/\/www.casadocuidar.org.br\/#organization","name":"Casa do Cuidar \u2013 Pr\u00e1tica e ensino em cuidados paliativos","url":"https:\/\/www.casadocuidar.org.br\/","logo":{"@type":"ImageObject","inLanguage":"en-US","@id":"https:\/\/www.casadocuidar.org.br\/#\/schema\/logo\/image\/","url":"https:\/\/www.casadocuidar.org.br\/website\/wp-content\/uploads\/2018\/08\/casadocuidar-logoshare.png","contentUrl":"https:\/\/www.casadocuidar.org.br\/website\/wp-content\/uploads\/2018\/08\/casadocuidar-logoshare.png","width":500,"height":500,"caption":"Casa do Cuidar \u2013 Pr\u00e1tica e ensino em cuidados paliativos"},"image":{"@id":"https:\/\/www.casadocuidar.org.br\/#\/schema\/logo\/image\/"}},{"@type":"Person","@id":"https:\/\/www.casadocuidar.org.br\/#\/schema\/person\/01d4bdf3952ec17e7ecb2a10adcd5c41","name":"","image":{"@type":"ImageObject","inLanguage":"en-US","@id":"https:\/\/secure.gravatar.com\/avatar\/54bf5c5ca2b83b94318a0626ecf653d87df4460a1922eec7711d0f3cdf9a801e?s=96&d=mm&r=g","url":"https:\/\/secure.gravatar.com\/avatar\/54bf5c5ca2b83b94318a0626ecf653d87df4460a1922eec7711d0f3cdf9a801e?s=96&d=mm&r=g","contentUrl":"https:\/\/secure.gravatar.com\/avatar\/54bf5c5ca2b83b94318a0626ecf653d87df4460a1922eec7711d0f3cdf9a801e?s=96&d=mm&r=g"}}]}},"_links":{"self":[{"href":"https:\/\/www.casadocuidar.org.br\/en\/wp-json\/wp\/v2\/posts\/18272","targetHints":{"allow":["GET"]}}],"collection":[{"href":"https:\/\/www.casadocuidar.org.br\/en\/wp-json\/wp\/v2\/posts"}],"about":[{"href":"https:\/\/www.casadocuidar.org.br\/en\/wp-json\/wp\/v2\/types\/post"}],"author":[{"embeddable":true,"href":"https:\/\/www.casadocuidar.org.br\/en\/wp-json\/wp\/v2\/users\/2618"}],"replies":[{"embeddable":true,"href":"https:\/\/www.casadocuidar.org.br\/en\/wp-json\/wp\/v2\/comments?post=18272"}],"version-history":[{"count":1,"href":"https:\/\/www.casadocuidar.org.br\/en\/wp-json\/wp\/v2\/posts\/18272\/revisions"}],"predecessor-version":[{"id":18276,"href":"https:\/\/www.casadocuidar.org.br\/en\/wp-json\/wp\/v2\/posts\/18272\/revisions\/18276"}],"wp:featuredmedia":[{"embeddable":true,"href":"https:\/\/www.casadocuidar.org.br\/en\/wp-json\/wp\/v2\/media\/18273"}],"wp:attachment":[{"href":"https:\/\/www.casadocuidar.org.br\/en\/wp-json\/wp\/v2\/media?parent=18272"}],"wp:term":[{"taxonomy":"category","embeddable":true,"href":"https:\/\/www.casadocuidar.org.br\/en\/wp-json\/wp\/v2\/categories?post=18272"},{"taxonomy":"post_tag","embeddable":true,"href":"https:\/\/www.casadocuidar.org.br\/en\/wp-json\/wp\/v2\/tags?post=18272"}],"curies":[{"name":"wp","href":"https:\/\/api.w.org\/{rel}","templated":true}]}}