{"id":17427,"date":"2023-09-22T16:58:49","date_gmt":"2023-09-22T19:58:49","guid":{"rendered":"https:\/\/www.casadocuidar.org.br\/?p=17427"},"modified":"2023-09-22T16:58:49","modified_gmt":"2023-09-22T19:58:49","slug":"a-importancia-da-educacao-continuada-para-a-ampliacao-dos-cuidados-paliativos","status":"publish","type":"post","link":"https:\/\/www.casadocuidar.org.br\/en\/blog\/a-importancia-da-educacao-continuada-para-a-ampliacao-dos-cuidados-paliativos\/","title":{"rendered":"A import\u00e2ncia da educa\u00e7\u00e3o continuada para a amplia\u00e7\u00e3o dos Cuidados Paliativos"},"content":{"rendered":"<p>A import\u00e2ncia da educa\u00e7\u00e3o continuada na \u00e1rea da sa\u00fade \u00e9 fundamental e impacta positivamente a qualidade dos cuidados de sa\u00fade prestados, a seguran\u00e7a dos pacientes e o desenvolvimento profissional dos profissionais da sa\u00fade. No campo dos Cuidados Paliativos, por ser uma \u00e1rea ainda vista com desconfian\u00e7a e preconceito, as pesquisas cient\u00edficas servem como um apoio para mostrar que \u00e9 uma pr\u00e1tica baseada em evid\u00eancias que busca as melhores ferramentas para o bem-estar dos pacientes com doen\u00e7as amea\u00e7adoras da vida.<\/p>\n<p>Por isso, hoje viemos falar um pouco mais sobre alguns dados importantes a respeito dos Cuidados Paliativos relacionados \u00e0s desigualdades no acesso aos medicamentos para a dor e como a educa\u00e7\u00e3o e a informa\u00e7\u00e3o s\u00e3o poss\u00edveis solu\u00e7\u00f5es para mudar o cen\u00e1rio.<\/p>\n<p>Em artigo publicado pela revista <strong>The Lancet<\/strong> em 2017, os pesquisadores afirmam que os Cuidados Paliativos s\u00e3o um componente central da cobertura universal de sa\u00fade, por\u00e9m, no mundo, isso ainda n\u00e3o se traduz na pr\u00e1tica. Neste artigo foi citado um relat\u00f3rio (tamb\u00e9m lan\u00e7ado pela revista The Lancet) de 2015, mostrando a falta de acesso a medicamentos para dor e a dificuldade de receber Cuidados Paliativos, principalmente em pa\u00edses subdesenvolvidos.<\/p>\n<p>Um dos dados apresentados assusta: \u201cMais de 25.5 milh\u00f5es de pessoas morreram em 2015 experimentando algum tipo de sofrimento relacionado a sua quest\u00e3o de sa\u00fade.\u201d Al\u00e9m disso, mais de 70% dos \u00f3bitos em 2015 foram por doen\u00e7as n\u00e3o transmiss\u00edveis (e, inclusive, evit\u00e1veis) e mais de 75% dessas mortes foram em pa\u00edses subdesenvolvidos.<\/p>\n<p>Ainda sobre o relat\u00f3rio realizado pelo The Lancet, foi mostrado, por meio de n\u00fameros, a discrep\u00e2ncia entre a necessidade dos pacientes de um olhar para o al\u00edvio do sofrimento, principalmente a respeito da dor, da dificuldade de receber Cuidados Paliativos e da demanda de analg\u00e9sicos adequados como os opioides, por exemplo. Veja s\u00f3:<\/p>\n<ul>\n<li><strong>Das 298.5 toneladas de opioides (equivalentes a morfina) distribu\u00eddas no mundo por ano, apenas 0.1 tonelada foi distribu\u00edda em pa\u00edses subdesenvolvidos.<\/strong><\/li>\n<li><strong>Mais de 25.5 milh\u00f5es de pessoas morreram em 2015 experimentando algum tipo de sofrimento relacionado a sua quest\u00e3o de sa\u00fade.<\/strong><\/li>\n<li><strong>Quando somamos os pacientes que n\u00e3o morreram em 2015, mas que ainda assim apresentaram sofrimentos relacionados a problemas de sa\u00fade, temos 61 milh\u00f5es de pessoas, sendo que mais de 80% desses pacientes vivem em pa\u00edses subdesenvolvidos.<\/strong><\/li>\n<\/ul>\n<p>Nesse relat\u00f3rio, al\u00e9m de dimensionar o abismo entre necessidade e acesso, s\u00e3o sugeridas medidas para reduzir o problema, atrav\u00e9s da avalia\u00e7\u00e3o das barreiras existentes e da avalia\u00e7\u00e3o de iniciativas pelo mundo, principalmente nos pa\u00edses subdesenvolvidos que deram certo e podem servir de modelo para outros pa\u00edses.<\/p>\n<p>Com o aumento da expectativa de vida somado ao envelhecimento populacional, o n\u00famero de idosos fr\u00e1geis aumentar\u00e1, sendo mais frequente o surgimento de doen\u00e7as cr\u00f4nicas e n\u00e3o transmiss\u00edveis, mas que precisar\u00e3o de Cuidados Paliativos.<\/p>\n<p>Dessa maneira, a OMS dita que estamos vivendo a D\u00e9cada do Envelhecimento e tem buscado solu\u00e7\u00f5es para melhor qualidade de vida dos idosos. Portanto, fala-se em alguns pilares:<\/p>\n<ul>\n<li><strong>Mudar a forma como pensamos, sentimos e agimos com rela\u00e7\u00e3o \u00e0 idade e ao envelhecimento<\/strong><\/li>\n<li><strong>Garantir que as comunidades promovam as capacidades das pessoas idosas<\/strong><\/li>\n<li><strong>Entregar servi\u00e7os de cuidados integrados e de aten\u00e7\u00e3o prim\u00e1ria \u00e0 sa\u00fade centrados na pessoa e adequados \u00e0 pessoa idosa<\/strong><\/li>\n<li><strong>Propiciar o acesso a cuidados de longo prazo \u00e0s pessoas idosas que necessitem<\/strong><\/li>\n<\/ul>\n<h2>Todas essas mudan\u00e7as s\u00f3 ser\u00e3o efetivas se os profissionais de sa\u00fade envolvidos nos cuidados forem treinados e capacitados .<\/h2>\n<p>Embora os Cuidados Paliativos realizados por uma equipe especialista e multidisciplinar, muito do sofrimento relacionado a determinadas doen\u00e7as pode e deve ser manejado por outros especialistas como m\u00e9dicos generalistas e enfermeiros com acesso ao treinamento adequado.<\/p>\n<p>De qualquer forma, o relat\u00f3rio do <strong>The Lancet<\/strong> afirma a import\u00e2ncia do acesso \u00e0 sa\u00fade p\u00fablica de qualidade acima de tudo.<\/p>\n<p>O artigo completo pode ser lido <a href=\"https:\/\/www.thelancet.com\/commissions\/palliative-care\"><strong>AQUI.<\/strong><\/a><\/p>\n<p>&nbsp;<\/p>\n","protected":false},"excerpt":{"rendered":"<p>A import\u00e2ncia da educa\u00e7\u00e3o continuada na \u00e1rea da sa\u00fade \u00e9 fundamental e impacta positivamente a qualidade dos cuidados de sa\u00fade prestados, a seguran\u00e7a dos pacientes e o desenvolvimento profissional dos profissionais da sa\u00fade. No campo dos Cuidados Paliativos, por ser uma \u00e1rea ainda vista com desconfian\u00e7a e preconceito, as pesquisas cient\u00edficas servem como um apoio&hellip;<\/p>\n","protected":false},"author":2618,"featured_media":17428,"comment_status":"open","ping_status":"closed","sticky":false,"template":"","format":"standard","meta":{"_acf_changed":false,"footnotes":""},"categories":[23],"tags":[],"class_list":["post-17427","post","type-post","status-publish","format-standard","has-post-thumbnail","hentry","category-blog","category-23","description-off"],"acf":[],"yoast_head":"<!-- This site is optimized with the Yoast SEO plugin v27.5 - https:\/\/yoast.com\/product\/yoast-seo-wordpress\/ -->\n<title>A import\u00e2ncia da educa\u00e7\u00e3o continuada para a amplia\u00e7\u00e3o dos Cuidados Paliativos - Casa do Cuidar<\/title>\n<meta name=\"robots\" content=\"index, follow, max-snippet:-1, max-image-preview:large, max-video-preview:-1\" \/>\n<link rel=\"canonical\" href=\"https:\/\/www.casadocuidar.org.br\/blog\/a-importancia-da-educacao-continuada-para-a-ampliacao-dos-cuidados-paliativos\/\" \/>\n<meta property=\"og:locale\" content=\"en_US\" \/>\n<meta property=\"og:type\" content=\"article\" \/>\n<meta property=\"og:title\" content=\"A import\u00e2ncia da educa\u00e7\u00e3o continuada para a amplia\u00e7\u00e3o dos Cuidados Paliativos - Casa do Cuidar\" \/>\n<meta property=\"og:description\" content=\"A import\u00e2ncia da educa\u00e7\u00e3o continuada na \u00e1rea da sa\u00fade \u00e9 fundamental e impacta positivamente a qualidade dos cuidados de sa\u00fade prestados, a seguran\u00e7a dos pacientes e o desenvolvimento profissional dos profissionais da sa\u00fade. No campo dos Cuidados Paliativos, por ser uma \u00e1rea ainda vista com desconfian\u00e7a e preconceito, as pesquisas cient\u00edficas servem como um apoio&hellip;\" \/>\n<meta property=\"og:url\" content=\"https:\/\/www.casadocuidar.org.br\/blog\/a-importancia-da-educacao-continuada-para-a-ampliacao-dos-cuidados-paliativos\/\" \/>\n<meta property=\"og:site_name\" content=\"Casa do Cuidar\" \/>\n<meta property=\"article:published_time\" content=\"2023-09-22T19:58:49+00:00\" \/>\n<meta property=\"og:image\" content=\"https:\/\/www.casadocuidar.org.br\/website\/wp-content\/uploads\/2023\/09\/Thumb-blog-1.jpg\" \/>\n\t<meta property=\"og:image:width\" content=\"600\" \/>\n\t<meta property=\"og:image:height\" content=\"400\" \/>\n\t<meta property=\"og:image:type\" content=\"image\/jpeg\" \/>\n<meta name=\"twitter:card\" content=\"summary_large_image\" \/>\n<meta name=\"twitter:label1\" content=\"Written by\" \/>\n\t<meta name=\"twitter:data1\" content=\"\" \/>\n\t<meta name=\"twitter:label2\" content=\"Est. reading time\" \/>\n\t<meta name=\"twitter:data2\" content=\"4 minutes\" \/>\n<script type=\"application\/ld+json\" class=\"yoast-schema-graph\">{\"@context\":\"https:\\\/\\\/schema.org\",\"@graph\":[{\"@type\":\"Article\",\"@id\":\"https:\\\/\\\/www.casadocuidar.org.br\\\/blog\\\/a-importancia-da-educacao-continuada-para-a-ampliacao-dos-cuidados-paliativos\\\/#article\",\"isPartOf\":{\"@id\":\"https:\\\/\\\/www.casadocuidar.org.br\\\/blog\\\/a-importancia-da-educacao-continuada-para-a-ampliacao-dos-cuidados-paliativos\\\/\"},\"author\":{\"name\":\"\",\"@id\":\"https:\\\/\\\/www.casadocuidar.org.br\\\/#\\\/schema\\\/person\\\/01d4bdf3952ec17e7ecb2a10adcd5c41\"},\"headline\":\"A import\u00e2ncia da educa\u00e7\u00e3o continuada para a amplia\u00e7\u00e3o dos Cuidados Paliativos\",\"datePublished\":\"2023-09-22T19:58:49+00:00\",\"mainEntityOfPage\":{\"@id\":\"https:\\\/\\\/www.casadocuidar.org.br\\\/blog\\\/a-importancia-da-educacao-continuada-para-a-ampliacao-dos-cuidados-paliativos\\\/\"},\"wordCount\":695,\"commentCount\":0,\"publisher\":{\"@id\":\"https:\\\/\\\/www.casadocuidar.org.br\\\/#organization\"},\"image\":{\"@id\":\"https:\\\/\\\/www.casadocuidar.org.br\\\/blog\\\/a-importancia-da-educacao-continuada-para-a-ampliacao-dos-cuidados-paliativos\\\/#primaryimage\"},\"thumbnailUrl\":\"https:\\\/\\\/www.casadocuidar.org.br\\\/website\\\/wp-content\\\/uploads\\\/2023\\\/09\\\/Thumb-blog-1.jpg\",\"articleSection\":[\"Blog\"],\"inLanguage\":\"en-US\",\"potentialAction\":[{\"@type\":\"CommentAction\",\"name\":\"Comment\",\"target\":[\"https:\\\/\\\/www.casadocuidar.org.br\\\/blog\\\/a-importancia-da-educacao-continuada-para-a-ampliacao-dos-cuidados-paliativos\\\/#respond\"]}]},{\"@type\":\"WebPage\",\"@id\":\"https:\\\/\\\/www.casadocuidar.org.br\\\/blog\\\/a-importancia-da-educacao-continuada-para-a-ampliacao-dos-cuidados-paliativos\\\/\",\"url\":\"https:\\\/\\\/www.casadocuidar.org.br\\\/blog\\\/a-importancia-da-educacao-continuada-para-a-ampliacao-dos-cuidados-paliativos\\\/\",\"name\":\"A import\u00e2ncia da educa\u00e7\u00e3o continuada para a amplia\u00e7\u00e3o dos Cuidados Paliativos - Casa do Cuidar\",\"isPartOf\":{\"@id\":\"https:\\\/\\\/www.casadocuidar.org.br\\\/#website\"},\"primaryImageOfPage\":{\"@id\":\"https:\\\/\\\/www.casadocuidar.org.br\\\/blog\\\/a-importancia-da-educacao-continuada-para-a-ampliacao-dos-cuidados-paliativos\\\/#primaryimage\"},\"image\":{\"@id\":\"https:\\\/\\\/www.casadocuidar.org.br\\\/blog\\\/a-importancia-da-educacao-continuada-para-a-ampliacao-dos-cuidados-paliativos\\\/#primaryimage\"},\"thumbnailUrl\":\"https:\\\/\\\/www.casadocuidar.org.br\\\/website\\\/wp-content\\\/uploads\\\/2023\\\/09\\\/Thumb-blog-1.jpg\",\"datePublished\":\"2023-09-22T19:58:49+00:00\",\"breadcrumb\":{\"@id\":\"https:\\\/\\\/www.casadocuidar.org.br\\\/blog\\\/a-importancia-da-educacao-continuada-para-a-ampliacao-dos-cuidados-paliativos\\\/#breadcrumb\"},\"inLanguage\":\"en-US\",\"potentialAction\":[{\"@type\":\"ReadAction\",\"target\":[\"https:\\\/\\\/www.casadocuidar.org.br\\\/blog\\\/a-importancia-da-educacao-continuada-para-a-ampliacao-dos-cuidados-paliativos\\\/\"]}]},{\"@type\":\"ImageObject\",\"inLanguage\":\"en-US\",\"@id\":\"https:\\\/\\\/www.casadocuidar.org.br\\\/blog\\\/a-importancia-da-educacao-continuada-para-a-ampliacao-dos-cuidados-paliativos\\\/#primaryimage\",\"url\":\"https:\\\/\\\/www.casadocuidar.org.br\\\/website\\\/wp-content\\\/uploads\\\/2023\\\/09\\\/Thumb-blog-1.jpg\",\"contentUrl\":\"https:\\\/\\\/www.casadocuidar.org.br\\\/website\\\/wp-content\\\/uploads\\\/2023\\\/09\\\/Thumb-blog-1.jpg\",\"width\":600,\"height\":400},{\"@type\":\"BreadcrumbList\",\"@id\":\"https:\\\/\\\/www.casadocuidar.org.br\\\/blog\\\/a-importancia-da-educacao-continuada-para-a-ampliacao-dos-cuidados-paliativos\\\/#breadcrumb\",\"itemListElement\":[{\"@type\":\"ListItem\",\"position\":1,\"name\":\"In\u00edcio\",\"item\":\"https:\\\/\\\/www.casadocuidar.org.br\\\/en\\\/\"},{\"@type\":\"ListItem\",\"position\":2,\"name\":\"A import\u00e2ncia da educa\u00e7\u00e3o continuada para a amplia\u00e7\u00e3o dos Cuidados Paliativos\"}]},{\"@type\":\"WebSite\",\"@id\":\"https:\\\/\\\/www.casadocuidar.org.br\\\/#website\",\"url\":\"https:\\\/\\\/www.casadocuidar.org.br\\\/\",\"name\":\"Casa do Cuidar\",\"description\":\"Pr\u00e1tica e ensino em cuidados paliativos\",\"publisher\":{\"@id\":\"https:\\\/\\\/www.casadocuidar.org.br\\\/#organization\"},\"potentialAction\":[{\"@type\":\"SearchAction\",\"target\":{\"@type\":\"EntryPoint\",\"urlTemplate\":\"https:\\\/\\\/www.casadocuidar.org.br\\\/?s={search_term_string}\"},\"query-input\":{\"@type\":\"PropertyValueSpecification\",\"valueRequired\":true,\"valueName\":\"search_term_string\"}}],\"inLanguage\":\"en-US\"},{\"@type\":\"Organization\",\"@id\":\"https:\\\/\\\/www.casadocuidar.org.br\\\/#organization\",\"name\":\"Casa do Cuidar \u2013 Pr\u00e1tica e ensino em cuidados paliativos\",\"url\":\"https:\\\/\\\/www.casadocuidar.org.br\\\/\",\"logo\":{\"@type\":\"ImageObject\",\"inLanguage\":\"en-US\",\"@id\":\"https:\\\/\\\/www.casadocuidar.org.br\\\/#\\\/schema\\\/logo\\\/image\\\/\",\"url\":\"https:\\\/\\\/www.casadocuidar.org.br\\\/website\\\/wp-content\\\/uploads\\\/2018\\\/08\\\/casadocuidar-logoshare.png\",\"contentUrl\":\"https:\\\/\\\/www.casadocuidar.org.br\\\/website\\\/wp-content\\\/uploads\\\/2018\\\/08\\\/casadocuidar-logoshare.png\",\"width\":500,\"height\":500,\"caption\":\"Casa do Cuidar \u2013 Pr\u00e1tica e ensino em cuidados paliativos\"},\"image\":{\"@id\":\"https:\\\/\\\/www.casadocuidar.org.br\\\/#\\\/schema\\\/logo\\\/image\\\/\"}},{\"@type\":\"Person\",\"@id\":\"https:\\\/\\\/www.casadocuidar.org.br\\\/#\\\/schema\\\/person\\\/01d4bdf3952ec17e7ecb2a10adcd5c41\",\"name\":\"\",\"image\":{\"@type\":\"ImageObject\",\"inLanguage\":\"en-US\",\"@id\":\"https:\\\/\\\/secure.gravatar.com\\\/avatar\\\/54bf5c5ca2b83b94318a0626ecf653d87df4460a1922eec7711d0f3cdf9a801e?s=96&d=mm&r=g\",\"url\":\"https:\\\/\\\/secure.gravatar.com\\\/avatar\\\/54bf5c5ca2b83b94318a0626ecf653d87df4460a1922eec7711d0f3cdf9a801e?s=96&d=mm&r=g\",\"contentUrl\":\"https:\\\/\\\/secure.gravatar.com\\\/avatar\\\/54bf5c5ca2b83b94318a0626ecf653d87df4460a1922eec7711d0f3cdf9a801e?s=96&d=mm&r=g\"}}]}<\/script>\n<!-- \/ Yoast SEO plugin. -->","yoast_head_json":{"title":"A import\u00e2ncia da educa\u00e7\u00e3o continuada para a amplia\u00e7\u00e3o dos Cuidados Paliativos - Casa do Cuidar","robots":{"index":"index","follow":"follow","max-snippet":"max-snippet:-1","max-image-preview":"max-image-preview:large","max-video-preview":"max-video-preview:-1"},"canonical":"https:\/\/www.casadocuidar.org.br\/blog\/a-importancia-da-educacao-continuada-para-a-ampliacao-dos-cuidados-paliativos\/","og_locale":"en_US","og_type":"article","og_title":"A import\u00e2ncia da educa\u00e7\u00e3o continuada para a amplia\u00e7\u00e3o dos Cuidados Paliativos - Casa do Cuidar","og_description":"A import\u00e2ncia da educa\u00e7\u00e3o continuada na \u00e1rea da sa\u00fade \u00e9 fundamental e impacta positivamente a qualidade dos cuidados de sa\u00fade prestados, a seguran\u00e7a dos pacientes e o desenvolvimento profissional dos profissionais da sa\u00fade. No campo dos Cuidados Paliativos, por ser uma \u00e1rea ainda vista com desconfian\u00e7a e preconceito, as pesquisas cient\u00edficas servem como um apoio&hellip;","og_url":"https:\/\/www.casadocuidar.org.br\/blog\/a-importancia-da-educacao-continuada-para-a-ampliacao-dos-cuidados-paliativos\/","og_site_name":"Casa do Cuidar","article_published_time":"2023-09-22T19:58:49+00:00","og_image":[{"width":600,"height":400,"url":"https:\/\/www.casadocuidar.org.br\/website\/wp-content\/uploads\/2023\/09\/Thumb-blog-1.jpg","type":"image\/jpeg"}],"twitter_card":"summary_large_image","twitter_misc":{"Written by":"","Est. reading time":"4 minutes"},"schema":{"@context":"https:\/\/schema.org","@graph":[{"@type":"Article","@id":"https:\/\/www.casadocuidar.org.br\/blog\/a-importancia-da-educacao-continuada-para-a-ampliacao-dos-cuidados-paliativos\/#article","isPartOf":{"@id":"https:\/\/www.casadocuidar.org.br\/blog\/a-importancia-da-educacao-continuada-para-a-ampliacao-dos-cuidados-paliativos\/"},"author":{"name":"","@id":"https:\/\/www.casadocuidar.org.br\/#\/schema\/person\/01d4bdf3952ec17e7ecb2a10adcd5c41"},"headline":"A import\u00e2ncia da educa\u00e7\u00e3o continuada para a amplia\u00e7\u00e3o dos Cuidados Paliativos","datePublished":"2023-09-22T19:58:49+00:00","mainEntityOfPage":{"@id":"https:\/\/www.casadocuidar.org.br\/blog\/a-importancia-da-educacao-continuada-para-a-ampliacao-dos-cuidados-paliativos\/"},"wordCount":695,"commentCount":0,"publisher":{"@id":"https:\/\/www.casadocuidar.org.br\/#organization"},"image":{"@id":"https:\/\/www.casadocuidar.org.br\/blog\/a-importancia-da-educacao-continuada-para-a-ampliacao-dos-cuidados-paliativos\/#primaryimage"},"thumbnailUrl":"https:\/\/www.casadocuidar.org.br\/website\/wp-content\/uploads\/2023\/09\/Thumb-blog-1.jpg","articleSection":["Blog"],"inLanguage":"en-US","potentialAction":[{"@type":"CommentAction","name":"Comment","target":["https:\/\/www.casadocuidar.org.br\/blog\/a-importancia-da-educacao-continuada-para-a-ampliacao-dos-cuidados-paliativos\/#respond"]}]},{"@type":"WebPage","@id":"https:\/\/www.casadocuidar.org.br\/blog\/a-importancia-da-educacao-continuada-para-a-ampliacao-dos-cuidados-paliativos\/","url":"https:\/\/www.casadocuidar.org.br\/blog\/a-importancia-da-educacao-continuada-para-a-ampliacao-dos-cuidados-paliativos\/","name":"A import\u00e2ncia da educa\u00e7\u00e3o continuada para a amplia\u00e7\u00e3o dos Cuidados Paliativos - Casa do Cuidar","isPartOf":{"@id":"https:\/\/www.casadocuidar.org.br\/#website"},"primaryImageOfPage":{"@id":"https:\/\/www.casadocuidar.org.br\/blog\/a-importancia-da-educacao-continuada-para-a-ampliacao-dos-cuidados-paliativos\/#primaryimage"},"image":{"@id":"https:\/\/www.casadocuidar.org.br\/blog\/a-importancia-da-educacao-continuada-para-a-ampliacao-dos-cuidados-paliativos\/#primaryimage"},"thumbnailUrl":"https:\/\/www.casadocuidar.org.br\/website\/wp-content\/uploads\/2023\/09\/Thumb-blog-1.jpg","datePublished":"2023-09-22T19:58:49+00:00","breadcrumb":{"@id":"https:\/\/www.casadocuidar.org.br\/blog\/a-importancia-da-educacao-continuada-para-a-ampliacao-dos-cuidados-paliativos\/#breadcrumb"},"inLanguage":"en-US","potentialAction":[{"@type":"ReadAction","target":["https:\/\/www.casadocuidar.org.br\/blog\/a-importancia-da-educacao-continuada-para-a-ampliacao-dos-cuidados-paliativos\/"]}]},{"@type":"ImageObject","inLanguage":"en-US","@id":"https:\/\/www.casadocuidar.org.br\/blog\/a-importancia-da-educacao-continuada-para-a-ampliacao-dos-cuidados-paliativos\/#primaryimage","url":"https:\/\/www.casadocuidar.org.br\/website\/wp-content\/uploads\/2023\/09\/Thumb-blog-1.jpg","contentUrl":"https:\/\/www.casadocuidar.org.br\/website\/wp-content\/uploads\/2023\/09\/Thumb-blog-1.jpg","width":600,"height":400},{"@type":"BreadcrumbList","@id":"https:\/\/www.casadocuidar.org.br\/blog\/a-importancia-da-educacao-continuada-para-a-ampliacao-dos-cuidados-paliativos\/#breadcrumb","itemListElement":[{"@type":"ListItem","position":1,"name":"In\u00edcio","item":"https:\/\/www.casadocuidar.org.br\/en\/"},{"@type":"ListItem","position":2,"name":"A import\u00e2ncia da educa\u00e7\u00e3o continuada para a amplia\u00e7\u00e3o dos Cuidados Paliativos"}]},{"@type":"WebSite","@id":"https:\/\/www.casadocuidar.org.br\/#website","url":"https:\/\/www.casadocuidar.org.br\/","name":"Casa do Cuidar","description":"Pr\u00e1tica e ensino em cuidados paliativos","publisher":{"@id":"https:\/\/www.casadocuidar.org.br\/#organization"},"potentialAction":[{"@type":"SearchAction","target":{"@type":"EntryPoint","urlTemplate":"https:\/\/www.casadocuidar.org.br\/?s={search_term_string}"},"query-input":{"@type":"PropertyValueSpecification","valueRequired":true,"valueName":"search_term_string"}}],"inLanguage":"en-US"},{"@type":"Organization","@id":"https:\/\/www.casadocuidar.org.br\/#organization","name":"Casa do Cuidar \u2013 Pr\u00e1tica e ensino em cuidados paliativos","url":"https:\/\/www.casadocuidar.org.br\/","logo":{"@type":"ImageObject","inLanguage":"en-US","@id":"https:\/\/www.casadocuidar.org.br\/#\/schema\/logo\/image\/","url":"https:\/\/www.casadocuidar.org.br\/website\/wp-content\/uploads\/2018\/08\/casadocuidar-logoshare.png","contentUrl":"https:\/\/www.casadocuidar.org.br\/website\/wp-content\/uploads\/2018\/08\/casadocuidar-logoshare.png","width":500,"height":500,"caption":"Casa do Cuidar \u2013 Pr\u00e1tica e ensino em cuidados paliativos"},"image":{"@id":"https:\/\/www.casadocuidar.org.br\/#\/schema\/logo\/image\/"}},{"@type":"Person","@id":"https:\/\/www.casadocuidar.org.br\/#\/schema\/person\/01d4bdf3952ec17e7ecb2a10adcd5c41","name":"","image":{"@type":"ImageObject","inLanguage":"en-US","@id":"https:\/\/secure.gravatar.com\/avatar\/54bf5c5ca2b83b94318a0626ecf653d87df4460a1922eec7711d0f3cdf9a801e?s=96&d=mm&r=g","url":"https:\/\/secure.gravatar.com\/avatar\/54bf5c5ca2b83b94318a0626ecf653d87df4460a1922eec7711d0f3cdf9a801e?s=96&d=mm&r=g","contentUrl":"https:\/\/secure.gravatar.com\/avatar\/54bf5c5ca2b83b94318a0626ecf653d87df4460a1922eec7711d0f3cdf9a801e?s=96&d=mm&r=g"}}]}},"_links":{"self":[{"href":"https:\/\/www.casadocuidar.org.br\/en\/wp-json\/wp\/v2\/posts\/17427","targetHints":{"allow":["GET"]}}],"collection":[{"href":"https:\/\/www.casadocuidar.org.br\/en\/wp-json\/wp\/v2\/posts"}],"about":[{"href":"https:\/\/www.casadocuidar.org.br\/en\/wp-json\/wp\/v2\/types\/post"}],"author":[{"embeddable":true,"href":"https:\/\/www.casadocuidar.org.br\/en\/wp-json\/wp\/v2\/users\/2618"}],"replies":[{"embeddable":true,"href":"https:\/\/www.casadocuidar.org.br\/en\/wp-json\/wp\/v2\/comments?post=17427"}],"version-history":[{"count":1,"href":"https:\/\/www.casadocuidar.org.br\/en\/wp-json\/wp\/v2\/posts\/17427\/revisions"}],"predecessor-version":[{"id":17430,"href":"https:\/\/www.casadocuidar.org.br\/en\/wp-json\/wp\/v2\/posts\/17427\/revisions\/17430"}],"wp:featuredmedia":[{"embeddable":true,"href":"https:\/\/www.casadocuidar.org.br\/en\/wp-json\/wp\/v2\/media\/17428"}],"wp:attachment":[{"href":"https:\/\/www.casadocuidar.org.br\/en\/wp-json\/wp\/v2\/media?parent=17427"}],"wp:term":[{"taxonomy":"category","embeddable":true,"href":"https:\/\/www.casadocuidar.org.br\/en\/wp-json\/wp\/v2\/categories?post=17427"},{"taxonomy":"post_tag","embeddable":true,"href":"https:\/\/www.casadocuidar.org.br\/en\/wp-json\/wp\/v2\/tags?post=17427"}],"curies":[{"name":"wp","href":"https:\/\/api.w.org\/{rel}","templated":true}]}}