{"id":16938,"date":"2023-08-24T15:26:32","date_gmt":"2023-08-24T18:26:32","guid":{"rendered":"https:\/\/www.casadocuidar.org.br\/?p=16938"},"modified":"2023-08-24T15:34:45","modified_gmt":"2023-08-24T18:34:45","slug":"a-importancia-da-comunicacao-alternativa-em-cuidados-paliativos","status":"publish","type":"post","link":"https:\/\/www.casadocuidar.org.br\/en\/blog\/a-importancia-da-comunicacao-alternativa-em-cuidados-paliativos\/","title":{"rendered":"A import\u00e2ncia da comunica\u00e7\u00e3o alternativa em Cuidados Paliativos"},"content":{"rendered":"<p>A comunica\u00e7\u00e3o alternativa desempenha um papel significativo nos <strong>Cuidados Paliativos<\/strong>, especialmente quando os pacientes enfrentam dificuldades na comunica\u00e7\u00e3o tradicional devido a doen\u00e7as graves, condi\u00e7\u00f5es neurol\u00f3gicas ou diminui\u00e7\u00e3o da capacidade f\u00edsica.<\/p>\n<p>\u00c9 preciso levar em conta que <strong>a comunica\u00e7\u00e3o \u00e9 o principal caminho para a rela\u00e7\u00e3o<\/strong> entre pacientes, familiares e equipe, sendo uma ferramenta fundamental para assegurar as vontades do paciente, melhorar seu bem-estar e reduzir os anseios relacionados ao processo do adoecimento.<\/p>\n<p>Frente \u00e0s situa\u00e7\u00f5es que impedem (temporariamente ou permanentemente) as express\u00f5es verbais do paciente, \u00e9 preciso encontrar uma via alternativa para o funcionamento da comunica\u00e7\u00e3o. Este comprometimento da fala pode estar associado \u00e0 afasia, dist\u00farbios da fala, acidentes vasculares cerebrais, dem\u00eancias, paralisias cerebrais, entre outros.<\/p>\n<p>Tendo em vista que a comunica\u00e7\u00e3o \u00e9 a <strong>ess\u00eancia da vida humana<\/strong> e cumpre papel importante na constru\u00e7\u00e3o do indiv\u00edduo, quando h\u00e1\u00a0 a incapacidade de se comunicar, h\u00e1, inevitavelmente, uma <strong>diminui\u00e7\u00e3o de qualidade de vida<\/strong>. Dessa forma, encontrar formas alternativas para isso \u00e9 crucial em Cuidados Paliativos, trazendo mais conforto, bem-estar para o paciente e seus familiares. Tamb\u00e9m \u00e9 uma forma que os profissionais t\u00eam de <strong>direcionar melhor o cuidado<\/strong> a partir das demandas apresentadas.<\/p>\n<p><strong>Na comunica\u00e7\u00e3o alternativa, o comunicar-se n\u00e3o depender\u00e1 da fala oral: podem ser sinais manuais, tabelas de comunica\u00e7\u00e3o, dispositivos tecnol\u00f3gicos e outros meios que permitam a express\u00e3o de forma clara e compreens\u00edvel. O intuito \u00e9 colocar o paciente no centro das escolhas e fazer com que ele se sinta parte do todo.<\/strong><\/p>\n<p>Mas, para que ela seja efetiva, \u00e9 preciso estabelecer um di\u00e1logo em comum: e a equipe multidisciplinar ser\u00e1 a respons\u00e1vel por essa avalia\u00e7\u00e3o junto aos familiares, levando em conta o diagn\u00f3stico e aspectos cognitivos. Assim ser\u00e3o estabelecidos os m\u00e9todos e recursos t\u00e9cnicos indicados.<\/p>\n<p style=\"text-align: center;\"><strong>Vale lembrar que cada indiv\u00edduo \u00e9 \u00fanico e carrega uma hist\u00f3ria para al\u00e9m de um diagn\u00f3stico de uma doen\u00e7a grave. Sendo assim, a abordagem de comunica\u00e7\u00e3o alternativa deve ser avaliada pela equipe de Cuidados Paliativos a fim de que se encontre o que for mais adequado para a pessoa em quest\u00e3o, sempre colocando-a como protagonista do cuidado.<\/strong><\/p>\n<p>Vamos falar mais sobre isso no Curso de Aprimoramento em Comunica\u00e7\u00e3o Alternativa para Atua\u00e7\u00e3o em Cuidados Paliativos:<\/p>\n<p><strong><a href=\"https:\/\/www.casadocuidar.org.br\/cursos\/aprimoramento-em-comunicacao-alternativa-para-atuacao-em-cuidados-paliativos-2023\/\"><img fetchpriority=\"high\" decoding=\"async\" class=\"aligncenter wp-image-16941 size-large\" src=\"https:\/\/www.casadocuidar.org.br\/website\/wp-content\/uploads\/2023\/08\/Banner-1024x576.jpg\" alt=\"\" width=\"1024\" height=\"576\" srcset=\"https:\/\/www.casadocuidar.org.br\/website\/wp-content\/uploads\/2023\/08\/Banner-1024x576.jpg 1024w, https:\/\/www.casadocuidar.org.br\/website\/wp-content\/uploads\/2023\/08\/Banner-300x169.jpg 300w, https:\/\/www.casadocuidar.org.br\/website\/wp-content\/uploads\/2023\/08\/Banner-768x432.jpg 768w, https:\/\/www.casadocuidar.org.br\/website\/wp-content\/uploads\/2023\/08\/Banner-1536x864.jpg 1536w, https:\/\/www.casadocuidar.org.br\/website\/wp-content\/uploads\/2023\/08\/Banner-600x338.jpg 600w, https:\/\/www.casadocuidar.org.br\/website\/wp-content\/uploads\/2023\/08\/Banner.jpg 2000w\" sizes=\"(max-width: 1024px) 100vw, 1024px\" \/><\/a><br \/>\n<\/strong><\/p>\n<p>&nbsp;<\/p>\n","protected":false},"excerpt":{"rendered":"<p>A comunica\u00e7\u00e3o alternativa desempenha um papel significativo nos Cuidados Paliativos, especialmente quando os pacientes enfrentam dificuldades na comunica\u00e7\u00e3o tradicional devido a doen\u00e7as graves, condi\u00e7\u00f5es neurol\u00f3gicas ou diminui\u00e7\u00e3o da capacidade f\u00edsica. \u00c9 preciso levar em conta que a comunica\u00e7\u00e3o \u00e9 o principal caminho para a rela\u00e7\u00e3o entre pacientes, familiares e equipe, sendo uma ferramenta fundamental para&hellip;<\/p>\n","protected":false},"author":2618,"featured_media":16939,"comment_status":"open","ping_status":"closed","sticky":false,"template":"","format":"standard","meta":{"_acf_changed":false,"footnotes":""},"categories":[23],"tags":[],"class_list":["post-16938","post","type-post","status-publish","format-standard","has-post-thumbnail","hentry","category-blog","category-23","description-off"],"acf":[],"yoast_head":"<!-- This site is optimized with the Yoast SEO plugin v27.5 - https:\/\/yoast.com\/product\/yoast-seo-wordpress\/ -->\n<title>A import\u00e2ncia da comunica\u00e7\u00e3o alternativa em Cuidados Paliativos - Casa do Cuidar<\/title>\n<meta name=\"robots\" content=\"index, follow, max-snippet:-1, max-image-preview:large, max-video-preview:-1\" \/>\n<link rel=\"canonical\" href=\"https:\/\/www.casadocuidar.org.br\/blog\/a-importancia-da-comunicacao-alternativa-em-cuidados-paliativos\/\" \/>\n<meta property=\"og:locale\" content=\"en_US\" \/>\n<meta property=\"og:type\" content=\"article\" \/>\n<meta property=\"og:title\" content=\"A import\u00e2ncia da comunica\u00e7\u00e3o alternativa em Cuidados Paliativos - Casa do Cuidar\" \/>\n<meta property=\"og:description\" content=\"A comunica\u00e7\u00e3o alternativa desempenha um papel significativo nos Cuidados Paliativos, especialmente quando os pacientes enfrentam dificuldades na comunica\u00e7\u00e3o tradicional devido a doen\u00e7as graves, condi\u00e7\u00f5es neurol\u00f3gicas ou diminui\u00e7\u00e3o da capacidade f\u00edsica. \u00c9 preciso levar em conta que a comunica\u00e7\u00e3o \u00e9 o principal caminho para a rela\u00e7\u00e3o entre pacientes, familiares e equipe, sendo uma ferramenta fundamental para&hellip;\" \/>\n<meta property=\"og:url\" content=\"https:\/\/www.casadocuidar.org.br\/blog\/a-importancia-da-comunicacao-alternativa-em-cuidados-paliativos\/\" \/>\n<meta property=\"og:site_name\" content=\"Casa do Cuidar\" \/>\n<meta property=\"article:published_time\" content=\"2023-08-24T18:26:32+00:00\" \/>\n<meta property=\"article:modified_time\" content=\"2023-08-24T18:34:45+00:00\" \/>\n<meta property=\"og:image\" content=\"https:\/\/www.casadocuidar.org.br\/website\/wp-content\/uploads\/2023\/08\/Thumb-1.jpg\" \/>\n\t<meta property=\"og:image:width\" content=\"2000\" \/>\n\t<meta property=\"og:image:height\" content=\"1332\" \/>\n\t<meta property=\"og:image:type\" content=\"image\/jpeg\" \/>\n<meta name=\"twitter:card\" content=\"summary_large_image\" \/>\n<meta name=\"twitter:label1\" content=\"Written by\" \/>\n\t<meta name=\"twitter:data1\" content=\"\" \/>\n\t<meta name=\"twitter:label2\" content=\"Est. reading time\" \/>\n\t<meta name=\"twitter:data2\" content=\"3 minutes\" \/>\n<script type=\"application\/ld+json\" class=\"yoast-schema-graph\">{\"@context\":\"https:\\\/\\\/schema.org\",\"@graph\":[{\"@type\":\"Article\",\"@id\":\"https:\\\/\\\/www.casadocuidar.org.br\\\/blog\\\/a-importancia-da-comunicacao-alternativa-em-cuidados-paliativos\\\/#article\",\"isPartOf\":{\"@id\":\"https:\\\/\\\/www.casadocuidar.org.br\\\/blog\\\/a-importancia-da-comunicacao-alternativa-em-cuidados-paliativos\\\/\"},\"author\":{\"name\":\"\",\"@id\":\"https:\\\/\\\/www.casadocuidar.org.br\\\/#\\\/schema\\\/person\\\/01d4bdf3952ec17e7ecb2a10adcd5c41\"},\"headline\":\"A import\u00e2ncia da comunica\u00e7\u00e3o alternativa em Cuidados Paliativos\",\"datePublished\":\"2023-08-24T18:26:32+00:00\",\"dateModified\":\"2023-08-24T18:34:45+00:00\",\"mainEntityOfPage\":{\"@id\":\"https:\\\/\\\/www.casadocuidar.org.br\\\/blog\\\/a-importancia-da-comunicacao-alternativa-em-cuidados-paliativos\\\/\"},\"wordCount\":403,\"commentCount\":2,\"publisher\":{\"@id\":\"https:\\\/\\\/www.casadocuidar.org.br\\\/#organization\"},\"image\":{\"@id\":\"https:\\\/\\\/www.casadocuidar.org.br\\\/blog\\\/a-importancia-da-comunicacao-alternativa-em-cuidados-paliativos\\\/#primaryimage\"},\"thumbnailUrl\":\"https:\\\/\\\/www.casadocuidar.org.br\\\/website\\\/wp-content\\\/uploads\\\/2023\\\/08\\\/Thumb-1.jpg\",\"articleSection\":[\"Blog\"],\"inLanguage\":\"en-US\",\"potentialAction\":[{\"@type\":\"CommentAction\",\"name\":\"Comment\",\"target\":[\"https:\\\/\\\/www.casadocuidar.org.br\\\/blog\\\/a-importancia-da-comunicacao-alternativa-em-cuidados-paliativos\\\/#respond\"]}]},{\"@type\":\"WebPage\",\"@id\":\"https:\\\/\\\/www.casadocuidar.org.br\\\/blog\\\/a-importancia-da-comunicacao-alternativa-em-cuidados-paliativos\\\/\",\"url\":\"https:\\\/\\\/www.casadocuidar.org.br\\\/blog\\\/a-importancia-da-comunicacao-alternativa-em-cuidados-paliativos\\\/\",\"name\":\"A import\u00e2ncia da comunica\u00e7\u00e3o alternativa em Cuidados Paliativos - Casa do Cuidar\",\"isPartOf\":{\"@id\":\"https:\\\/\\\/www.casadocuidar.org.br\\\/#website\"},\"primaryImageOfPage\":{\"@id\":\"https:\\\/\\\/www.casadocuidar.org.br\\\/blog\\\/a-importancia-da-comunicacao-alternativa-em-cuidados-paliativos\\\/#primaryimage\"},\"image\":{\"@id\":\"https:\\\/\\\/www.casadocuidar.org.br\\\/blog\\\/a-importancia-da-comunicacao-alternativa-em-cuidados-paliativos\\\/#primaryimage\"},\"thumbnailUrl\":\"https:\\\/\\\/www.casadocuidar.org.br\\\/website\\\/wp-content\\\/uploads\\\/2023\\\/08\\\/Thumb-1.jpg\",\"datePublished\":\"2023-08-24T18:26:32+00:00\",\"dateModified\":\"2023-08-24T18:34:45+00:00\",\"breadcrumb\":{\"@id\":\"https:\\\/\\\/www.casadocuidar.org.br\\\/blog\\\/a-importancia-da-comunicacao-alternativa-em-cuidados-paliativos\\\/#breadcrumb\"},\"inLanguage\":\"en-US\",\"potentialAction\":[{\"@type\":\"ReadAction\",\"target\":[\"https:\\\/\\\/www.casadocuidar.org.br\\\/blog\\\/a-importancia-da-comunicacao-alternativa-em-cuidados-paliativos\\\/\"]}]},{\"@type\":\"ImageObject\",\"inLanguage\":\"en-US\",\"@id\":\"https:\\\/\\\/www.casadocuidar.org.br\\\/blog\\\/a-importancia-da-comunicacao-alternativa-em-cuidados-paliativos\\\/#primaryimage\",\"url\":\"https:\\\/\\\/www.casadocuidar.org.br\\\/website\\\/wp-content\\\/uploads\\\/2023\\\/08\\\/Thumb-1.jpg\",\"contentUrl\":\"https:\\\/\\\/www.casadocuidar.org.br\\\/website\\\/wp-content\\\/uploads\\\/2023\\\/08\\\/Thumb-1.jpg\",\"width\":2000,\"height\":1332},{\"@type\":\"BreadcrumbList\",\"@id\":\"https:\\\/\\\/www.casadocuidar.org.br\\\/blog\\\/a-importancia-da-comunicacao-alternativa-em-cuidados-paliativos\\\/#breadcrumb\",\"itemListElement\":[{\"@type\":\"ListItem\",\"position\":1,\"name\":\"In\u00edcio\",\"item\":\"https:\\\/\\\/www.casadocuidar.org.br\\\/en\\\/\"},{\"@type\":\"ListItem\",\"position\":2,\"name\":\"A import\u00e2ncia da comunica\u00e7\u00e3o alternativa em Cuidados Paliativos\"}]},{\"@type\":\"WebSite\",\"@id\":\"https:\\\/\\\/www.casadocuidar.org.br\\\/#website\",\"url\":\"https:\\\/\\\/www.casadocuidar.org.br\\\/\",\"name\":\"Casa do Cuidar\",\"description\":\"Pr\u00e1tica e ensino em cuidados paliativos\",\"publisher\":{\"@id\":\"https:\\\/\\\/www.casadocuidar.org.br\\\/#organization\"},\"potentialAction\":[{\"@type\":\"SearchAction\",\"target\":{\"@type\":\"EntryPoint\",\"urlTemplate\":\"https:\\\/\\\/www.casadocuidar.org.br\\\/?s={search_term_string}\"},\"query-input\":{\"@type\":\"PropertyValueSpecification\",\"valueRequired\":true,\"valueName\":\"search_term_string\"}}],\"inLanguage\":\"en-US\"},{\"@type\":\"Organization\",\"@id\":\"https:\\\/\\\/www.casadocuidar.org.br\\\/#organization\",\"name\":\"Casa do Cuidar \u2013 Pr\u00e1tica e ensino em cuidados paliativos\",\"url\":\"https:\\\/\\\/www.casadocuidar.org.br\\\/\",\"logo\":{\"@type\":\"ImageObject\",\"inLanguage\":\"en-US\",\"@id\":\"https:\\\/\\\/www.casadocuidar.org.br\\\/#\\\/schema\\\/logo\\\/image\\\/\",\"url\":\"https:\\\/\\\/www.casadocuidar.org.br\\\/website\\\/wp-content\\\/uploads\\\/2018\\\/08\\\/casadocuidar-logoshare.png\",\"contentUrl\":\"https:\\\/\\\/www.casadocuidar.org.br\\\/website\\\/wp-content\\\/uploads\\\/2018\\\/08\\\/casadocuidar-logoshare.png\",\"width\":500,\"height\":500,\"caption\":\"Casa do Cuidar \u2013 Pr\u00e1tica e ensino em cuidados paliativos\"},\"image\":{\"@id\":\"https:\\\/\\\/www.casadocuidar.org.br\\\/#\\\/schema\\\/logo\\\/image\\\/\"}},{\"@type\":\"Person\",\"@id\":\"https:\\\/\\\/www.casadocuidar.org.br\\\/#\\\/schema\\\/person\\\/01d4bdf3952ec17e7ecb2a10adcd5c41\",\"name\":\"\",\"image\":{\"@type\":\"ImageObject\",\"inLanguage\":\"en-US\",\"@id\":\"https:\\\/\\\/secure.gravatar.com\\\/avatar\\\/54bf5c5ca2b83b94318a0626ecf653d87df4460a1922eec7711d0f3cdf9a801e?s=96&d=mm&r=g\",\"url\":\"https:\\\/\\\/secure.gravatar.com\\\/avatar\\\/54bf5c5ca2b83b94318a0626ecf653d87df4460a1922eec7711d0f3cdf9a801e?s=96&d=mm&r=g\",\"contentUrl\":\"https:\\\/\\\/secure.gravatar.com\\\/avatar\\\/54bf5c5ca2b83b94318a0626ecf653d87df4460a1922eec7711d0f3cdf9a801e?s=96&d=mm&r=g\"}}]}<\/script>\n<!-- \/ Yoast SEO plugin. -->","yoast_head_json":{"title":"A import\u00e2ncia da comunica\u00e7\u00e3o alternativa em Cuidados Paliativos - Casa do Cuidar","robots":{"index":"index","follow":"follow","max-snippet":"max-snippet:-1","max-image-preview":"max-image-preview:large","max-video-preview":"max-video-preview:-1"},"canonical":"https:\/\/www.casadocuidar.org.br\/blog\/a-importancia-da-comunicacao-alternativa-em-cuidados-paliativos\/","og_locale":"en_US","og_type":"article","og_title":"A import\u00e2ncia da comunica\u00e7\u00e3o alternativa em Cuidados Paliativos - Casa do Cuidar","og_description":"A comunica\u00e7\u00e3o alternativa desempenha um papel significativo nos Cuidados Paliativos, especialmente quando os pacientes enfrentam dificuldades na comunica\u00e7\u00e3o tradicional devido a doen\u00e7as graves, condi\u00e7\u00f5es neurol\u00f3gicas ou diminui\u00e7\u00e3o da capacidade f\u00edsica. \u00c9 preciso levar em conta que a comunica\u00e7\u00e3o \u00e9 o principal caminho para a rela\u00e7\u00e3o entre pacientes, familiares e equipe, sendo uma ferramenta fundamental para&hellip;","og_url":"https:\/\/www.casadocuidar.org.br\/blog\/a-importancia-da-comunicacao-alternativa-em-cuidados-paliativos\/","og_site_name":"Casa do Cuidar","article_published_time":"2023-08-24T18:26:32+00:00","article_modified_time":"2023-08-24T18:34:45+00:00","og_image":[{"width":2000,"height":1332,"url":"https:\/\/www.casadocuidar.org.br\/website\/wp-content\/uploads\/2023\/08\/Thumb-1.jpg","type":"image\/jpeg"}],"twitter_card":"summary_large_image","twitter_misc":{"Written by":"","Est. reading time":"3 minutes"},"schema":{"@context":"https:\/\/schema.org","@graph":[{"@type":"Article","@id":"https:\/\/www.casadocuidar.org.br\/blog\/a-importancia-da-comunicacao-alternativa-em-cuidados-paliativos\/#article","isPartOf":{"@id":"https:\/\/www.casadocuidar.org.br\/blog\/a-importancia-da-comunicacao-alternativa-em-cuidados-paliativos\/"},"author":{"name":"","@id":"https:\/\/www.casadocuidar.org.br\/#\/schema\/person\/01d4bdf3952ec17e7ecb2a10adcd5c41"},"headline":"A import\u00e2ncia da comunica\u00e7\u00e3o alternativa em Cuidados Paliativos","datePublished":"2023-08-24T18:26:32+00:00","dateModified":"2023-08-24T18:34:45+00:00","mainEntityOfPage":{"@id":"https:\/\/www.casadocuidar.org.br\/blog\/a-importancia-da-comunicacao-alternativa-em-cuidados-paliativos\/"},"wordCount":403,"commentCount":2,"publisher":{"@id":"https:\/\/www.casadocuidar.org.br\/#organization"},"image":{"@id":"https:\/\/www.casadocuidar.org.br\/blog\/a-importancia-da-comunicacao-alternativa-em-cuidados-paliativos\/#primaryimage"},"thumbnailUrl":"https:\/\/www.casadocuidar.org.br\/website\/wp-content\/uploads\/2023\/08\/Thumb-1.jpg","articleSection":["Blog"],"inLanguage":"en-US","potentialAction":[{"@type":"CommentAction","name":"Comment","target":["https:\/\/www.casadocuidar.org.br\/blog\/a-importancia-da-comunicacao-alternativa-em-cuidados-paliativos\/#respond"]}]},{"@type":"WebPage","@id":"https:\/\/www.casadocuidar.org.br\/blog\/a-importancia-da-comunicacao-alternativa-em-cuidados-paliativos\/","url":"https:\/\/www.casadocuidar.org.br\/blog\/a-importancia-da-comunicacao-alternativa-em-cuidados-paliativos\/","name":"A import\u00e2ncia da comunica\u00e7\u00e3o alternativa em Cuidados Paliativos - Casa do Cuidar","isPartOf":{"@id":"https:\/\/www.casadocuidar.org.br\/#website"},"primaryImageOfPage":{"@id":"https:\/\/www.casadocuidar.org.br\/blog\/a-importancia-da-comunicacao-alternativa-em-cuidados-paliativos\/#primaryimage"},"image":{"@id":"https:\/\/www.casadocuidar.org.br\/blog\/a-importancia-da-comunicacao-alternativa-em-cuidados-paliativos\/#primaryimage"},"thumbnailUrl":"https:\/\/www.casadocuidar.org.br\/website\/wp-content\/uploads\/2023\/08\/Thumb-1.jpg","datePublished":"2023-08-24T18:26:32+00:00","dateModified":"2023-08-24T18:34:45+00:00","breadcrumb":{"@id":"https:\/\/www.casadocuidar.org.br\/blog\/a-importancia-da-comunicacao-alternativa-em-cuidados-paliativos\/#breadcrumb"},"inLanguage":"en-US","potentialAction":[{"@type":"ReadAction","target":["https:\/\/www.casadocuidar.org.br\/blog\/a-importancia-da-comunicacao-alternativa-em-cuidados-paliativos\/"]}]},{"@type":"ImageObject","inLanguage":"en-US","@id":"https:\/\/www.casadocuidar.org.br\/blog\/a-importancia-da-comunicacao-alternativa-em-cuidados-paliativos\/#primaryimage","url":"https:\/\/www.casadocuidar.org.br\/website\/wp-content\/uploads\/2023\/08\/Thumb-1.jpg","contentUrl":"https:\/\/www.casadocuidar.org.br\/website\/wp-content\/uploads\/2023\/08\/Thumb-1.jpg","width":2000,"height":1332},{"@type":"BreadcrumbList","@id":"https:\/\/www.casadocuidar.org.br\/blog\/a-importancia-da-comunicacao-alternativa-em-cuidados-paliativos\/#breadcrumb","itemListElement":[{"@type":"ListItem","position":1,"name":"In\u00edcio","item":"https:\/\/www.casadocuidar.org.br\/en\/"},{"@type":"ListItem","position":2,"name":"A import\u00e2ncia da comunica\u00e7\u00e3o alternativa em Cuidados Paliativos"}]},{"@type":"WebSite","@id":"https:\/\/www.casadocuidar.org.br\/#website","url":"https:\/\/www.casadocuidar.org.br\/","name":"Casa do Cuidar","description":"Pr\u00e1tica e ensino em cuidados paliativos","publisher":{"@id":"https:\/\/www.casadocuidar.org.br\/#organization"},"potentialAction":[{"@type":"SearchAction","target":{"@type":"EntryPoint","urlTemplate":"https:\/\/www.casadocuidar.org.br\/?s={search_term_string}"},"query-input":{"@type":"PropertyValueSpecification","valueRequired":true,"valueName":"search_term_string"}}],"inLanguage":"en-US"},{"@type":"Organization","@id":"https:\/\/www.casadocuidar.org.br\/#organization","name":"Casa do Cuidar \u2013 Pr\u00e1tica e ensino em cuidados paliativos","url":"https:\/\/www.casadocuidar.org.br\/","logo":{"@type":"ImageObject","inLanguage":"en-US","@id":"https:\/\/www.casadocuidar.org.br\/#\/schema\/logo\/image\/","url":"https:\/\/www.casadocuidar.org.br\/website\/wp-content\/uploads\/2018\/08\/casadocuidar-logoshare.png","contentUrl":"https:\/\/www.casadocuidar.org.br\/website\/wp-content\/uploads\/2018\/08\/casadocuidar-logoshare.png","width":500,"height":500,"caption":"Casa do Cuidar \u2013 Pr\u00e1tica e ensino em cuidados paliativos"},"image":{"@id":"https:\/\/www.casadocuidar.org.br\/#\/schema\/logo\/image\/"}},{"@type":"Person","@id":"https:\/\/www.casadocuidar.org.br\/#\/schema\/person\/01d4bdf3952ec17e7ecb2a10adcd5c41","name":"","image":{"@type":"ImageObject","inLanguage":"en-US","@id":"https:\/\/secure.gravatar.com\/avatar\/54bf5c5ca2b83b94318a0626ecf653d87df4460a1922eec7711d0f3cdf9a801e?s=96&d=mm&r=g","url":"https:\/\/secure.gravatar.com\/avatar\/54bf5c5ca2b83b94318a0626ecf653d87df4460a1922eec7711d0f3cdf9a801e?s=96&d=mm&r=g","contentUrl":"https:\/\/secure.gravatar.com\/avatar\/54bf5c5ca2b83b94318a0626ecf653d87df4460a1922eec7711d0f3cdf9a801e?s=96&d=mm&r=g"}}]}},"_links":{"self":[{"href":"https:\/\/www.casadocuidar.org.br\/en\/wp-json\/wp\/v2\/posts\/16938","targetHints":{"allow":["GET"]}}],"collection":[{"href":"https:\/\/www.casadocuidar.org.br\/en\/wp-json\/wp\/v2\/posts"}],"about":[{"href":"https:\/\/www.casadocuidar.org.br\/en\/wp-json\/wp\/v2\/types\/post"}],"author":[{"embeddable":true,"href":"https:\/\/www.casadocuidar.org.br\/en\/wp-json\/wp\/v2\/users\/2618"}],"replies":[{"embeddable":true,"href":"https:\/\/www.casadocuidar.org.br\/en\/wp-json\/wp\/v2\/comments?post=16938"}],"version-history":[{"count":3,"href":"https:\/\/www.casadocuidar.org.br\/en\/wp-json\/wp\/v2\/posts\/16938\/revisions"}],"predecessor-version":[{"id":16945,"href":"https:\/\/www.casadocuidar.org.br\/en\/wp-json\/wp\/v2\/posts\/16938\/revisions\/16945"}],"wp:featuredmedia":[{"embeddable":true,"href":"https:\/\/www.casadocuidar.org.br\/en\/wp-json\/wp\/v2\/media\/16939"}],"wp:attachment":[{"href":"https:\/\/www.casadocuidar.org.br\/en\/wp-json\/wp\/v2\/media?parent=16938"}],"wp:term":[{"taxonomy":"category","embeddable":true,"href":"https:\/\/www.casadocuidar.org.br\/en\/wp-json\/wp\/v2\/categories?post=16938"},{"taxonomy":"post_tag","embeddable":true,"href":"https:\/\/www.casadocuidar.org.br\/en\/wp-json\/wp\/v2\/tags?post=16938"}],"curies":[{"name":"wp","href":"https:\/\/api.w.org\/{rel}","templated":true}]}}