{"id":16770,"date":"2023-08-11T11:26:22","date_gmt":"2023-08-11T14:26:22","guid":{"rendered":"https:\/\/www.casadocuidar.org.br\/?p=16770"},"modified":"2023-08-11T11:26:22","modified_gmt":"2023-08-11T14:26:22","slug":"o-segundo-semestre-comeca-com-duas-novas-turmas-de-cursos-da-casa-do-cuidar","status":"publish","type":"post","link":"https:\/\/www.casadocuidar.org.br\/en\/blog\/o-segundo-semestre-comeca-com-duas-novas-turmas-de-cursos-da-casa-do-cuidar\/","title":{"rendered":"O segundo semestre come\u00e7a com duas novas turmas de cursos da Casa do Cuidar!"},"content":{"rendered":"<p>Aqui, na Casa do Cuidar, a t\u00e9cnica se une \u00e0 sensibilidade nos Cuidados Paliativos. Formamos profissionais capacitados a proporcionar o melhor para o paciente em diversos \u00e2mbitos: f\u00edsico, emocional, familiar, social e espiritual. Mas, para al\u00e9m disso, capacitamos pessoas que entendem a complexidade da vida humana, enxergando o paciente para al\u00e9m da sua doen\u00e7a. Por isso, nosso objetivo \u00e9 sempre oferecer cursos e atualiza\u00e7\u00f5es sobre assuntos variados que fazem parte do mundo paliativista!<\/p>\n<h2 style=\"text-align: left;\">No segundo semestre de 2023, dois cursos abrir\u00e3o novas turmas: o Curso de Aprimoramento em Assist\u00eancia Espiritual nos Cuidados Paliativos e Curso Avan\u00e7ado em Cuidados Paliativos Pedi\u00e1tricos. Continue lendo para conhecer mais sobre cada um deles!<\/h2>\n<p>Iniciando no dia 17 de agosto, o <strong>Curso de Aprimoramento em Assist\u00eancia Espiritual<\/strong> tem como p\u00fablico-alvo profissionais da \u00e1rea da sa\u00fade, te\u00f3logos\/as, profissionais que atuam em servi\u00e7os de Capelania Hospitalar e profissionais das diferentes \u00e1reas do conhecimento interessados na tem\u00e1tica da sa\u00fade, espiritualidade\/religiosidade e Cuidados Paliativos. As aulas englobam assuntos que buscam contribuir para a forma\u00e7\u00e3o na \u00e1rea da Assist\u00eancia e Cuidado Particular e Cuidado Espiritual, no contexto dos Cuidados Paliativos, a partir do di\u00e1logo com tem\u00e1ticas que fazem a interface entre estudos sobre espiritualidade, religi\u00e3o e sa\u00fade. O cuidado com a dor espiritual, com pr\u00e1ticas espirituais compassivas, de escuta e entrega ser\u00e3o os eixos norteadores do que se desenvolver\u00e1 ao longo do curso.<\/p>\n<p>A dura\u00e7\u00e3o \u00e9 de 10 meses &#8211; de agosto de 2023 a junho de 2024. Ao total, ser\u00e3o 210 horas, em que: 120 horas dever\u00e3o ser cumpridas em sala de aula virtual, 30 horas para est\u00e1gio e elabora\u00e7\u00e3o de dois relat\u00f3rios de atendimento e 60 horas destinadas para leituras e f\u00f3runs de discuss\u00e3o. As aulas ser\u00e3o todas as quintas-feiras, das 19h \u00e0s 22h.<\/p>\n<p><strong>Para fazer a sua inscri\u00e7\u00e3o,<\/strong><a href=\"https:\/\/www.casadocuidar.org.br\/cursos\/aprimoramento-em-assistencia-espiritual-nos-cuidados-paliativos\/\"><strong> clique aqui!\u00a0<\/strong><\/a><\/p>\n<p>O <strong>Curso Avan\u00e7ado em Cuidados Paliativos Pedi\u00e1tricos<\/strong> come\u00e7a no dia 18 de agosto \u00e9 uma oportunidade para profissionais que querem aprender a cuidar da vida de crian\u00e7as e adolescentes em seu cotidiano, bem como da fam\u00edlia durante todo o processo de adoecimento e tamb\u00e9m no luto, aliando intelig\u00eancia cient\u00edfica com a intelig\u00eancia emocional e espiritual, sempre tendo a compaix\u00e3o como base de todas as a\u00e7\u00f5es. Com dura\u00e7\u00e3o de 8 meses &#8211; de agosto de 2023 a abril de 2024 &#8211; o curso ser\u00e1 online com o \u00faltimo modo presencial e as aulas ser\u00e3o nas sextas-feiras e s\u00e1bados.<\/p>\n<p>Alguns pr\u00e9-requisitos s\u00e3o exigidos para os interessados: os candidatos devem anexar a sua carta de inten\u00e7\u00e3o e a comprova\u00e7\u00e3o de conhecimento em cuidados paliativos no ato da sua inscri\u00e7\u00e3o. Paliativistas que queiram aprofundar os seus conhecimentos de Cuidados Paliativos Pedi\u00e1tricos s\u00e3o muito bem-vindos!<\/p>\n<p>Para fazer a sua inscri\u00e7\u00e3o, <strong><a href=\"https:\/\/www.casadocuidar.org.br\/cursos\/curso-avancado-de-cuidados-paliativos-pediatricos\/\">clique aqui!<\/a><\/strong><\/p>\n<p>Se voc\u00ea se interessou pelos cursos, fa\u00e7a a sua inscri\u00e7\u00e3o e nos vemos nas aulas!<\/p>\n","protected":false},"excerpt":{"rendered":"<p>Aqui, na Casa do Cuidar, a t\u00e9cnica se une \u00e0 sensibilidade nos Cuidados Paliativos. Formamos profissionais capacitados a proporcionar o melhor para o paciente em diversos \u00e2mbitos: f\u00edsico, emocional, familiar, social e espiritual. Mas, para al\u00e9m disso, capacitamos pessoas que entendem a complexidade da vida humana, enxergando o paciente para al\u00e9m da sua doen\u00e7a. Por&hellip;<\/p>\n","protected":false},"author":2618,"featured_media":16771,"comment_status":"open","ping_status":"closed","sticky":false,"template":"","format":"standard","meta":{"_acf_changed":false,"footnotes":""},"categories":[23],"tags":[],"class_list":["post-16770","post","type-post","status-publish","format-standard","has-post-thumbnail","hentry","category-blog","category-23","description-off"],"acf":[],"yoast_head":"<!-- This site is optimized with the Yoast SEO plugin v27.5 - https:\/\/yoast.com\/product\/yoast-seo-wordpress\/ -->\n<title>O segundo semestre come\u00e7a com duas novas turmas de cursos da Casa do Cuidar! - Casa do Cuidar<\/title>\n<meta name=\"robots\" content=\"index, follow, max-snippet:-1, max-image-preview:large, max-video-preview:-1\" \/>\n<link rel=\"canonical\" href=\"https:\/\/www.casadocuidar.org.br\/blog\/o-segundo-semestre-comeca-com-duas-novas-turmas-de-cursos-da-casa-do-cuidar\/\" \/>\n<meta property=\"og:locale\" content=\"en_US\" \/>\n<meta property=\"og:type\" content=\"article\" \/>\n<meta property=\"og:title\" content=\"O segundo semestre come\u00e7a com duas novas turmas de cursos da Casa do Cuidar! - Casa do Cuidar\" \/>\n<meta property=\"og:description\" content=\"Aqui, na Casa do Cuidar, a t\u00e9cnica se une \u00e0 sensibilidade nos Cuidados Paliativos. Formamos profissionais capacitados a proporcionar o melhor para o paciente em diversos \u00e2mbitos: f\u00edsico, emocional, familiar, social e espiritual. Mas, para al\u00e9m disso, capacitamos pessoas que entendem a complexidade da vida humana, enxergando o paciente para al\u00e9m da sua doen\u00e7a. Por&hellip;\" \/>\n<meta property=\"og:url\" content=\"https:\/\/www.casadocuidar.org.br\/blog\/o-segundo-semestre-comeca-com-duas-novas-turmas-de-cursos-da-casa-do-cuidar\/\" \/>\n<meta property=\"og:site_name\" content=\"Casa do Cuidar\" \/>\n<meta property=\"article:published_time\" content=\"2023-08-11T14:26:22+00:00\" \/>\n<meta property=\"og:image\" content=\"https:\/\/www.casadocuidar.org.br\/website\/wp-content\/uploads\/2023\/08\/thumb.jpg\" \/>\n\t<meta property=\"og:image:width\" content=\"1200\" \/>\n\t<meta property=\"og:image:height\" content=\"675\" \/>\n\t<meta property=\"og:image:type\" content=\"image\/jpeg\" \/>\n<meta name=\"twitter:card\" content=\"summary_large_image\" \/>\n<meta name=\"twitter:label1\" content=\"Written by\" \/>\n\t<meta name=\"twitter:data1\" content=\"\" \/>\n\t<meta name=\"twitter:label2\" content=\"Est. reading time\" \/>\n\t<meta name=\"twitter:data2\" content=\"3 minutes\" \/>\n<script type=\"application\/ld+json\" class=\"yoast-schema-graph\">{\"@context\":\"https:\\\/\\\/schema.org\",\"@graph\":[{\"@type\":\"Article\",\"@id\":\"https:\\\/\\\/www.casadocuidar.org.br\\\/blog\\\/o-segundo-semestre-comeca-com-duas-novas-turmas-de-cursos-da-casa-do-cuidar\\\/#article\",\"isPartOf\":{\"@id\":\"https:\\\/\\\/www.casadocuidar.org.br\\\/blog\\\/o-segundo-semestre-comeca-com-duas-novas-turmas-de-cursos-da-casa-do-cuidar\\\/\"},\"author\":{\"name\":\"\",\"@id\":\"https:\\\/\\\/www.casadocuidar.org.br\\\/#\\\/schema\\\/person\\\/01d4bdf3952ec17e7ecb2a10adcd5c41\"},\"headline\":\"O segundo semestre come\u00e7a com duas novas turmas de cursos da Casa do Cuidar!\",\"datePublished\":\"2023-08-11T14:26:22+00:00\",\"mainEntityOfPage\":{\"@id\":\"https:\\\/\\\/www.casadocuidar.org.br\\\/blog\\\/o-segundo-semestre-comeca-com-duas-novas-turmas-de-cursos-da-casa-do-cuidar\\\/\"},\"wordCount\":514,\"commentCount\":0,\"publisher\":{\"@id\":\"https:\\\/\\\/www.casadocuidar.org.br\\\/#organization\"},\"image\":{\"@id\":\"https:\\\/\\\/www.casadocuidar.org.br\\\/blog\\\/o-segundo-semestre-comeca-com-duas-novas-turmas-de-cursos-da-casa-do-cuidar\\\/#primaryimage\"},\"thumbnailUrl\":\"https:\\\/\\\/www.casadocuidar.org.br\\\/website\\\/wp-content\\\/uploads\\\/2023\\\/08\\\/thumb.jpg\",\"articleSection\":[\"Blog\"],\"inLanguage\":\"en-US\",\"potentialAction\":[{\"@type\":\"CommentAction\",\"name\":\"Comment\",\"target\":[\"https:\\\/\\\/www.casadocuidar.org.br\\\/blog\\\/o-segundo-semestre-comeca-com-duas-novas-turmas-de-cursos-da-casa-do-cuidar\\\/#respond\"]}]},{\"@type\":\"WebPage\",\"@id\":\"https:\\\/\\\/www.casadocuidar.org.br\\\/blog\\\/o-segundo-semestre-comeca-com-duas-novas-turmas-de-cursos-da-casa-do-cuidar\\\/\",\"url\":\"https:\\\/\\\/www.casadocuidar.org.br\\\/blog\\\/o-segundo-semestre-comeca-com-duas-novas-turmas-de-cursos-da-casa-do-cuidar\\\/\",\"name\":\"O segundo semestre come\u00e7a com duas novas turmas de cursos da Casa do Cuidar! - Casa do Cuidar\",\"isPartOf\":{\"@id\":\"https:\\\/\\\/www.casadocuidar.org.br\\\/#website\"},\"primaryImageOfPage\":{\"@id\":\"https:\\\/\\\/www.casadocuidar.org.br\\\/blog\\\/o-segundo-semestre-comeca-com-duas-novas-turmas-de-cursos-da-casa-do-cuidar\\\/#primaryimage\"},\"image\":{\"@id\":\"https:\\\/\\\/www.casadocuidar.org.br\\\/blog\\\/o-segundo-semestre-comeca-com-duas-novas-turmas-de-cursos-da-casa-do-cuidar\\\/#primaryimage\"},\"thumbnailUrl\":\"https:\\\/\\\/www.casadocuidar.org.br\\\/website\\\/wp-content\\\/uploads\\\/2023\\\/08\\\/thumb.jpg\",\"datePublished\":\"2023-08-11T14:26:22+00:00\",\"breadcrumb\":{\"@id\":\"https:\\\/\\\/www.casadocuidar.org.br\\\/blog\\\/o-segundo-semestre-comeca-com-duas-novas-turmas-de-cursos-da-casa-do-cuidar\\\/#breadcrumb\"},\"inLanguage\":\"en-US\",\"potentialAction\":[{\"@type\":\"ReadAction\",\"target\":[\"https:\\\/\\\/www.casadocuidar.org.br\\\/blog\\\/o-segundo-semestre-comeca-com-duas-novas-turmas-de-cursos-da-casa-do-cuidar\\\/\"]}]},{\"@type\":\"ImageObject\",\"inLanguage\":\"en-US\",\"@id\":\"https:\\\/\\\/www.casadocuidar.org.br\\\/blog\\\/o-segundo-semestre-comeca-com-duas-novas-turmas-de-cursos-da-casa-do-cuidar\\\/#primaryimage\",\"url\":\"https:\\\/\\\/www.casadocuidar.org.br\\\/website\\\/wp-content\\\/uploads\\\/2023\\\/08\\\/thumb.jpg\",\"contentUrl\":\"https:\\\/\\\/www.casadocuidar.org.br\\\/website\\\/wp-content\\\/uploads\\\/2023\\\/08\\\/thumb.jpg\",\"width\":1200,\"height\":675},{\"@type\":\"BreadcrumbList\",\"@id\":\"https:\\\/\\\/www.casadocuidar.org.br\\\/blog\\\/o-segundo-semestre-comeca-com-duas-novas-turmas-de-cursos-da-casa-do-cuidar\\\/#breadcrumb\",\"itemListElement\":[{\"@type\":\"ListItem\",\"position\":1,\"name\":\"In\u00edcio\",\"item\":\"https:\\\/\\\/www.casadocuidar.org.br\\\/en\\\/\"},{\"@type\":\"ListItem\",\"position\":2,\"name\":\"O segundo semestre come\u00e7a com duas novas turmas de cursos da Casa do Cuidar!\"}]},{\"@type\":\"WebSite\",\"@id\":\"https:\\\/\\\/www.casadocuidar.org.br\\\/#website\",\"url\":\"https:\\\/\\\/www.casadocuidar.org.br\\\/\",\"name\":\"Casa do Cuidar\",\"description\":\"Pr\u00e1tica e ensino em cuidados paliativos\",\"publisher\":{\"@id\":\"https:\\\/\\\/www.casadocuidar.org.br\\\/#organization\"},\"potentialAction\":[{\"@type\":\"SearchAction\",\"target\":{\"@type\":\"EntryPoint\",\"urlTemplate\":\"https:\\\/\\\/www.casadocuidar.org.br\\\/?s={search_term_string}\"},\"query-input\":{\"@type\":\"PropertyValueSpecification\",\"valueRequired\":true,\"valueName\":\"search_term_string\"}}],\"inLanguage\":\"en-US\"},{\"@type\":\"Organization\",\"@id\":\"https:\\\/\\\/www.casadocuidar.org.br\\\/#organization\",\"name\":\"Casa do Cuidar \u2013 Pr\u00e1tica e ensino em cuidados paliativos\",\"url\":\"https:\\\/\\\/www.casadocuidar.org.br\\\/\",\"logo\":{\"@type\":\"ImageObject\",\"inLanguage\":\"en-US\",\"@id\":\"https:\\\/\\\/www.casadocuidar.org.br\\\/#\\\/schema\\\/logo\\\/image\\\/\",\"url\":\"https:\\\/\\\/www.casadocuidar.org.br\\\/website\\\/wp-content\\\/uploads\\\/2018\\\/08\\\/casadocuidar-logoshare.png\",\"contentUrl\":\"https:\\\/\\\/www.casadocuidar.org.br\\\/website\\\/wp-content\\\/uploads\\\/2018\\\/08\\\/casadocuidar-logoshare.png\",\"width\":500,\"height\":500,\"caption\":\"Casa do Cuidar \u2013 Pr\u00e1tica e ensino em cuidados paliativos\"},\"image\":{\"@id\":\"https:\\\/\\\/www.casadocuidar.org.br\\\/#\\\/schema\\\/logo\\\/image\\\/\"}},{\"@type\":\"Person\",\"@id\":\"https:\\\/\\\/www.casadocuidar.org.br\\\/#\\\/schema\\\/person\\\/01d4bdf3952ec17e7ecb2a10adcd5c41\",\"name\":\"\",\"image\":{\"@type\":\"ImageObject\",\"inLanguage\":\"en-US\",\"@id\":\"https:\\\/\\\/secure.gravatar.com\\\/avatar\\\/54bf5c5ca2b83b94318a0626ecf653d87df4460a1922eec7711d0f3cdf9a801e?s=96&d=mm&r=g\",\"url\":\"https:\\\/\\\/secure.gravatar.com\\\/avatar\\\/54bf5c5ca2b83b94318a0626ecf653d87df4460a1922eec7711d0f3cdf9a801e?s=96&d=mm&r=g\",\"contentUrl\":\"https:\\\/\\\/secure.gravatar.com\\\/avatar\\\/54bf5c5ca2b83b94318a0626ecf653d87df4460a1922eec7711d0f3cdf9a801e?s=96&d=mm&r=g\"}}]}<\/script>\n<!-- \/ Yoast SEO plugin. -->","yoast_head_json":{"title":"O segundo semestre come\u00e7a com duas novas turmas de cursos da Casa do Cuidar! - Casa do Cuidar","robots":{"index":"index","follow":"follow","max-snippet":"max-snippet:-1","max-image-preview":"max-image-preview:large","max-video-preview":"max-video-preview:-1"},"canonical":"https:\/\/www.casadocuidar.org.br\/blog\/o-segundo-semestre-comeca-com-duas-novas-turmas-de-cursos-da-casa-do-cuidar\/","og_locale":"en_US","og_type":"article","og_title":"O segundo semestre come\u00e7a com duas novas turmas de cursos da Casa do Cuidar! - Casa do Cuidar","og_description":"Aqui, na Casa do Cuidar, a t\u00e9cnica se une \u00e0 sensibilidade nos Cuidados Paliativos. Formamos profissionais capacitados a proporcionar o melhor para o paciente em diversos \u00e2mbitos: f\u00edsico, emocional, familiar, social e espiritual. Mas, para al\u00e9m disso, capacitamos pessoas que entendem a complexidade da vida humana, enxergando o paciente para al\u00e9m da sua doen\u00e7a. Por&hellip;","og_url":"https:\/\/www.casadocuidar.org.br\/blog\/o-segundo-semestre-comeca-com-duas-novas-turmas-de-cursos-da-casa-do-cuidar\/","og_site_name":"Casa do Cuidar","article_published_time":"2023-08-11T14:26:22+00:00","og_image":[{"width":1200,"height":675,"url":"https:\/\/www.casadocuidar.org.br\/website\/wp-content\/uploads\/2023\/08\/thumb.jpg","type":"image\/jpeg"}],"twitter_card":"summary_large_image","twitter_misc":{"Written by":"","Est. reading time":"3 minutes"},"schema":{"@context":"https:\/\/schema.org","@graph":[{"@type":"Article","@id":"https:\/\/www.casadocuidar.org.br\/blog\/o-segundo-semestre-comeca-com-duas-novas-turmas-de-cursos-da-casa-do-cuidar\/#article","isPartOf":{"@id":"https:\/\/www.casadocuidar.org.br\/blog\/o-segundo-semestre-comeca-com-duas-novas-turmas-de-cursos-da-casa-do-cuidar\/"},"author":{"name":"","@id":"https:\/\/www.casadocuidar.org.br\/#\/schema\/person\/01d4bdf3952ec17e7ecb2a10adcd5c41"},"headline":"O segundo semestre come\u00e7a com duas novas turmas de cursos da Casa do Cuidar!","datePublished":"2023-08-11T14:26:22+00:00","mainEntityOfPage":{"@id":"https:\/\/www.casadocuidar.org.br\/blog\/o-segundo-semestre-comeca-com-duas-novas-turmas-de-cursos-da-casa-do-cuidar\/"},"wordCount":514,"commentCount":0,"publisher":{"@id":"https:\/\/www.casadocuidar.org.br\/#organization"},"image":{"@id":"https:\/\/www.casadocuidar.org.br\/blog\/o-segundo-semestre-comeca-com-duas-novas-turmas-de-cursos-da-casa-do-cuidar\/#primaryimage"},"thumbnailUrl":"https:\/\/www.casadocuidar.org.br\/website\/wp-content\/uploads\/2023\/08\/thumb.jpg","articleSection":["Blog"],"inLanguage":"en-US","potentialAction":[{"@type":"CommentAction","name":"Comment","target":["https:\/\/www.casadocuidar.org.br\/blog\/o-segundo-semestre-comeca-com-duas-novas-turmas-de-cursos-da-casa-do-cuidar\/#respond"]}]},{"@type":"WebPage","@id":"https:\/\/www.casadocuidar.org.br\/blog\/o-segundo-semestre-comeca-com-duas-novas-turmas-de-cursos-da-casa-do-cuidar\/","url":"https:\/\/www.casadocuidar.org.br\/blog\/o-segundo-semestre-comeca-com-duas-novas-turmas-de-cursos-da-casa-do-cuidar\/","name":"O segundo semestre come\u00e7a com duas novas turmas de cursos da Casa do Cuidar! - Casa do Cuidar","isPartOf":{"@id":"https:\/\/www.casadocuidar.org.br\/#website"},"primaryImageOfPage":{"@id":"https:\/\/www.casadocuidar.org.br\/blog\/o-segundo-semestre-comeca-com-duas-novas-turmas-de-cursos-da-casa-do-cuidar\/#primaryimage"},"image":{"@id":"https:\/\/www.casadocuidar.org.br\/blog\/o-segundo-semestre-comeca-com-duas-novas-turmas-de-cursos-da-casa-do-cuidar\/#primaryimage"},"thumbnailUrl":"https:\/\/www.casadocuidar.org.br\/website\/wp-content\/uploads\/2023\/08\/thumb.jpg","datePublished":"2023-08-11T14:26:22+00:00","breadcrumb":{"@id":"https:\/\/www.casadocuidar.org.br\/blog\/o-segundo-semestre-comeca-com-duas-novas-turmas-de-cursos-da-casa-do-cuidar\/#breadcrumb"},"inLanguage":"en-US","potentialAction":[{"@type":"ReadAction","target":["https:\/\/www.casadocuidar.org.br\/blog\/o-segundo-semestre-comeca-com-duas-novas-turmas-de-cursos-da-casa-do-cuidar\/"]}]},{"@type":"ImageObject","inLanguage":"en-US","@id":"https:\/\/www.casadocuidar.org.br\/blog\/o-segundo-semestre-comeca-com-duas-novas-turmas-de-cursos-da-casa-do-cuidar\/#primaryimage","url":"https:\/\/www.casadocuidar.org.br\/website\/wp-content\/uploads\/2023\/08\/thumb.jpg","contentUrl":"https:\/\/www.casadocuidar.org.br\/website\/wp-content\/uploads\/2023\/08\/thumb.jpg","width":1200,"height":675},{"@type":"BreadcrumbList","@id":"https:\/\/www.casadocuidar.org.br\/blog\/o-segundo-semestre-comeca-com-duas-novas-turmas-de-cursos-da-casa-do-cuidar\/#breadcrumb","itemListElement":[{"@type":"ListItem","position":1,"name":"In\u00edcio","item":"https:\/\/www.casadocuidar.org.br\/en\/"},{"@type":"ListItem","position":2,"name":"O segundo semestre come\u00e7a com duas novas turmas de cursos da Casa do Cuidar!"}]},{"@type":"WebSite","@id":"https:\/\/www.casadocuidar.org.br\/#website","url":"https:\/\/www.casadocuidar.org.br\/","name":"Casa do Cuidar","description":"Pr\u00e1tica e ensino em cuidados paliativos","publisher":{"@id":"https:\/\/www.casadocuidar.org.br\/#organization"},"potentialAction":[{"@type":"SearchAction","target":{"@type":"EntryPoint","urlTemplate":"https:\/\/www.casadocuidar.org.br\/?s={search_term_string}"},"query-input":{"@type":"PropertyValueSpecification","valueRequired":true,"valueName":"search_term_string"}}],"inLanguage":"en-US"},{"@type":"Organization","@id":"https:\/\/www.casadocuidar.org.br\/#organization","name":"Casa do Cuidar \u2013 Pr\u00e1tica e ensino em cuidados paliativos","url":"https:\/\/www.casadocuidar.org.br\/","logo":{"@type":"ImageObject","inLanguage":"en-US","@id":"https:\/\/www.casadocuidar.org.br\/#\/schema\/logo\/image\/","url":"https:\/\/www.casadocuidar.org.br\/website\/wp-content\/uploads\/2018\/08\/casadocuidar-logoshare.png","contentUrl":"https:\/\/www.casadocuidar.org.br\/website\/wp-content\/uploads\/2018\/08\/casadocuidar-logoshare.png","width":500,"height":500,"caption":"Casa do Cuidar \u2013 Pr\u00e1tica e ensino em cuidados paliativos"},"image":{"@id":"https:\/\/www.casadocuidar.org.br\/#\/schema\/logo\/image\/"}},{"@type":"Person","@id":"https:\/\/www.casadocuidar.org.br\/#\/schema\/person\/01d4bdf3952ec17e7ecb2a10adcd5c41","name":"","image":{"@type":"ImageObject","inLanguage":"en-US","@id":"https:\/\/secure.gravatar.com\/avatar\/54bf5c5ca2b83b94318a0626ecf653d87df4460a1922eec7711d0f3cdf9a801e?s=96&d=mm&r=g","url":"https:\/\/secure.gravatar.com\/avatar\/54bf5c5ca2b83b94318a0626ecf653d87df4460a1922eec7711d0f3cdf9a801e?s=96&d=mm&r=g","contentUrl":"https:\/\/secure.gravatar.com\/avatar\/54bf5c5ca2b83b94318a0626ecf653d87df4460a1922eec7711d0f3cdf9a801e?s=96&d=mm&r=g"}}]}},"_links":{"self":[{"href":"https:\/\/www.casadocuidar.org.br\/en\/wp-json\/wp\/v2\/posts\/16770","targetHints":{"allow":["GET"]}}],"collection":[{"href":"https:\/\/www.casadocuidar.org.br\/en\/wp-json\/wp\/v2\/posts"}],"about":[{"href":"https:\/\/www.casadocuidar.org.br\/en\/wp-json\/wp\/v2\/types\/post"}],"author":[{"embeddable":true,"href":"https:\/\/www.casadocuidar.org.br\/en\/wp-json\/wp\/v2\/users\/2618"}],"replies":[{"embeddable":true,"href":"https:\/\/www.casadocuidar.org.br\/en\/wp-json\/wp\/v2\/comments?post=16770"}],"version-history":[{"count":1,"href":"https:\/\/www.casadocuidar.org.br\/en\/wp-json\/wp\/v2\/posts\/16770\/revisions"}],"predecessor-version":[{"id":16773,"href":"https:\/\/www.casadocuidar.org.br\/en\/wp-json\/wp\/v2\/posts\/16770\/revisions\/16773"}],"wp:featuredmedia":[{"embeddable":true,"href":"https:\/\/www.casadocuidar.org.br\/en\/wp-json\/wp\/v2\/media\/16771"}],"wp:attachment":[{"href":"https:\/\/www.casadocuidar.org.br\/en\/wp-json\/wp\/v2\/media?parent=16770"}],"wp:term":[{"taxonomy":"category","embeddable":true,"href":"https:\/\/www.casadocuidar.org.br\/en\/wp-json\/wp\/v2\/categories?post=16770"},{"taxonomy":"post_tag","embeddable":true,"href":"https:\/\/www.casadocuidar.org.br\/en\/wp-json\/wp\/v2\/tags?post=16770"}],"curies":[{"name":"wp","href":"https:\/\/api.w.org\/{rel}","templated":true}]}}