{"id":10019,"date":"2022-06-20T10:00:12","date_gmt":"2022-06-20T13:00:12","guid":{"rendered":"https:\/\/www.casadocuidar.org.br\/?p=10019"},"modified":"2024-09-17T16:05:13","modified_gmt":"2024-09-17T19:05:13","slug":"aprimoramento-em-comunicacao-aumentativa-e-alternativa-na-atuacao-em-cuidados-paliativos-2024","status":"publish","type":"post","link":"https:\/\/www.casadocuidar.org.br\/en\/cursos\/aprimoramento-em-comunicacao-aumentativa-e-alternativa-na-atuacao-em-cuidados-paliativos-2024\/","title":{"rendered":"Aprimoramento em Comunica\u00e7\u00e3o Aumentativa e Alternativa na Atua\u00e7\u00e3o em Cuidados Paliativos"},"content":{"rendered":"<div class=\"wpb-content-wrapper\"><p>[vc_row css=&#8221;.vc_custom_1722362330883{padding-bottom: 50px !important;}&#8221;][vc_column width=&#8221;2\/12&#8243;][\/vc_column][vc_column width=&#8221;8\/12&#8243;][vc_column_text css=&#8221;&#8221;]No mundo, temos anualmente mudan\u00e7as significativas nos dados do aumento das mais de 5 milh\u00f5es de pessoas sem a comunica\u00e7\u00e3o pela fala. Essas s\u00e3o as chamadas pessoas com necessidades complexas de comunica\u00e7\u00e3o, e que se encontram, portanto, em situa\u00e7\u00e3o de vulnerabilidade comunicativa.<\/p>\n<p>Nesse momento, podem chegar no pronto socorro, enfermarias, UTIs, casas de repouso, ou mesmo em suas casas ou de seus familiares, vivenciando imensas barreiras de comunica\u00e7\u00e3o, pela fala, escuta e\/ou pela escrita.<\/p>\n<p>Em aten\u00e7\u00e3o a esse n\u00famero alarmante que desvia a possibilidade de se expressar e de compreender e ser compreendido de modo Eficiente e Afetivo precisamos fazer algo que mude essa realidade. Decidimos ser parte da transforma\u00e7\u00e3o desta cultura t\u00e3o empobrecida, silenciosa e silenciada, cientes sobre a necessidade em formar pessoas, estudantes e profissionais da educa\u00e7\u00e3o, da sa\u00fade e do cuidado em conhecimento e capacidade na \u00e1rea da Comunica\u00e7\u00e3o Aumentativa e Alternativa.<\/p>\n<p>Este caminho vai oferecer oportunidade de comunica\u00e7\u00e3o e tamb\u00e9m al\u00edvio do sofrimento, em medida n\u00e3o medicamentosa, por meio do uso de s\u00edmbolos, recursos sensoriais, t\u00e9cnicas e estrat\u00e9gias muito espec\u00edficas e valiosas.<\/p>\n<p><strong>A comunica\u00e7\u00e3o Aumentativa e Alternativa \u00e9 o que temos de mais inovador em sa\u00fade e promover a educa\u00e7\u00e3o a quem lida com quem n\u00e3o fala e\/ou n\u00e3o escreve, ou seja a quem n\u00e3o se comunica de modo tempor\u00e1rio ou permanente pela fala e\/ou escrita, \u00e9 uma urg\u00eancia.<\/strong><\/p>\n<p>Esse aprimoramento ap\u00f3s 4 anos formando pessoas na pr\u00e1tica, nascendo e renascendo na Casa do Cuidar, vem em uma nova vers\u00e3o com atualiza\u00e7\u00f5es e linda expertise, reunindo novas informa\u00e7\u00f5es e viv\u00eancias para auxiliar na decis\u00e3o cl\u00ednica e hospitalar o mais precocemente poss\u00edvel.<\/p>\n<p>E considerando as habilidades e necessidades de cada pessoa para uma comunica\u00e7\u00e3o mais competente e funcional chegamos numa realiza\u00e7\u00e3o profissional muito mais completa e inclusiva.<\/p>\n<p>Se voc\u00ea quer aprender tudo isso e ainda conhecer professores absolutamente inovadores e entusiasmados em ensinar, este \u00e9 um espa\u00e7o de aprendizado em que voc\u00ea vai se realizar.<\/p>\n<p>Te esperamos![\/vc_column_text]<style type=\"text\/css\" data-type=\"the7_shortcodes-inline-css\">#default-btn-80e9d82a329ce9ec5da6d206cea98490.ico-right-side > i {\n  margin-right: 0px;\n  margin-left: 8px;\n}\n#default-btn-80e9d82a329ce9ec5da6d206cea98490 > i {\n  margin-right: 8px;\n}<\/style><div class=\"btn-align-center\"><a href=\"https:\/\/www.casadocuidar.org.br\/carrinho\/?add-to-cart=19737\" class=\"default-btn-shortcode dt-btn dt-btn-l link-hover-off \" id=\"default-btn-80e9d82a329ce9ec5da6d206cea98490\"><span>Inscreva-se agora!<\/span><\/a><\/div>[\/vc_column][vc_column width=&#8221;2\/12&#8243;][\/vc_column][\/vc_row][vc_row full_width=&#8221;stretch_row&#8221; css=&#8221;.vc_custom_1722363204083{padding-top: 50px !important;padding-bottom: 50px !important;background-color: #eaeaea !important;}&#8221;][vc_column width=&#8221;1\/2&#8243;][vc_column_text css=&#8221;&#8221;]<\/p>\n<div style=\"width: 900px;\" class=\"wp-video\"><video class=\"wp-video-shortcode\" id=\"video-10019-1\" width=\"900\" height=\"720\" preload=\"metadata\" controls=\"controls\"><source type=\"video\/mp4\" src=\"https:\/\/www.casadocuidar.org.br\/website\/wp-content\/uploads\/2023\/07\/poesia-boca.mp4?_=1\" \/><a href=\"https:\/\/www.casadocuidar.org.br\/website\/wp-content\/uploads\/2023\/07\/poesia-boca.mp4\">https:\/\/www.casadocuidar.org.br\/website\/wp-content\/uploads\/2023\/07\/poesia-boca.mp4<\/a><\/video><\/div>\n<p>[\/vc_column_text][\/vc_column][vc_column width=&#8221;1\/2&#8243;][vc_column_text css=&#8221;&#8221;]<\/p>\n<h3 style=\"text-align: center;\">Poema \u00e0 Boca Fechada, por Vince<\/h3>\n<p style=\"text-align: center;\">&#8216;N\u00e3o direi:<br \/>\nQue o sil\u00eancio me sufoca e me amorda\u00e7a.<br \/>\nCalado estou, calado estarei,<\/p>\n<p style=\"text-align: center;\">Pois que a l\u00edngua que falo \u00e9 doutra ra\u00e7a.<br \/>\nPalavras consumidas se acumulam,<br \/>\nSe represam, cisterna de \u00e1guas mortas,<br \/>\n\u00c1cidas m\u00e1goas em limos transformadas,<\/p>\n<p style=\"text-align: center;\">Vasa de fundo em que h\u00e1 ra\u00edzes tortas.<br \/>\nN\u00e3o direi:<br \/>\nQue nem sequer o esfor\u00e7o de as dizer merecem,<br \/>\nPalavras que n\u00e3o digam quanto sei<br \/>\nNeste retiro em que me n\u00e3o conhecem.<\/p>\n<p style=\"text-align: center;\">Nem s\u00f3 todos se arrastam, nem s\u00f3 lamas,<br \/>\nNem s\u00f3 animais, b\u00f3iam, mortos, medos,<br \/>\nT\u00fargidos frutos em cachos se entrela\u00e7am<br \/>\nNo negro po\u00e7o de onde sobem dedos.<\/p>\n<p style=\"text-align: center;\">S\u00f3 direi,<br \/>\nCrispadamente recolhido e mudo,<br \/>\nQue quem se cala quanto me calei<br \/>\nN\u00e3o poder\u00e1 morrer sem dizer tudo.&#8221;<\/p>\n<p style=\"text-align: center;\"><em>Os Poemas Poss\u00edveis, Lisboa, Editorial Caminho, 1981&#8242;<\/em><\/p>\n<p>[\/vc_column_text][\/vc_column][\/vc_row][vc_row full_width=&#8221;stretch_row&#8221; css=&#8221;.vc_custom_1722362421597{margin-bottom: 0px !important;padding-top: 30px !important;padding-bottom: 30px !important;}&#8221;][vc_column width=&#8221;1\/6&#8243;][\/vc_column][vc_column width=&#8221;2\/3&#8243;][vc_column_text css=&#8221;&#8221;]<\/p>\n<h3>Programa\u00e7\u00e3o<\/h3>\n<p><strong>Ciclo 1<\/strong><\/p>\n<ul>\n<li>O Despertar da Consci\u00eancia em que a Comunica\u00e7\u00e3o Alternativa Ocupa na Atua\u00e7\u00e3o em Cuidados Paliativos.<br \/>\n<em><em>Nat\u00e1lie Iani Goldoni<\/em><\/em><\/li>\n<li>A Tecnologia Humanizada na Fronteira do Cuidado como um Caminho de Esperan\u00e7a&#8221;<br \/>\n<em>Rafael Alves<\/em><\/li>\n<\/ul>\n<p>&nbsp;<\/p>\n<p><strong>Ciclo 2<\/strong><\/p>\n<ul>\n<li>ESPERAN\u00c7AR em Comunica\u00e7\u00e3o Alternativa, na Fronteira da Dor Total<br \/>\n<em><em>Nat\u00e1lie Iani Goldoni<\/em><\/em><\/li>\n<li>Dignificar a Exist\u00eancia da Tecnologia na Aus\u00eancia da Comunica\u00e7\u00e3o Ofertando o Manto que Protege<br \/>\n<em>Rafael Alves<\/em><\/li>\n<\/ul>\n<p>&nbsp;<\/p>\n<p><strong>Ciclo 3<\/strong><\/p>\n<ul>\n<li>Uma nova L\u00edngua Atravessada Pelo Movimento e o Olhar na Entrega Potencializadora que Desafia a Palavra<br \/>\n<em>Carlos Alberto Franco \u2013 Professor surdo<\/em><\/li>\n<\/ul>\n<p>&nbsp;<\/p>\n<p><strong>Ciclo 4<\/strong><\/p>\n<ul>\n<li>Ao Encontro do Renascimento: um Cuidado Com o Uso da Comunica\u00e7\u00e3o Alternativa Como For\u00e7a Vis\u00edvel no Desfecho da Vida em Aus\u00eancia da Fala<br \/>\n<em>Adriane Lacerda \u2013 Portadora de uma doen\u00e7a neurodegenerativa rara<\/em><\/li>\n<li>Perseverar na Vereda da Medicina no Enfrentamento da Solid\u00e3o em Estar Frente a Frente a quem N\u00e3o se Comunica Pela Fala<br \/>\n<em>K\u00e1tia Ribeiro Fuza<\/em><\/li>\n<\/ul>\n<p>&nbsp;<\/p>\n<p><strong>Ciclo 5<\/strong><\/p>\n<ul>\n<li>Quando a Comunica\u00e7\u00e3o Compassiva Atravessa o Deserto da Aus\u00eancia de Fala<br \/>\n<em>Ana Claudia Quintana Arantes<\/em><\/li>\n<\/ul>\n<p>[\/vc_column_text][\/vc_column][vc_column width=&#8221;1\/6&#8243;][\/vc_column][\/vc_row][vc_row full_width=&#8221;stretch_row&#8221; disable_element=&#8221;yes&#8221; css=&#8221;.vc_custom_1726599878022{margin-bottom: 0px !important;padding-top: 30px !important;padding-bottom: 30px !important;background-color: #efefef !important;}&#8221;][vc_column width=&#8221;1\/6&#8243;][\/vc_column][vc_column width=&#8221;2\/3&#8243;][vc_column_text css=&#8221;&#8221;]<\/p>\n<h3>Mais informa\u00e7\u00f5es<\/h3>\n<div><b>Modalidade:<\/b> Curso Online ao vivo (via Zoom meeting)<br \/>\n<b>Quando: <\/b>Setembro e Outubro de 2024 (ter\u00e7as e quintas-feiras)<br \/>\ndias 17,19, 24 e 26 de setembro<br \/>\n01, 03 e 08 de outubro<br \/>\n<b>Hor\u00e1rio: <\/b>19h \u00e0s 22h (setembro)<br \/>\n19h \u00e0s 21h (outubro)<br \/>\n<b>Carga hor\u00e1ria:<\/b> 18 horas<br \/>\n<b>Coordena\u00e7\u00e3o: <\/b>Dra. Ana Claudia Quintana Arantes e Nat\u00e1lie Iani Goldoni<br \/>\n<b>Docentes:<\/b> Nat\u00e1lie Iani Goldoni, Rafael Alves, Dra. Ana Claudia Quintana Arantes, Dra. Katia Fuza, Adriane Lacerda e Beto Franco.<br \/>\n<b>Investimento:<\/b> R$ 1.200,00<\/div>\n<p>[\/vc_column_text][\/vc_column][vc_column width=&#8221;1\/6&#8243;][\/vc_column][\/vc_row][vc_row][vc_column width=&#8221;2\/12&#8243;][\/vc_column][vc_column width=&#8221;3\/12&#8243;][vc_single_image image=&#8221;19718&#8243; img_size=&#8221;full&#8221; alignment=&#8221;center&#8221; style=&#8221;vc_box_circle_2&#8243; css=&#8221;&#8221; image_hovers=&#8221;false&#8221;][\/vc_column][vc_column width=&#8221;5\/12&#8243;][vc_column_text css=&#8221;&#8221;]<\/p>\n<h3>Ana Claudia Quintana Arantes<\/h3>\n<p>M\u00e9dica formada pela USP com resid\u00eancia em Geriatria e Gerontologia no Hospital das Cl\u00ednicas da FMUSP. Fez p\u00f3s-gradua\u00e7\u00e3o em Psicologia \u2013 Interven\u00e7\u00f5es em Luto pelo Instituto 4 Esta\u00e7\u00f5es de Psicologia e especializa\u00e7\u00e3o em Cuidados Paliativos pelo Instituto Pallium e Universidade de Oxford. \u00c9 s\u00f3cia fundadora da Associa\u00e7\u00e3o Casa do Cuidar, Pr\u00e1tica e Ensino em Cuidados Paliativos. Implantou treinamentos institucionais em Cuidados Paliativos no Hospital Albert Eintein. \u00c9 autora do best-seller \u201cA morte \u00e9 um dia que vale a pena viver\u201d, lan\u00e7ado no Brasil e em Portugal, M\u00e9xico, Jap\u00e3o entre outros pa\u00edses, e tamb\u00e9m &#8220;Hist\u00f3rias Lindas de Morrer&#8221; e &#8220;Pra vida toda valer a pena viver&#8221;.[\/vc_column_text][\/vc_column][vc_column width=&#8221;2\/12&#8243;][\/vc_column][\/vc_row][vc_row][vc_column width=&#8221;2\/12&#8243;][\/vc_column][vc_column width=&#8221;3\/12&#8243;][vc_single_image image=&#8221;19700&#8243; img_size=&#8221;full&#8221; alignment=&#8221;center&#8221; style=&#8221;vc_box_circle_2&#8243; css=&#8221;&#8221; image_hovers=&#8221;false&#8221;][\/vc_column][vc_column width=&#8221;5\/12&#8243;][vc_column_text css=&#8221;&#8221;]<\/p>\n<h3>Nat\u00e1lie Iani Goldoni<\/h3>\n<div>Fonoaudi\u00f3loga Paliativista (Unesp campus Mar\u00edlia)\u00a0 cl\u00ednica\u00a0 e domiciliar;\u00a0 Pedagoga (Uesc- Ilh\u00e9us)<\/div>\n<div>Mestrado e Doutoranda pelo Programa de P\u00f3s Gradua\u00e7\u00e3o em Educa\u00e7\u00e3o com foco em Comunica\u00e7\u00e3o Suplementar e Alternativa (Unesp campus Mar\u00edlia);<\/div>\n<div>Especializa\u00e7\u00e3o curso B\u00e1sico e Avan\u00e7ado em Cuidados Paliativos\u00a0 pelo Instituto Pallium Latinoam\u00e9rica e com muita honra e gratid\u00e3o docente da P\u00f3s gradua\u00e7\u00e3o em Cuidados Paliativos da Universidade Federal de S\u00e3o Carlos, ainda, docente da P\u00f3s Gradua\u00e7\u00e3o em Cuidados Paliativos da Casa do Cuidar e Coordenadora e Docente do Curso de Comunica\u00e7\u00e3o Aumentativa e Alternativa da Casa do Cuidar-SP.<\/div>\n<p>[\/vc_column_text][\/vc_column][vc_column width=&#8221;2\/12&#8243;][\/vc_column][\/vc_row][vc_row][vc_column width=&#8221;2\/12&#8243;][\/vc_column][vc_column width=&#8221;3\/12&#8243;][vc_single_image image=&#8221;19710&#8243; img_size=&#8221;full&#8221; alignment=&#8221;center&#8221; style=&#8221;vc_box_circle_2&#8243; css=&#8221;&#8221; image_hovers=&#8221;false&#8221;][\/vc_column][vc_column width=&#8221;5\/12&#8243;][vc_column_text css=&#8221;&#8221;]<\/p>\n<h3>Adriane Lacerda<\/h3>\n<div>\n<div dir=\"auto\">\n<div>\n<div>Portadora de uma doen\u00e7a neurodegenerativa rara<\/div>\n<div>Te mostro que a vida merece ser bem vivida<\/div>\n<div>AMS-Atrofia de M\u00faltiplos Sistemas<\/div>\n<\/div>\n<div>Autora do Livro dispon\u00edvel em E-book &#8220;Encontrei Meu Jardim&#8221;<\/div>\n<\/div>\n<\/div>\n<p>[\/vc_column_text][\/vc_column][vc_column width=&#8221;2\/12&#8243;][\/vc_column][\/vc_row][vc_row][vc_column width=&#8221;2\/12&#8243;][\/vc_column][vc_column width=&#8221;3\/12&#8243;][vc_single_image image=&#8221;10025&#8243; img_size=&#8221;full&#8221; alignment=&#8221;center&#8221; style=&#8221;vc_box_circle_2&#8243; css=&#8221;&#8221; image_hovers=&#8221;false&#8221;][\/vc_column][vc_column width=&#8221;5\/12&#8243;][vc_column_text]<\/p>\n<h3>Rafael Alves<\/h3>\n<div>\n<p>Especialista em tecnologia assistiva com eye tracking na Civiam Brasil, p\u00f3s-graduado em Terapia Ocupacional Aplicada \u00e0 Neurologia \u2013 Hospital Albert Einstein, MBA Health Tech \u2013 FIAP-SP, engenheiro de sistemas pelo Centro de Tecnologia IBTA-SP. Atua com recursos assistivos Tobii Dynavox desde 2010, apoiando a equipe multidisciplinar na implementa\u00e7\u00e3o de solu\u00e7\u00f5es para acesso ao computador, comunica\u00e7\u00e3o alternativa e automa\u00e7\u00e3o residencial.<\/p>\n<\/div>\n<p>[\/vc_column_text][\/vc_column][vc_column width=&#8221;2\/12&#8243;][\/vc_column][\/vc_row][vc_row][vc_column width=&#8221;2\/12&#8243;][\/vc_column][vc_column width=&#8221;3\/12&#8243;][vc_single_image image=&#8221;19690&#8243; img_size=&#8221;full&#8221; alignment=&#8221;center&#8221; style=&#8221;vc_box_circle_2&#8243; css=&#8221;&#8221; image_hovers=&#8221;false&#8221;][\/vc_column][vc_column width=&#8221;5\/12&#8243;][vc_column_text css=&#8221;&#8221;]<\/p>\n<h3>K\u00e1tia Ribeiro Fuza<\/h3>\n<div>\n<p>M\u00e9dica Oncologista. Paliativista pelo Instituto Pallium Latinoam\u00e9rica, curso B\u00e1sico e Avan\u00e7ado. Foi m\u00e9dica e respons\u00e1vel t\u00e9cnica do CACON da regi\u00e3o de Ara\u00e7atuba-SP, titular no Hospital de C\u00e2ncer de Barretos e Jales nos departamentos de Oncologia e Cuidados Paliativos. Coordenou o Setor de Oncologia do Hospital do C\u00e2ncer de Jales-SP e o Departamento de Cuidados Paliativos do Hospital Amaral Carvalho (Jau-SP). Segue o programa PROGER (Educa\u00e7\u00e3o Continuada em Geriatria) do CREMESP e realiza atendimentos em Cuidados Paliativos e Geriatria nas redes p\u00fablica e privada nos setores ambulatorial e domiciliar, no interior de S\u00e3o Paulo (S\u00e3o Carlos, Jau e regi\u00e3o).<\/p>\n<\/div>\n<p>[\/vc_column_text][\/vc_column][vc_column width=&#8221;2\/12&#8243;][\/vc_column][\/vc_row][vc_row][vc_column width=&#8221;2\/12&#8243;][\/vc_column][vc_column width=&#8221;3\/12&#8243;][vc_single_image image=&#8221;19713&#8243; img_size=&#8221;full&#8221; alignment=&#8221;center&#8221; style=&#8221;vc_box_circle_2&#8243; css=&#8221;&#8221; image_hovers=&#8221;false&#8221;][\/vc_column][vc_column width=&#8221;5\/12&#8243;][vc_column_text css=&#8221;&#8221;]<\/p>\n<h3>Beto Franco<\/h3>\n<div>\n<div dir=\"auto\">Professor Auxiliar na Universidade Federal do Rec\u00f4ncavo da Bahia (UFRB), no Centro de Forma\u00e7\u00e3o de Professores (CFP), campus de Amargosa, atuando no curso de Letras\/Libras. Atua como presidente do N\u00facleo Docente Estruturante (NDE) do Curso de Letras no CFP\/UFRB e \u00e9 professor de LIBRAS no Curso de Licenciatura em Educa\u00e7\u00e3o Bil\u00edngue de Surdos no Parfor Equidade da UFRB para 2024. Tem experi\u00eancia na \u00e1rea de LIBRAS, com \u00eanfase em L\u00edngua de Sinais, atuando principalmente em temas como ensino da Libras como L1 e L2, lingu\u00edstica da l\u00edngua de sinais, escrita de sinais e literatura surda.<\/div>\n<div dir=\"auto\">Possui gradua\u00e7\u00e3o em Educa\u00e7\u00e3o F\u00edsica pela Universidade Norte do Paran\u00e1 (UNOPAR, 2011) e especializa\u00e7\u00e3o em Educa\u00e7\u00e3o Especial com \u00eanfase em Educa\u00e7\u00e3o Bil\u00edngue para Surdos &#8211; Libras\/L\u00edngua Portuguesa pela Faculdade de Tecnologia Am\u00e9rica do Sul (2013). Concluiu a gradua\u00e7\u00e3o em Letras com habilita\u00e7\u00e3o em LIBRAS pela Faculdade Eficaz, em Maring\u00e1-PR. Possui certificados de Profici\u00eancia no uso e ensino da Libras, nos n\u00edveis m\u00e9dio (2009) e superior (2013), emitidos pelo MEC em parceria com a Universidade Federal de Santa Catarina (UFSC). Mestrando em Educa\u00e7\u00e3o pela Faculdade de Educa\u00e7\u00e3o da Universidade Federal da Bahia (UFBA).<\/div>\n<\/div>\n<p>[\/vc_column_text][\/vc_column][vc_column width=&#8221;2\/12&#8243;][\/vc_column][\/vc_row][vc_row full_width=&#8221;stretch_row&#8221;][vc_column width=&#8221;2\/12&#8243;][\/vc_column][vc_column width=&#8221;8\/12&#8243;][vc_column_text]<\/p>\n<h3>Lista de interesse<\/h3>\n<p>As inscri\u00e7\u00f5es para a turma atual foram encerradas. Mas voc\u00ea pode deixar seu nome na lista e o avisaremos assim que abrirmos novas tumas[\/vc_column_text]<noscript class=\"ninja-forms-noscript-message\">\n\tNotice: JavaScript is required for this content.<\/noscript>\n<div id=\"nf-form-2-cont\" class=\"nf-form-cont\" aria-live=\"polite\" aria-labelledby=\"nf-form-title-2\" aria-describedby=\"nf-form-errors-2\" role=\"form\">\n\n    <div class=\"nf-loading-spinner\"><\/div>\n\n<\/div>\n        <!-- That data is being printed as a workaround to page builders reordering the order of the scripts loaded-->\n        <script>var formDisplay=1;var nfForms=nfForms||[];var form=[];form.id='2';form.settings={\"objectType\":\"Form Setting\",\"editActive\":true,\"title\":\"Interesse no curso\",\"show_title\":0,\"clear_complete\":1,\"hide_complete\":1,\"default_label_pos\":\"above\",\"wrapper_class\":\"\",\"element_class\":\"\",\"key\":\"\",\"add_submit\":0,\"currency\":\"\",\"unique_field_error\":\"A form with this value has already been submitted.\",\"logged_in\":false,\"not_logged_in_msg\":\"\",\"sub_limit_msg\":\"The form has reached its submission limit.\",\"calculations\":[],\"container_styles_show_advanced_css\":0,\"title_styles_show_advanced_css\":0,\"row_styles_show_advanced_css\":0,\"row-odd_styles_show_advanced_css\":0,\"success-msg_styles_show_advanced_css\":0,\"error_msg_styles_show_advanced_css\":0,\"formContentData\":[{\"order\":1,\"cells\":[{\"order\":0,\"fields\":[\"nome_1527109801809\"],\"width\":33},{\"order\":1,\"fields\":[\"email_1527109810070\"],\"width\":33},{\"order\":2,\"fields\":[\"telefone_1527109823406\"],\"width\":33}]},{\"order\":2,\"cells\":[{\"order\":0,\"fields\":[\"nome_da_pagina_1594690893053\"],\"width\":\"100\"}]},{\"order\":3,\"cells\":[{\"order\":0,\"fields\":[\"enviar_1527109852602\"],\"width\":\"100\"}]}],\"drawerDisabled\":false,\"changeEmailErrorMsg\":\"Digite um e-mail v\\u00e1lido\",\"changeDateErrorMsg\":\"Please enter a valid date!\",\"confirmFieldErrorMsg\":\"These fields must match!\",\"fieldNumberNumMinError\":\"Number Min Error\",\"fieldNumberNumMaxError\":\"Number Max Error\",\"fieldNumberIncrementBy\":\"Please increment by \",\"formErrorsCorrectErrors\":\"Por favor, preencha todos os campos necess\\u00e1rios.\",\"validateRequiredField\":\"This is a required field.\",\"honeypotHoneypotError\":\"Honeypot Error\",\"fieldsMarkedRequired\":\"Campos com * s\\u00e3o obrigat\\u00f3rios\",\"conditions\":[],\"allow_public_link\":0,\"embed_form\":\"\",\"form_title_heading_level\":\"3\",\"objectDomain\":\"display\",\"ninjaForms\":\"Ninja Forms\",\"fieldTextareaRTEInsertLink\":\"Insert Link\",\"fieldTextareaRTEInsertMedia\":\"Insert Media\",\"fieldTextareaRTESelectAFile\":\"Select a file\",\"formHoneypot\":\"If you are a human seeing this field, please leave it empty.\",\"fileUploadOldCodeFileUploadInProgress\":\"File Upload in Progress.\",\"fileUploadOldCodeFileUpload\":\"FILE UPLOAD\",\"currencySymbol\":\"&#36;\",\"thousands_sep\":\",\",\"decimal_point\":\".\",\"siteLocale\":\"en_US\",\"dateFormat\":\"m\\\/d\\\/Y\",\"startOfWeek\":\"0\",\"of\":\"of\",\"previousMonth\":\"Previous Month\",\"nextMonth\":\"Next Month\",\"months\":[\"January\",\"February\",\"March\",\"April\",\"May\",\"June\",\"July\",\"August\",\"September\",\"October\",\"November\",\"December\"],\"monthsShort\":[\"Jan\",\"Feb\",\"Mar\",\"Apr\",\"May\",\"Jun\",\"Jul\",\"Aug\",\"Sep\",\"Oct\",\"Nov\",\"Dec\"],\"weekdays\":[\"Sunday\",\"Monday\",\"Tuesday\",\"Wednesday\",\"Thursday\",\"Friday\",\"Saturday\"],\"weekdaysShort\":[\"Sun\",\"Mon\",\"Tue\",\"Wed\",\"Thu\",\"Fri\",\"Sat\"],\"weekdaysMin\":[\"Su\",\"Mo\",\"Tu\",\"We\",\"Th\",\"Fr\",\"Sa\"],\"recaptchaConsentMissing\":\"reCaptcha validation couldn&#039;t load.\",\"recaptchaMissingCookie\":\"reCaptcha v3 validation couldn&#039;t load the cookie needed to submit the form.\",\"recaptchaConsentEvent\":\"Accept reCaptcha cookies before sending the form.\",\"currency_symbol\":\"\",\"beforeForm\":\"\",\"beforeFields\":\"\",\"afterFields\":\"\",\"afterForm\":\"\"};form.fields=[{\"objectType\":\"Field\",\"objectDomain\":\"fields\",\"editActive\":false,\"order\":1,\"idAttribute\":\"id\",\"type\":\"firstname\",\"label\":\"Nome\",\"key\":\"nome_1527109801809\",\"label_pos\":\"above\",\"required\":1,\"default\":\"\",\"placeholder\":\"\",\"container_class\":\"\",\"element_class\":\"\",\"admin_label\":\"\",\"help_text\":\"\",\"custom_name_attribute\":\"fname\",\"wrap_styles_show_advanced_css\":0,\"label_styles_show_advanced_css\":0,\"element_styles_show_advanced_css\":0,\"cellcid\":\"c3543\",\"drawerDisabled\":false,\"personally_identifiable\":1,\"value\":\"\",\"id\":18,\"beforeField\":\"\",\"afterField\":\"\",\"parentType\":\"firstname\",\"element_templates\":[\"firstname\",\"input\"],\"old_classname\":\"\",\"wrap_template\":\"wrap\"},{\"objectType\":\"Field\",\"objectDomain\":\"fields\",\"editActive\":false,\"order\":2,\"idAttribute\":\"id\",\"type\":\"email\",\"label\":\"E-mail\",\"key\":\"email_1527109810070\",\"label_pos\":\"above\",\"required\":1,\"default\":\"\",\"placeholder\":\"\",\"container_class\":\"\",\"element_class\":\"\",\"admin_label\":\"\",\"help_text\":\"\",\"custom_name_attribute\":\"email\",\"wrap_styles_show_advanced_css\":0,\"label_styles_show_advanced_css\":0,\"element_styles_show_advanced_css\":0,\"cellcid\":\"c3546\",\"drawerDisabled\":false,\"personally_identifiable\":1,\"value\":\"\",\"id\":19,\"beforeField\":\"\",\"afterField\":\"\",\"parentType\":\"email\",\"element_templates\":[\"email\",\"input\"],\"old_classname\":\"\",\"wrap_template\":\"wrap\"},{\"objectType\":\"Field\",\"objectDomain\":\"fields\",\"editActive\":false,\"order\":3,\"idAttribute\":\"id\",\"type\":\"textbox\",\"label\":\"Telefone\",\"key\":\"telefone_1527109823406\",\"label_pos\":\"above\",\"required\":false,\"default\":\"\",\"placeholder\":\"(XX) XXXX-XXXX\",\"container_class\":\"\",\"element_class\":\"\",\"input_limit\":\"\",\"input_limit_type\":\"characters\",\"input_limit_msg\":\"Character(s) left\",\"manual_key\":false,\"admin_label\":\"\",\"help_text\":\"\",\"mask\":\"\",\"custom_mask\":\"\",\"custom_name_attribute\":\"\",\"wrap_styles_show_advanced_css\":0,\"label_styles_show_advanced_css\":0,\"element_styles_show_advanced_css\":0,\"cellcid\":\"c3548\",\"personally_identifiable\":\"\",\"value\":\"\",\"id\":20,\"beforeField\":\"\",\"afterField\":\"\",\"parentType\":\"textbox\",\"element_templates\":[\"textbox\",\"input\"],\"old_classname\":\"\",\"wrap_template\":\"wrap\"},{\"objectType\":\"Field\",\"objectDomain\":\"fields\",\"editActive\":false,\"order\":4,\"idAttribute\":\"id\",\"label\":\"Nome da p\\u00e1gina\",\"type\":\"hidden\",\"key\":\"nome_da_pagina_1594690893053\",\"default\":\"{wp:post_title}\",\"admin_label\":\"\",\"wrap_styles_border\":\"\",\"wrap_styles_width\":\"\",\"wrap_styles_margin\":\"\",\"wrap_styles_padding\":\"\",\"wrap_styles_float\":\"\",\"wrap_styles_show_advanced_css\":0,\"label_styles_border\":\"\",\"label_styles_width\":\"\",\"label_styles_font-size\":\"\",\"label_styles_margin\":\"\",\"label_styles_padding\":\"\",\"label_styles_float\":\"\",\"label_styles_show_advanced_css\":0,\"element_styles_border\":\"\",\"element_styles_width\":\"\",\"element_styles_font-size\":\"\",\"element_styles_margin\":\"\",\"element_styles_padding\":\"\",\"element_styles_float\":\"\",\"element_styles_show_advanced_css\":0,\"cellcid\":\"c3551\",\"drawerDisabled\":false,\"manual_key\":true,\"id\":52,\"beforeField\":\"\",\"afterField\":\"\",\"value\":\"Aprimoramento em Comunica\\u00e7\\u00e3o Aumentativa e Alternativa na Atua\\u00e7\\u00e3o em Cuidados Paliativos\",\"label_pos\":\"above\",\"parentType\":\"hidden\",\"element_templates\":[\"hidden\",\"input\"],\"old_classname\":\"\",\"wrap_template\":\"wrap-no-label\"},{\"objectType\":\"Field\",\"objectDomain\":\"fields\",\"editActive\":false,\"order\":5,\"idAttribute\":\"id\",\"type\":\"submit\",\"label\":\"Enviar\",\"processing_label\":\"Aguarde...\",\"container_class\":\"\",\"element_class\":\"\",\"key\":\"enviar_1527109852602\",\"wrap_styles_show_advanced_css\":0,\"element_styles_show_advanced_css\":0,\"submit_element_hover_styles_show_advanced_css\":0,\"cellcid\":\"c3554\",\"drawerDisabled\":false,\"admin_label\":\"\",\"id\":21,\"beforeField\":\"\",\"afterField\":\"\",\"value\":\"\",\"label_pos\":\"above\",\"parentType\":\"textbox\",\"element_templates\":[\"submit\",\"button\",\"input\"],\"old_classname\":\"\",\"wrap_template\":\"wrap-no-label\"}];nfForms.push(form);<\/script>\n                <script id=\"nf-tmpl-cell\" type=\"text\/template\">\n            <nf-fields><\/nf-fields>\n        <\/script>\n\n        <script id=\"nf-tmpl-row\" type=\"text\/template\">\n            <nf-cells><\/nf-cells>\n        <\/script>\n\n        [\/vc_column][vc_column width=&#8221;2\/12&#8243;][\/vc_column][\/vc_row][vc_row full_width=&#8221;stretch_row&#8221; disable_element=&#8221;yes&#8221; bg_type=&#8221;grad&#8221; css=&#8221;.vc_custom_1726599892307{padding-bottom: 50px !important;background-color: #f7f7f7 !important;}&#8221; bg_grad=&#8221;background: -webkit-gradient(linear, left top, left bottom, color-stop(0%, #E3E3E3), color-stop(100%, #FFFFFF));background: -moz-linear-gradient(top,#E3E3E3 0%,#FFFFFF 100%);background: -webkit-linear-gradient(top,#E3E3E3 0%,#FFFFFF 100%);background: -o-linear-gradient(top,#E3E3E3 0%,#FFFFFF 100%);background: -ms-linear-gradient(top,#E3E3E3 0%,#FFFFFF 100%);background: linear-gradient(top,#E3E3E3 0%,#FFFFFF 100%);&#8221;][vc_column width=&#8221;2\/12&#8243;][\/vc_column][vc_column width=&#8221;8\/12&#8243;][vc_column_text css=&#8221;&#8221;]<\/p>\n<h3 style=\"text-align: center;\">Inscreva-se<\/h3>\n<p style=\"text-align: center;\"><strong>Investimento:<\/strong> R$ 1.200,00<br \/>\n<strong>P\u00fablico alvo:<\/strong> p\u00fablico em geral<br \/>\nDesconto de 20% para s\u00f3cios da Casa do Cuidar<\/p>\n<p>[\/vc_column_text]<div class=\"woocommerce\"><\/div>[\/vc_column][vc_column width=&#8221;2\/12&#8243;][\/vc_column][\/vc_row]<\/p>\n<\/div>","protected":false},"excerpt":{"rendered":"<p>Curso online &#8211; Setembro e outubro de 2024<\/p>\n","protected":false},"author":1,"featured_media":19692,"comment_status":"closed","ping_status":"closed","sticky":false,"template":"","format":"standard","meta":{"_acf_changed":false,"footnotes":""},"categories":[27],"tags":[175],"class_list":["post-10019","post","type-post","status-publish","format-standard","has-post-thumbnail","hentry","category-cursos","tag-curso-ja-realizado","category-27","description-off"],"acf":[],"yoast_head":"<!-- This site is optimized with the Yoast SEO plugin v27.4 - https:\/\/yoast.com\/product\/yoast-seo-wordpress\/ -->\n<title>Aprimoramento em Comunica\u00e7\u00e3o Aumentativa e Alternativa na Atua\u00e7\u00e3o em Cuidados Paliativos - Casa do Cuidar<\/title>\n<meta name=\"robots\" content=\"index, follow, max-snippet:-1, max-image-preview:large, max-video-preview:-1\" \/>\n<link rel=\"canonical\" href=\"https:\/\/www.casadocuidar.org.br\/cursos\/aprimoramento-em-comunicacao-aumentativa-e-alternativa-na-atuacao-em-cuidados-paliativos-2024\/\" \/>\n<meta property=\"og:locale\" content=\"en_US\" \/>\n<meta property=\"og:type\" content=\"article\" \/>\n<meta property=\"og:title\" content=\"Aprimoramento em Comunica\u00e7\u00e3o Aumentativa e Alternativa na Atua\u00e7\u00e3o em Cuidados Paliativos - Casa do Cuidar\" \/>\n<meta property=\"og:description\" content=\"Curso online - Setembro e outubro de 2024\" \/>\n<meta property=\"og:url\" content=\"https:\/\/www.casadocuidar.org.br\/cursos\/aprimoramento-em-comunicacao-aumentativa-e-alternativa-na-atuacao-em-cuidados-paliativos-2024\/\" \/>\n<meta property=\"og:site_name\" content=\"Casa do Cuidar\" \/>\n<meta property=\"article:published_time\" content=\"2022-06-20T13:00:12+00:00\" \/>\n<meta property=\"article:modified_time\" content=\"2024-09-17T19:05:13+00:00\" \/>\n<meta property=\"og:image\" content=\"https:\/\/www.casadocuidar.org.br\/website\/wp-content\/uploads\/2022\/06\/lavender-field-with-tree-france.jpg\" \/>\n\t<meta property=\"og:image:width\" content=\"1600\" \/>\n\t<meta property=\"og:image:height\" content=\"902\" \/>\n\t<meta property=\"og:image:type\" content=\"image\/jpeg\" \/>\n<meta name=\"author\" content=\"Casa do Cuidar\" \/>\n<meta name=\"twitter:card\" content=\"summary_large_image\" \/>\n<meta name=\"twitter:label1\" content=\"Written by\" \/>\n\t<meta name=\"twitter:data1\" content=\"Casa do Cuidar\" \/>\n\t<meta name=\"twitter:label2\" content=\"Est. reading time\" \/>\n\t<meta name=\"twitter:data2\" content=\"10 minutes\" \/>\n<script type=\"application\/ld+json\" class=\"yoast-schema-graph\">{\"@context\":\"https:\\\/\\\/schema.org\",\"@graph\":[{\"@type\":\"Article\",\"@id\":\"https:\\\/\\\/www.casadocuidar.org.br\\\/cursos\\\/aprimoramento-em-comunicacao-aumentativa-e-alternativa-na-atuacao-em-cuidados-paliativos-2024\\\/#article\",\"isPartOf\":{\"@id\":\"https:\\\/\\\/www.casadocuidar.org.br\\\/cursos\\\/aprimoramento-em-comunicacao-aumentativa-e-alternativa-na-atuacao-em-cuidados-paliativos-2024\\\/\"},\"author\":{\"name\":\"Casa do Cuidar\",\"@id\":\"https:\\\/\\\/www.casadocuidar.org.br\\\/#\\\/schema\\\/person\\\/5d8486dbe13a88a6dd6b40aea91d2c5b\"},\"headline\":\"Aprimoramento em Comunica\u00e7\u00e3o Aumentativa e Alternativa na Atua\u00e7\u00e3o em Cuidados Paliativos\",\"datePublished\":\"2022-06-20T13:00:12+00:00\",\"dateModified\":\"2024-09-17T19:05:13+00:00\",\"mainEntityOfPage\":{\"@id\":\"https:\\\/\\\/www.casadocuidar.org.br\\\/cursos\\\/aprimoramento-em-comunicacao-aumentativa-e-alternativa-na-atuacao-em-cuidados-paliativos-2024\\\/\"},\"wordCount\":2108,\"publisher\":{\"@id\":\"https:\\\/\\\/www.casadocuidar.org.br\\\/#organization\"},\"image\":{\"@id\":\"https:\\\/\\\/www.casadocuidar.org.br\\\/cursos\\\/aprimoramento-em-comunicacao-aumentativa-e-alternativa-na-atuacao-em-cuidados-paliativos-2024\\\/#primaryimage\"},\"thumbnailUrl\":\"https:\\\/\\\/www.casadocuidar.org.br\\\/website\\\/wp-content\\\/uploads\\\/2022\\\/06\\\/lavender-field-with-tree-france.jpg\",\"keywords\":[\"Curso j\u00e1 realizado\"],\"articleSection\":[\"Cursos\"],\"inLanguage\":\"en-US\"},{\"@type\":\"WebPage\",\"@id\":\"https:\\\/\\\/www.casadocuidar.org.br\\\/cursos\\\/aprimoramento-em-comunicacao-aumentativa-e-alternativa-na-atuacao-em-cuidados-paliativos-2024\\\/\",\"url\":\"https:\\\/\\\/www.casadocuidar.org.br\\\/cursos\\\/aprimoramento-em-comunicacao-aumentativa-e-alternativa-na-atuacao-em-cuidados-paliativos-2024\\\/\",\"name\":\"Aprimoramento em Comunica\u00e7\u00e3o Aumentativa e Alternativa na Atua\u00e7\u00e3o em Cuidados Paliativos - Casa do Cuidar\",\"isPartOf\":{\"@id\":\"https:\\\/\\\/www.casadocuidar.org.br\\\/#website\"},\"primaryImageOfPage\":{\"@id\":\"https:\\\/\\\/www.casadocuidar.org.br\\\/cursos\\\/aprimoramento-em-comunicacao-aumentativa-e-alternativa-na-atuacao-em-cuidados-paliativos-2024\\\/#primaryimage\"},\"image\":{\"@id\":\"https:\\\/\\\/www.casadocuidar.org.br\\\/cursos\\\/aprimoramento-em-comunicacao-aumentativa-e-alternativa-na-atuacao-em-cuidados-paliativos-2024\\\/#primaryimage\"},\"thumbnailUrl\":\"https:\\\/\\\/www.casadocuidar.org.br\\\/website\\\/wp-content\\\/uploads\\\/2022\\\/06\\\/lavender-field-with-tree-france.jpg\",\"datePublished\":\"2022-06-20T13:00:12+00:00\",\"dateModified\":\"2024-09-17T19:05:13+00:00\",\"breadcrumb\":{\"@id\":\"https:\\\/\\\/www.casadocuidar.org.br\\\/cursos\\\/aprimoramento-em-comunicacao-aumentativa-e-alternativa-na-atuacao-em-cuidados-paliativos-2024\\\/#breadcrumb\"},\"inLanguage\":\"en-US\",\"potentialAction\":[{\"@type\":\"ReadAction\",\"target\":[\"https:\\\/\\\/www.casadocuidar.org.br\\\/cursos\\\/aprimoramento-em-comunicacao-aumentativa-e-alternativa-na-atuacao-em-cuidados-paliativos-2024\\\/\"]}]},{\"@type\":\"ImageObject\",\"inLanguage\":\"en-US\",\"@id\":\"https:\\\/\\\/www.casadocuidar.org.br\\\/cursos\\\/aprimoramento-em-comunicacao-aumentativa-e-alternativa-na-atuacao-em-cuidados-paliativos-2024\\\/#primaryimage\",\"url\":\"https:\\\/\\\/www.casadocuidar.org.br\\\/website\\\/wp-content\\\/uploads\\\/2022\\\/06\\\/lavender-field-with-tree-france.jpg\",\"contentUrl\":\"https:\\\/\\\/www.casadocuidar.org.br\\\/website\\\/wp-content\\\/uploads\\\/2022\\\/06\\\/lavender-field-with-tree-france.jpg\",\"width\":1600,\"height\":902},{\"@type\":\"BreadcrumbList\",\"@id\":\"https:\\\/\\\/www.casadocuidar.org.br\\\/cursos\\\/aprimoramento-em-comunicacao-aumentativa-e-alternativa-na-atuacao-em-cuidados-paliativos-2024\\\/#breadcrumb\",\"itemListElement\":[{\"@type\":\"ListItem\",\"position\":1,\"name\":\"In\u00edcio\",\"item\":\"https:\\\/\\\/www.casadocuidar.org.br\\\/en\\\/\"},{\"@type\":\"ListItem\",\"position\":2,\"name\":\"Aprimoramento em Comunica\u00e7\u00e3o Aumentativa e Alternativa na Atua\u00e7\u00e3o em Cuidados Paliativos\"}]},{\"@type\":\"WebSite\",\"@id\":\"https:\\\/\\\/www.casadocuidar.org.br\\\/#website\",\"url\":\"https:\\\/\\\/www.casadocuidar.org.br\\\/\",\"name\":\"Casa do Cuidar\",\"description\":\"Pr\u00e1tica e ensino em cuidados paliativos\",\"publisher\":{\"@id\":\"https:\\\/\\\/www.casadocuidar.org.br\\\/#organization\"},\"potentialAction\":[{\"@type\":\"SearchAction\",\"target\":{\"@type\":\"EntryPoint\",\"urlTemplate\":\"https:\\\/\\\/www.casadocuidar.org.br\\\/?s={search_term_string}\"},\"query-input\":{\"@type\":\"PropertyValueSpecification\",\"valueRequired\":true,\"valueName\":\"search_term_string\"}}],\"inLanguage\":\"en-US\"},{\"@type\":\"Organization\",\"@id\":\"https:\\\/\\\/www.casadocuidar.org.br\\\/#organization\",\"name\":\"Casa do Cuidar \u2013 Pr\u00e1tica e ensino em cuidados paliativos\",\"url\":\"https:\\\/\\\/www.casadocuidar.org.br\\\/\",\"logo\":{\"@type\":\"ImageObject\",\"inLanguage\":\"en-US\",\"@id\":\"https:\\\/\\\/www.casadocuidar.org.br\\\/#\\\/schema\\\/logo\\\/image\\\/\",\"url\":\"https:\\\/\\\/www.casadocuidar.org.br\\\/website\\\/wp-content\\\/uploads\\\/2018\\\/08\\\/casadocuidar-logoshare.png\",\"contentUrl\":\"https:\\\/\\\/www.casadocuidar.org.br\\\/website\\\/wp-content\\\/uploads\\\/2018\\\/08\\\/casadocuidar-logoshare.png\",\"width\":500,\"height\":500,\"caption\":\"Casa do Cuidar \u2013 Pr\u00e1tica e ensino em cuidados paliativos\"},\"image\":{\"@id\":\"https:\\\/\\\/www.casadocuidar.org.br\\\/#\\\/schema\\\/logo\\\/image\\\/\"}},{\"@type\":\"Person\",\"@id\":\"https:\\\/\\\/www.casadocuidar.org.br\\\/#\\\/schema\\\/person\\\/5d8486dbe13a88a6dd6b40aea91d2c5b\",\"name\":\"Casa do Cuidar\",\"image\":{\"@type\":\"ImageObject\",\"inLanguage\":\"en-US\",\"@id\":\"https:\\\/\\\/secure.gravatar.com\\\/avatar\\\/a541283949c7bab9ba4ffc45152502c19a06dfbcb0af94e6b46d94a21476ffae?s=96&d=mm&r=g\",\"url\":\"https:\\\/\\\/secure.gravatar.com\\\/avatar\\\/a541283949c7bab9ba4ffc45152502c19a06dfbcb0af94e6b46d94a21476ffae?s=96&d=mm&r=g\",\"contentUrl\":\"https:\\\/\\\/secure.gravatar.com\\\/avatar\\\/a541283949c7bab9ba4ffc45152502c19a06dfbcb0af94e6b46d94a21476ffae?s=96&d=mm&r=g\",\"caption\":\"Casa do Cuidar\"}}]}<\/script>\n<!-- \/ Yoast SEO plugin. -->","yoast_head_json":{"title":"Aprimoramento em Comunica\u00e7\u00e3o Aumentativa e Alternativa na Atua\u00e7\u00e3o em Cuidados Paliativos - Casa do Cuidar","robots":{"index":"index","follow":"follow","max-snippet":"max-snippet:-1","max-image-preview":"max-image-preview:large","max-video-preview":"max-video-preview:-1"},"canonical":"https:\/\/www.casadocuidar.org.br\/cursos\/aprimoramento-em-comunicacao-aumentativa-e-alternativa-na-atuacao-em-cuidados-paliativos-2024\/","og_locale":"en_US","og_type":"article","og_title":"Aprimoramento em Comunica\u00e7\u00e3o Aumentativa e Alternativa na Atua\u00e7\u00e3o em Cuidados Paliativos - Casa do Cuidar","og_description":"Curso online - Setembro e outubro de 2024","og_url":"https:\/\/www.casadocuidar.org.br\/cursos\/aprimoramento-em-comunicacao-aumentativa-e-alternativa-na-atuacao-em-cuidados-paliativos-2024\/","og_site_name":"Casa do Cuidar","article_published_time":"2022-06-20T13:00:12+00:00","article_modified_time":"2024-09-17T19:05:13+00:00","og_image":[{"width":1600,"height":902,"url":"https:\/\/www.casadocuidar.org.br\/website\/wp-content\/uploads\/2022\/06\/lavender-field-with-tree-france.jpg","type":"image\/jpeg"}],"author":"Casa do Cuidar","twitter_card":"summary_large_image","twitter_misc":{"Written by":"Casa do Cuidar","Est. reading time":"10 minutes"},"schema":{"@context":"https:\/\/schema.org","@graph":[{"@type":"Article","@id":"https:\/\/www.casadocuidar.org.br\/cursos\/aprimoramento-em-comunicacao-aumentativa-e-alternativa-na-atuacao-em-cuidados-paliativos-2024\/#article","isPartOf":{"@id":"https:\/\/www.casadocuidar.org.br\/cursos\/aprimoramento-em-comunicacao-aumentativa-e-alternativa-na-atuacao-em-cuidados-paliativos-2024\/"},"author":{"name":"Casa do Cuidar","@id":"https:\/\/www.casadocuidar.org.br\/#\/schema\/person\/5d8486dbe13a88a6dd6b40aea91d2c5b"},"headline":"Aprimoramento em Comunica\u00e7\u00e3o Aumentativa e Alternativa na Atua\u00e7\u00e3o em Cuidados Paliativos","datePublished":"2022-06-20T13:00:12+00:00","dateModified":"2024-09-17T19:05:13+00:00","mainEntityOfPage":{"@id":"https:\/\/www.casadocuidar.org.br\/cursos\/aprimoramento-em-comunicacao-aumentativa-e-alternativa-na-atuacao-em-cuidados-paliativos-2024\/"},"wordCount":2108,"publisher":{"@id":"https:\/\/www.casadocuidar.org.br\/#organization"},"image":{"@id":"https:\/\/www.casadocuidar.org.br\/cursos\/aprimoramento-em-comunicacao-aumentativa-e-alternativa-na-atuacao-em-cuidados-paliativos-2024\/#primaryimage"},"thumbnailUrl":"https:\/\/www.casadocuidar.org.br\/website\/wp-content\/uploads\/2022\/06\/lavender-field-with-tree-france.jpg","keywords":["Curso j\u00e1 realizado"],"articleSection":["Cursos"],"inLanguage":"en-US"},{"@type":"WebPage","@id":"https:\/\/www.casadocuidar.org.br\/cursos\/aprimoramento-em-comunicacao-aumentativa-e-alternativa-na-atuacao-em-cuidados-paliativos-2024\/","url":"https:\/\/www.casadocuidar.org.br\/cursos\/aprimoramento-em-comunicacao-aumentativa-e-alternativa-na-atuacao-em-cuidados-paliativos-2024\/","name":"Aprimoramento em Comunica\u00e7\u00e3o Aumentativa e Alternativa na Atua\u00e7\u00e3o em Cuidados Paliativos - Casa do Cuidar","isPartOf":{"@id":"https:\/\/www.casadocuidar.org.br\/#website"},"primaryImageOfPage":{"@id":"https:\/\/www.casadocuidar.org.br\/cursos\/aprimoramento-em-comunicacao-aumentativa-e-alternativa-na-atuacao-em-cuidados-paliativos-2024\/#primaryimage"},"image":{"@id":"https:\/\/www.casadocuidar.org.br\/cursos\/aprimoramento-em-comunicacao-aumentativa-e-alternativa-na-atuacao-em-cuidados-paliativos-2024\/#primaryimage"},"thumbnailUrl":"https:\/\/www.casadocuidar.org.br\/website\/wp-content\/uploads\/2022\/06\/lavender-field-with-tree-france.jpg","datePublished":"2022-06-20T13:00:12+00:00","dateModified":"2024-09-17T19:05:13+00:00","breadcrumb":{"@id":"https:\/\/www.casadocuidar.org.br\/cursos\/aprimoramento-em-comunicacao-aumentativa-e-alternativa-na-atuacao-em-cuidados-paliativos-2024\/#breadcrumb"},"inLanguage":"en-US","potentialAction":[{"@type":"ReadAction","target":["https:\/\/www.casadocuidar.org.br\/cursos\/aprimoramento-em-comunicacao-aumentativa-e-alternativa-na-atuacao-em-cuidados-paliativos-2024\/"]}]},{"@type":"ImageObject","inLanguage":"en-US","@id":"https:\/\/www.casadocuidar.org.br\/cursos\/aprimoramento-em-comunicacao-aumentativa-e-alternativa-na-atuacao-em-cuidados-paliativos-2024\/#primaryimage","url":"https:\/\/www.casadocuidar.org.br\/website\/wp-content\/uploads\/2022\/06\/lavender-field-with-tree-france.jpg","contentUrl":"https:\/\/www.casadocuidar.org.br\/website\/wp-content\/uploads\/2022\/06\/lavender-field-with-tree-france.jpg","width":1600,"height":902},{"@type":"BreadcrumbList","@id":"https:\/\/www.casadocuidar.org.br\/cursos\/aprimoramento-em-comunicacao-aumentativa-e-alternativa-na-atuacao-em-cuidados-paliativos-2024\/#breadcrumb","itemListElement":[{"@type":"ListItem","position":1,"name":"In\u00edcio","item":"https:\/\/www.casadocuidar.org.br\/en\/"},{"@type":"ListItem","position":2,"name":"Aprimoramento em Comunica\u00e7\u00e3o Aumentativa e Alternativa na Atua\u00e7\u00e3o em Cuidados Paliativos"}]},{"@type":"WebSite","@id":"https:\/\/www.casadocuidar.org.br\/#website","url":"https:\/\/www.casadocuidar.org.br\/","name":"Casa do Cuidar","description":"Pr\u00e1tica e ensino em cuidados paliativos","publisher":{"@id":"https:\/\/www.casadocuidar.org.br\/#organization"},"potentialAction":[{"@type":"SearchAction","target":{"@type":"EntryPoint","urlTemplate":"https:\/\/www.casadocuidar.org.br\/?s={search_term_string}"},"query-input":{"@type":"PropertyValueSpecification","valueRequired":true,"valueName":"search_term_string"}}],"inLanguage":"en-US"},{"@type":"Organization","@id":"https:\/\/www.casadocuidar.org.br\/#organization","name":"Casa do Cuidar \u2013 Pr\u00e1tica e ensino em cuidados paliativos","url":"https:\/\/www.casadocuidar.org.br\/","logo":{"@type":"ImageObject","inLanguage":"en-US","@id":"https:\/\/www.casadocuidar.org.br\/#\/schema\/logo\/image\/","url":"https:\/\/www.casadocuidar.org.br\/website\/wp-content\/uploads\/2018\/08\/casadocuidar-logoshare.png","contentUrl":"https:\/\/www.casadocuidar.org.br\/website\/wp-content\/uploads\/2018\/08\/casadocuidar-logoshare.png","width":500,"height":500,"caption":"Casa do Cuidar \u2013 Pr\u00e1tica e ensino em cuidados paliativos"},"image":{"@id":"https:\/\/www.casadocuidar.org.br\/#\/schema\/logo\/image\/"}},{"@type":"Person","@id":"https:\/\/www.casadocuidar.org.br\/#\/schema\/person\/5d8486dbe13a88a6dd6b40aea91d2c5b","name":"Casa do Cuidar","image":{"@type":"ImageObject","inLanguage":"en-US","@id":"https:\/\/secure.gravatar.com\/avatar\/a541283949c7bab9ba4ffc45152502c19a06dfbcb0af94e6b46d94a21476ffae?s=96&d=mm&r=g","url":"https:\/\/secure.gravatar.com\/avatar\/a541283949c7bab9ba4ffc45152502c19a06dfbcb0af94e6b46d94a21476ffae?s=96&d=mm&r=g","contentUrl":"https:\/\/secure.gravatar.com\/avatar\/a541283949c7bab9ba4ffc45152502c19a06dfbcb0af94e6b46d94a21476ffae?s=96&d=mm&r=g","caption":"Casa do Cuidar"}}]}},"_links":{"self":[{"href":"https:\/\/www.casadocuidar.org.br\/en\/wp-json\/wp\/v2\/posts\/10019","targetHints":{"allow":["GET"]}}],"collection":[{"href":"https:\/\/www.casadocuidar.org.br\/en\/wp-json\/wp\/v2\/posts"}],"about":[{"href":"https:\/\/www.casadocuidar.org.br\/en\/wp-json\/wp\/v2\/types\/post"}],"author":[{"embeddable":true,"href":"https:\/\/www.casadocuidar.org.br\/en\/wp-json\/wp\/v2\/users\/1"}],"replies":[{"embeddable":true,"href":"https:\/\/www.casadocuidar.org.br\/en\/wp-json\/wp\/v2\/comments?post=10019"}],"version-history":[{"count":4,"href":"https:\/\/www.casadocuidar.org.br\/en\/wp-json\/wp\/v2\/posts\/10019\/revisions"}],"predecessor-version":[{"id":19981,"href":"https:\/\/www.casadocuidar.org.br\/en\/wp-json\/wp\/v2\/posts\/10019\/revisions\/19981"}],"wp:featuredmedia":[{"embeddable":true,"href":"https:\/\/www.casadocuidar.org.br\/en\/wp-json\/wp\/v2\/media\/19692"}],"wp:attachment":[{"href":"https:\/\/www.casadocuidar.org.br\/en\/wp-json\/wp\/v2\/media?parent=10019"}],"wp:term":[{"taxonomy":"category","embeddable":true,"href":"https:\/\/www.casadocuidar.org.br\/en\/wp-json\/wp\/v2\/categories?post=10019"},{"taxonomy":"post_tag","embeddable":true,"href":"https:\/\/www.casadocuidar.org.br\/en\/wp-json\/wp\/v2\/tags?post=10019"}],"curies":[{"name":"wp","href":"https:\/\/api.w.org\/{rel}","templated":true}]}}